{"id":239633,"date":"2025-07-10T08:48:09","date_gmt":"2025-07-10T08:48:09","guid":{"rendered":"https:\/\/www.europesays.com\/fr\/239633\/"},"modified":"2025-07-10T08:48:09","modified_gmt":"2025-07-10T08:48:09","slug":"un-sommet-sur-limmigration-et-la-guerre-en-ukraine-prevu-entre-emmanuel-macron-et-keir-starmer-ce-jeudi","status":"publish","type":"post","link":"https:\/\/www.europesays.com\/fr\/239633\/","title":{"rendered":"un sommet sur l\u2019immigration et la guerre en Ukraine pr\u00e9vu entre Emmanuel Macron et Keir Starmer ce jeudi"},"content":{"rendered":"<p>Le pr\u00e9sident de la R\u00e9publique Emmanuel Macron et le premier ministre Keir Starmer s\u2019entretiendront aujourd\u2019hui \u00e0 Londres pour affirmer leur coop\u00e9ration pour limiter l\u2019immigration et confirmer leur aide \u00e0 l\u2019Ukraine.<\/p>\n<p class=\"fig-paragraph\">Ce jeudi 10 juillet marque le troisi\u00e8me et dernier jour de la\u00a0<a href=\"http:\/\/www.lefigaro.fr\/international\/emmanuel-et-brigitte-macron-en-visite-d-etat-du-8-au-10-juillet-au-royaume-uni-indique-l-elysee-20250513\" target=\"_blank\" data-fig-type=\"NewsFlash\" rel=\"noopener\" data-gtm-custom-categorie=\"navigation\" data-gtm-custom-action=\"crossclick\" data-gtm-custom-label=\"Contextuel\" data-gtm-event=\"customEventSPE\" data-fig-domain=\"LEFIGARO\">visite d\u2019\u00c9tat<\/a>\u00a0au Royaume-Uni du pr\u00e9sident de la R\u00e9publique,\u00a0<a href=\"http:\/\/www.lefigaro.fr\/international\/visite-d-etat-au-royaume-uni-emmanuel-macron-accueilli-en-grande-pompe-par-la-famille-royale-20250708\" target=\"_blank\" data-fig-type=\"NewsFlash\" rel=\"noopener\" data-gtm-custom-categorie=\"navigation\" data-gtm-custom-action=\"crossclick\" data-gtm-custom-label=\"Contextuel\" data-gtm-event=\"customEventSPE\" data-fig-domain=\"LEFIGARO\">Emmanuel Macron<\/a>. Il s\u2019entretiendra aujourd\u2019hui avec le premier ministre britannique, Keir Starmer, lors d\u2019un sommet relatif \u00e0 l\u2019immigration. Les deux dirigeants copr\u00e9sideront ensuite un sommet pour la d\u00e9fense de l\u2019Ukraine.<\/p>\n<p class=\"fig-paragraph\">Alors qu\u2019Emmanuel Macron avait appel\u00e9 \u00e0 une \u00abplus grande coop\u00e9ration\u00bb entre la France et le Royaume-Uni, afin d\u2019obtenir des \u00abr\u00e9sultats tangibles\u00bb en mati\u00e8re d\u2019<a href=\"http:\/\/www.lefigaro.fr\/international\/comment-la-france-et-le-royaume-uni-essaient-de-reguler-l-immigration-clandestine-dans-la-manche-20250707\" data-fig-type=\"Article\" data-gtm-custom-categorie=\"navigation\" data-gtm-custom-action=\"crossclick\" data-gtm-custom-label=\"Contextuel\" data-gtm-event=\"customEventSPE\" data-fig-domain=\"LEFIGARO\" target=\"_blank\" rel=\"noopener\">immigration<\/a>, Keir Starmer esp\u00e8re parvenir \u00e0 un accord sur le retour des migrants. Ce plan, dit \u00abone in, one out\u00bb (\u00abun accept\u00e9, un exclu\u00bb, NDLR), verrait la Grande-Bretagne expulser vers la France les personnes arrivant par petits bateaux en \u00e9change de l\u2019accueil d\u2019un nombre \u00e9gal de demandeurs d\u2019asile l\u00e9gitimes.<\/p>\n<p class=\"fig-body-link\">\n            \u00c0 lire aussi<br \/>\n        <a class=\"fig-body-link__link fig-premium-mark\" href=\"http:\/\/www.lefigaro.fr\/international\/asie-norvege-grande-bretagne-pourquoi-emmanuel-macron-multiplie-les-voyages-diplomatiques-20250709\" data-fig-type=\"Article\" data-gtm-custom-categorie=\"navigation\" data-gtm-custom-action=\"crossclick\" data-gtm-custom-label=\"Contextuel\" data-gtm-event=\"customEventSPE\" data-fig-domain=\"LEFIGARO\" target=\"_blank\" rel=\"noopener\">Asie, Norv\u00e8ge, Grande-Bretagne&#8230; Pourquoi Emmanuel Macron multiplie les voyages diplomatiques<br \/>\n    <\/a>\n<\/p>\n<p>                                    <a class=\"fig-a11y-skip a11y-hidden\" href=\"#fig-a11y-skip-main-inarticle\"><br \/>\n        Passer la publicit\u00e9<br \/>\n    <\/a><\/p>\n<p>Une nouvelle strat\u00e9gie pour limiter l\u2019immigration clandestine<\/p>\n<p class=\"fig-paragraph\">Downing Street a d\u00e9clar\u00e9 que les deux dirigeants avaient convenu, lors d\u2019une r\u00e9union bilat\u00e9rale mercredi, qu\u2019ils avaient besoin de\u00a0<a href=\"http:\/\/www.lefigaro.fr\/international\/une-nouvelle-operation-visant-a-percer-des-bateaux-de-migrants-menee-par-des-policiers-francais-20250704\" target=\"_blank\" data-fig-type=\"NewsFlash\" rel=\"noopener\" data-gtm-custom-categorie=\"navigation\" data-gtm-custom-action=\"crossclick\" data-gtm-custom-label=\"Contextuel\" data-gtm-event=\"customEventSPE\" data-fig-domain=\"LEFIGARO\">nouvelles solutions innovantes<\/a>, Keir Starmer soulignant que la Grande-Bretagne arr\u00eatait de plus en plus de migrants sans papiers. De son c\u00f4t\u00e9, Emmanuel Macron a \u00e9voqu\u00e9 la n\u00e9cessit\u00e9 pour le Royaume-Uni de \u00abs\u2019attaquer aux facteurs d\u2019attraction migratoire\u00bb.<\/p>\n<p class=\"fig-paragraph\">Keir Starmer, dont la\u00a0<a href=\"http:\/\/www.lefigaro.fr\/international\/royaume-uni-la-popularite-du-premier-ministre-keir-starmer-s-erode-apres-les-emeutes-anti-immigration-20240812\" target=\"_blank\" data-fig-type=\"NewsFlash\" rel=\"noopener\" data-gtm-custom-categorie=\"navigation\" data-gtm-custom-action=\"crossclick\" data-gtm-custom-label=\"Contextuel\" data-gtm-event=\"customEventSPE\" data-fig-domain=\"LEFIGARO\">popularit\u00e9<\/a>\u00a0s\u2019est effondr\u00e9e depuis sa victoire \u00e9crasante aux \u00e9lections de l\u2019ann\u00e9e derni\u00e8re, a besoin d\u2019une victoire sur la r\u00e9duction des niveaux \u00e9lev\u00e9s d\u2019immigration, afin de freiner la mont\u00e9e du parti populiste britannique Reform UK, dirig\u00e9 par Nigel Farage.<\/p>\n<p>Un sommet pour la d\u00e9fense de l\u2019Ukraine<\/p>\n<p class=\"fig-paragraph\">Apr\u00e8s l\u2019immigration, l\u2019autre sujet de discussion du jour entre Emmanuel Macron et Keir Starmer sera l\u2019<a href=\"http:\/\/www.lefigaro.fr\/international\/guerre-en-ukraine-une-reunion-des-pays-volontaires-dont-la-france-organisee-au-royaume-uni-20250704\" target=\"_blank\" data-fig-type=\"NewsFlash\" rel=\"noopener\" data-gtm-custom-categorie=\"navigation\" data-gtm-custom-action=\"crossclick\" data-gtm-custom-label=\"Contextuel\" data-gtm-event=\"customEventSPE\" data-fig-domain=\"LEFIGARO\">Ukraine<\/a>. Les deux dirigeants copr\u00e9sideront ce jeudi apr\u00e8s-midi un sommet avec le pr\u00e9sident ukrainien, Volodymyr Zelensky et plusieurs ministres europ\u00e9ens, dont la premi\u00e8re ministre italienne Giorgia Meloni et le premier ministre allemand, Friedrich Merz.<\/p>\n<p class=\"fig-paragraph\">Emmanuel Macron et Keir Starmer discuteront d\u2019un accord portant sur la commande de missiles suppl\u00e9mentaires, actuellement utilis\u00e9s en Ukraine. Ils parleront aussi de la coop\u00e9ration nucl\u00e9aire, ce qui permettra pour la premi\u00e8re fois de coordonner les moyens de dissuasion respectifs des deux pays.<\/p>\n<p class=\"fig-paragraph\">Les accords approfondissent la\u00a0<a href=\"http:\/\/www.lefigaro.fr\/international\/guerre-en-ukraine-brexit-gaza-immigration-les-annonces-de-macron-lors-de-sa-visite-d-etat-au-royaume-uni-20250708\" target=\"_blank\" data-fig-type=\"NewsFlash\" rel=\"noopener\" data-gtm-custom-categorie=\"navigation\" data-gtm-custom-action=\"crossclick\" data-gtm-custom-label=\"Contextuel\" data-gtm-event=\"customEventSPE\" data-fig-domain=\"LEFIGARO\">collaboration<\/a>\u00a0entre la Grande-Bretagne et la France sur l\u2019Ukraine. Dans un communiqu\u00e9, Keir Starmer a affirm\u00e9 qu\u2019\u00aben tant que partenaires proches et alli\u00e9s de l\u2019OTAN, le Royaume-Uni et la France ont une longue histoire de collaboration en mati\u00e8re de d\u00e9fense et les accords conclus aujourd\u2019hui portent notre partenariat \u00e0 un niveau sup\u00e9rieur\u00bb.<\/p>\n","protected":false},"excerpt":{"rendered":"Le pr\u00e9sident de la R\u00e9publique Emmanuel Macron et le premier ministre Keir Starmer s\u2019entretiendront aujourd\u2019hui \u00e0 Londres pour&hellip;\n","protected":false},"author":2,"featured_media":239634,"comment_status":"","ping_status":"","sticky":false,"template":"","format":"standard","meta":{"footnotes":""},"categories":[1590],"tags":[11,1073,1777,674,131,1061,2581,12,473,220],"class_list":{"0":"post-239633","1":"post","2":"type-post","3":"status-publish","4":"format-standard","5":"has-post-thumbnail","7":"category-ukraine","8":"tag-actualites","9":"tag-emmanuel-macron","10":"tag-eu","11":"tag-europe","12":"tag-guerre-en-ukraine","13":"tag-immigration","14":"tag-keir-starmer","15":"tag-news","16":"tag-royaume-uni","17":"tag-ukraine"},"share_on_mastodon":{"url":"https:\/\/pubeurope.com\/@fr\/114828077093635191","error":""},"_links":{"self":[{"href":"https:\/\/www.europesays.com\/fr\/wp-json\/wp\/v2\/posts\/239633","targetHints":{"allow":["GET"]}}],"collection":[{"href":"https:\/\/www.europesays.com\/fr\/wp-json\/wp\/v2\/posts"}],"about":[{"href":"https:\/\/www.europesays.com\/fr\/wp-json\/wp\/v2\/types\/post"}],"author":[{"embeddable":true,"href":"https:\/\/www.europesays.com\/fr\/wp-json\/wp\/v2\/users\/2"}],"replies":[{"embeddable":true,"href":"https:\/\/www.europesays.com\/fr\/wp-json\/wp\/v2\/comments?post=239633"}],"version-history":[{"count":0,"href":"https:\/\/www.europesays.com\/fr\/wp-json\/wp\/v2\/posts\/239633\/revisions"}],"wp:featuredmedia":[{"embeddable":true,"href":"https:\/\/www.europesays.com\/fr\/wp-json\/wp\/v2\/media\/239634"}],"wp:attachment":[{"href":"https:\/\/www.europesays.com\/fr\/wp-json\/wp\/v2\/media?parent=239633"}],"wp:term":[{"taxonomy":"category","embeddable":true,"href":"https:\/\/www.europesays.com\/fr\/wp-json\/wp\/v2\/categories?post=239633"},{"taxonomy":"post_tag","embeddable":true,"href":"https:\/\/www.europesays.com\/fr\/wp-json\/wp\/v2\/tags?post=239633"}],"curies":[{"name":"wp","href":"https:\/\/api.w.org\/{rel}","templated":true}]}}