{"id":239635,"date":"2025-07-10T08:49:09","date_gmt":"2025-07-10T08:49:09","guid":{"rendered":"https:\/\/www.europesays.com\/fr\/239635\/"},"modified":"2025-07-10T08:49:09","modified_gmt":"2025-07-10T08:49:09","slug":"les-etats-unis-imposent-des-sanctions-a-la-rapporteuse-speciale-des-nations-unies-pour-la-palestine","status":"publish","type":"post","link":"https:\/\/www.europesays.com\/fr\/239635\/","title":{"rendered":"Les \u00c9tats-Unis imposent des sanctions \u00e0 la rapporteuse sp\u00e9ciale des Nations unies pour la Palestine"},"content":{"rendered":"<p>\n         Publi\u00e9 le<br \/>\n            10\/07\/2025 &#8211; 10:43 UTC+2<\/p>\n<p><img decoding=\"async\" class=\"c-ad__placeholder__logo\" src=\"https:\/\/static.euronews.com\/website\/images\/logos\/logo-euronews-grey-6-180x22.svg\" width=\"180\" height=\"22\" alt=\"\" loading=\"lazy\"\/>PUBLICIT\u00c9<\/p>\n<p>Les <strong>\u00c9tats-Unis ont impos\u00e9 des sanctions \u00e0 Francesca Albanese<\/strong>, rapporteuse sp\u00e9ciale des Nations unies sur la situation des droits de l&rsquo;Homme dans les territoires palestiniens occup\u00e9s depuis 1967, a annonc\u00e9 mercredi le secr\u00e9taire d&rsquo;\u00c9tat am\u00e9ricain Marco Rubio.<\/p>\n<p>Sa\u00a0\u00bbcampagne de guerre politique et \u00e9conomique contre les \u00c9tats-Unis et Isra\u00ebl ne sera plus tol\u00e9r\u00e9e\u00a0\u00bb, a d\u00e9clar\u00e9 le secr\u00e9taire d&rsquo;\u00c9tat am\u00e9ricain, citant les \u00ab\u00a0efforts ill\u00e9gitimes et honteux d&rsquo;Albanese pour faire pression sur la Cour p\u00e9nale internationale afin qu&rsquo;elle prenne des mesures contre des fonctionnaires, des entreprises et des dirigeants am\u00e9ricains et isra\u00e9liens\u00a0\u00bb.<\/p>\n<p>\u00ab\u00a0Ni les \u00c9tats-Unis ni Isra\u00ebl ne sont parties au Statut de Rome\u00a0\u00bb, a affirm\u00e9 Marco Rubio, \u00ab\u00a0ce qui fait de son action une violation flagrante de la souverainet\u00e9 des deux pays\u00a0\u00bb.<\/p>\n<p>Francesca Albanese occupe ce poste depuis 2022. En avril dernier, son mandat a \u00e9t\u00e9 renouvel\u00e9 pour trois ans. Dans son r\u00f4le, la rapporteuse, qui est une juriste de formation ayant une longue carri\u00e8re dans le domaine du droit international et humanitaire, a <strong>vivement critiqu\u00e9 les actions d&rsquo;Isra\u00ebl et des \u00c9tats-Unis<\/strong> depuis les premiers mois de la guerre \u00e0 Gaza, la qualifiant de g\u00e9nocide des Palestiniens sur la base du droit international.<\/p>\n<p>Un rapport sur les \u00ab\u00a0profiteurs\u00a0\u00bb d&rsquo;un \u00ab\u00a0syst\u00e8me d&rsquo;apartheid\u00a0\u00bb<\/p>\n<p>Au d\u00e9but du mois, elle a publi\u00e9 son dernier rapport sur la situation des droits de l&rsquo;homme dans les territoires palestiniens, mettant en cause un certain nombre d&rsquo;entreprises <a href=\"https:\/\/fr.euronews.com\/my-europe\/2024\/04\/10\/lue-doit-suspendre-ses-liens-avec-israel-pour-empecher-les-crimes-de-genocide-a-gaza-decla\" rel=\"nofollow noopener\" target=\"_blank\"><strong>europ\u00e9ennes<\/strong><\/a> et internationales accus\u00e9es de collaborer avec Isra\u00ebl dans l&rsquo;occupation et \u00ab\u00a0dans le syst\u00e8me d&rsquo;apartheid\u00a0\u00bb impos\u00e9 aux <a href=\"https:\/\/www.ohchr.org\/sites\/default\/files\/documents\/hrbodies\/hrcouncil\/sessions-regular\/session59\/advance-version\/a-hrc-59-23-aev.pdf\" target=\"_blank\" rel=\"noreferrer nofollow noopener\"><strong>Palestiniens<\/strong><\/a> (rapport en anglais), ce qui revient \u00e0 \u00ab\u00a0faire des profits\u00a0\u00bb sur la peau des Palestiniens.<\/p>\n<p>\u00ab\u00a0Albanese a foment\u00e9 l&rsquo;antis\u00e9mitisme, exprim\u00e9 son soutien au terrorisme et son m\u00e9pris pour les \u00c9tats-Unis et Isra\u00ebl\u00a0\u00bb et ce parti pris, a ajout\u00e9 le secr\u00e9taire d&rsquo;\u00c9tat am\u00e9ricain, s&rsquo;est manifest\u00e9 tout au long de \u00ab\u00a0sa carri\u00e8re\u00a0\u00bb, y compris lorsqu&rsquo;elle a \u00ab\u00a0recommand\u00e9 \u00e0 la Cour p\u00e9nale internationale d&rsquo;\u00e9mettre des mandats d&rsquo;arr\u00eat contre le Premier ministre isra\u00e9lien Benyamin N\u00e9tanyahu et l&rsquo;ancien ministre de la D\u00e9fense Yoav Gallant\u00a0\u00bb.<\/p>\n<p>La juriste italienne a travaill\u00e9 pendant quelques ann\u00e9es \u00e0 J\u00e9rusalem dans le bureau juridique de l&rsquo;UNRWA, l&rsquo;<a href=\"https:\/\/fr.euronews.com\/tag\/haut-commissariat-de-l-onu-pour-les-refugies\" rel=\"nofollow noopener\" target=\"_blank\"><strong>agence de l&rsquo;ONU pour les Palestiniens<\/strong><\/a>, proscrite par Isra\u00ebl et dans le collimateur de plusieurs \u00c9tats, dont les \u00c9tats-Unis, qui ont fini par couper les vivres, ce qui a eu pour cons\u00e9quence d&rsquo;aggraver indirectement l&rsquo;aide humanitaire dans la bande de Gaza elle-m\u00eame.<\/p>\n<p>Ces derni\u00e8res semaines, les \u00c9tats-Unis ont exig\u00e9 la d\u00e9mission de Francesca Albanese dans une lettre adress\u00e9e \u00e0 l&rsquo;ONU, l&rsquo;accusant de <strong>recevoir des fonds de groupes<\/strong> li\u00e9s au Hamas.<\/p>\n<p>Ce n&rsquo;est <strong>pas la premi\u00e8re fois<\/strong> que les \u00c9tats-Unis sanctionnent des fonctionnaires internationaux qui ne s&rsquo;alignent pas sur la politique de la Maison Blanche. Le m\u00eame sort a \u00e9t\u00e9 r\u00e9serv\u00e9 au procureur g\u00e9n\u00e9ral le mois dernier et \u00e0 <a href=\"https:\/\/fr.euronews.com\/my-europe\/2025\/06\/06\/lue-deplore-les-sanctions-americaines-contre-des-juges-de-la-cpi\" rel=\"nofollow noopener\" target=\"_blank\"><strong>certains juges de la Cour p\u00e9nale internationale.<\/strong><\/a><\/p>\n<p>La rapporteuse sp\u00e9ciale de l&rsquo;ONU pour les territoires palestiniens occup\u00e9s n&rsquo;a pas encore r\u00e9agi officiellement \u00e0 la d\u00e9cision am\u00e9ricaine.<\/p>\n<p>Elle a toutefois re\u00e7u la solidarit\u00e9 de plusieurs personnalit\u00e9s, dont l&rsquo;eurod\u00e9put\u00e9 slov\u00e8ne social-d\u00e9mocrate Matja Nemec, qui a l&rsquo;intention de <strong>la proposer pour le prix Nobel de la paix<\/strong>, l&rsquo;ancien ministre grec des Finances Yanis Varoufakis, l&rsquo;un des fondateurs du mouvement Diem25, et des hommes politiques italiens, dont l&rsquo;eurod\u00e9put\u00e9e du parti d\u00e9mocrate et pr\u00e9sidente de la commission permanente de la Chambre des repr\u00e9sentants sur les droits de l&rsquo;Homme dans le monde, Laura Boldrini.<\/p>\n","protected":false},"excerpt":{"rendered":"Publi\u00e9 le 10\/07\/2025 &#8211; 10:43 UTC+2 PUBLICIT\u00c9 Les \u00c9tats-Unis ont impos\u00e9 des sanctions \u00e0 Francesca Albanese, rapporteuse sp\u00e9ciale&hellip;\n","protected":false},"author":2,"featured_media":239636,"comment_status":"","ping_status":"","sticky":false,"template":"","format":"standard","meta":{"footnotes":""},"categories":[1589],"tags":[11,4628,73,1866,664,12,3521,3518,1864,1865,1863,308],"class_list":{"0":"post-239635","1":"post","2":"type-post","3":"status-publish","4":"format-standard","5":"has-post-thumbnail","7":"category-etats-unis","8":"tag-actualites","9":"tag-bande-de-gaza","10":"tag-etats-unis","11":"tag-etats-unis-damerique","12":"tag-israel","13":"tag-news","14":"tag-onu","15":"tag-palestine","16":"tag-united-states","17":"tag-united-states-of-america","18":"tag-us","19":"tag-usa"},"share_on_mastodon":{"url":"https:\/\/pubeurope.com\/@fr\/114828080814614451","error":""},"_links":{"self":[{"href":"https:\/\/www.europesays.com\/fr\/wp-json\/wp\/v2\/posts\/239635","targetHints":{"allow":["GET"]}}],"collection":[{"href":"https:\/\/www.europesays.com\/fr\/wp-json\/wp\/v2\/posts"}],"about":[{"href":"https:\/\/www.europesays.com\/fr\/wp-json\/wp\/v2\/types\/post"}],"author":[{"embeddable":true,"href":"https:\/\/www.europesays.com\/fr\/wp-json\/wp\/v2\/users\/2"}],"replies":[{"embeddable":true,"href":"https:\/\/www.europesays.com\/fr\/wp-json\/wp\/v2\/comments?post=239635"}],"version-history":[{"count":0,"href":"https:\/\/www.europesays.com\/fr\/wp-json\/wp\/v2\/posts\/239635\/revisions"}],"wp:featuredmedia":[{"embeddable":true,"href":"https:\/\/www.europesays.com\/fr\/wp-json\/wp\/v2\/media\/239636"}],"wp:attachment":[{"href":"https:\/\/www.europesays.com\/fr\/wp-json\/wp\/v2\/media?parent=239635"}],"wp:term":[{"taxonomy":"category","embeddable":true,"href":"https:\/\/www.europesays.com\/fr\/wp-json\/wp\/v2\/categories?post=239635"},{"taxonomy":"post_tag","embeddable":true,"href":"https:\/\/www.europesays.com\/fr\/wp-json\/wp\/v2\/tags?post=239635"}],"curies":[{"name":"wp","href":"https:\/\/api.w.org\/{rel}","templated":true}]}}