{"id":239637,"date":"2025-07-10T08:50:13","date_gmt":"2025-07-10T08:50:13","guid":{"rendered":"https:\/\/www.europesays.com\/fr\/239637\/"},"modified":"2025-07-10T08:50:13","modified_gmt":"2025-07-10T08:50:13","slug":"macron-annonce-le-soutien-du-royaume-uni-a-eutelsat-10-07-2025-a-0955","status":"publish","type":"post","link":"https:\/\/www.europesays.com\/fr\/239637\/","title":{"rendered":"Macron annonce le soutien du Royaume-Uni \u00e0 Eutelsat &#8211; 10\/07\/2025 \u00e0 09:55"},"content":{"rendered":"<p>\n Le pr\u00e9sident Emmanuel<br \/>\nMacron a annonc\u00e9 jeudi l&rsquo;engagement du Royaume-Uni aupr\u00e8s du<br \/>\nchampion fran\u00e7ais des satellites Eutelsat<br \/>\n <a href=\"https:\/\/www.boursorama.com\/cours\/1rPETL\/\" rel=\"nofollow noopener\" target=\"_blank\"><br \/>\n  ETL.PA<br \/>\n <\/a><br \/>\n , rival<br \/>\neurop\u00e9en du g\u00e9ant am\u00e9ricain Starlink.\n<\/p>\n<p>\n \u00ab\u00a0Merci \u00e0 nos amis britanniques de s&rsquo;engager pleinement avec<br \/>\nnous dans la suite de l&rsquo;aventure Eutelsat\u00a0\u00bb, a d\u00e9clar\u00e9 le<br \/>\npr\u00e9sident fran\u00e7ais sur X jeudi matin.\n<\/p>\n<p>\n Plus t\u00f4t dans la matin\u00e9e, Les Echos avait annonc\u00e9 que le<br \/>\ngouvernement britannique investira 163 millions d&rsquo;euros, ce qui<br \/>\ndevrait \u00ab\u00a0permettre \u00e0 Londres de ne pas se faire diluer \u00e0 la<br \/>\nsuite du plan de recapitalisation massif\u00a0\u00bb annonc\u00e9 en juin,<br \/>\nd&rsquo;apr\u00e8s le quotidien.\n<\/p>\n<p>\n En juin, le minist\u00e8re des Finances avait d\u00e9clar\u00e9 que l&rsquo;Etat<br \/>\nsouscrira \u00e0 plus de la moiti\u00e9 d&rsquo;une augmentation de capital de<br \/>\n1,35 milliards d&rsquo;euros, devenant le premier actionnaire du<br \/>\ngroupe.\n<\/p>\n<p>\n Eutelsat constitue un actif strat\u00e9gique pour la France, qui<br \/>\njuge crucial de soutenir le groupe pour garantir la souverainet\u00e9<br \/>\nnum\u00e9rique fran\u00e7aise et europ\u00e9enne.\n<\/p>\n<p>\n (R\u00e9dig\u00e9 par Florence Lo\u00e8ve, \u00e9dit\u00e9 par Augustin Turpin)<\/p>\n","protected":false},"excerpt":{"rendered":"Le pr\u00e9sident Emmanuel Macron a annonc\u00e9 jeudi l&rsquo;engagement du Royaume-Uni aupr\u00e8s du champion fran\u00e7ais des satellites Eutelsat ETL.PA&hellip;\n","protected":false},"author":2,"featured_media":2554,"comment_status":"","ping_status":"","sticky":false,"template":"","format":"standard","meta":{"footnotes":""},"categories":[1588],"tags":[400,11,398,408,405,1777,674,403,402,399,404,12,473,1853,401,406,1851,1850,1852,407],"class_list":{"0":"post-239637","1":"post","2":"type-post","3":"status-publish","4":"format-standard","5":"has-post-thumbnail","7":"category-royaume-uni","8":"tag-action-cac-40","9":"tag-actualites","10":"tag-bourse-de-paris","11":"tag-boursorama","12":"tag-cotations","13":"tag-eu","14":"tag-europe","15":"tag-indices-devises","16":"tag-investir","17":"tag-investissement","18":"tag-marche-boursier","19":"tag-news","20":"tag-royaume-uni","21":"tag-royaume-uni-de-grande-bretagne-et-dirlande-du-nord","22":"tag-sicav","23":"tag-trackers","24":"tag-uk","25":"tag-united-kingdom","26":"tag-united-kingdom-of-great-britain-and-northern-ireland","27":"tag-warrants"},"share_on_mastodon":{"url":"https:\/\/pubeurope.com\/@fr\/114828084779557274","error":""},"_links":{"self":[{"href":"https:\/\/www.europesays.com\/fr\/wp-json\/wp\/v2\/posts\/239637","targetHints":{"allow":["GET"]}}],"collection":[{"href":"https:\/\/www.europesays.com\/fr\/wp-json\/wp\/v2\/posts"}],"about":[{"href":"https:\/\/www.europesays.com\/fr\/wp-json\/wp\/v2\/types\/post"}],"author":[{"embeddable":true,"href":"https:\/\/www.europesays.com\/fr\/wp-json\/wp\/v2\/users\/2"}],"replies":[{"embeddable":true,"href":"https:\/\/www.europesays.com\/fr\/wp-json\/wp\/v2\/comments?post=239637"}],"version-history":[{"count":0,"href":"https:\/\/www.europesays.com\/fr\/wp-json\/wp\/v2\/posts\/239637\/revisions"}],"wp:featuredmedia":[{"embeddable":true,"href":"https:\/\/www.europesays.com\/fr\/wp-json\/wp\/v2\/media\/2554"}],"wp:attachment":[{"href":"https:\/\/www.europesays.com\/fr\/wp-json\/wp\/v2\/media?parent=239637"}],"wp:term":[{"taxonomy":"category","embeddable":true,"href":"https:\/\/www.europesays.com\/fr\/wp-json\/wp\/v2\/categories?post=239637"},{"taxonomy":"post_tag","embeddable":true,"href":"https:\/\/www.europesays.com\/fr\/wp-json\/wp\/v2\/tags?post=239637"}],"curies":[{"name":"wp","href":"https:\/\/api.w.org\/{rel}","templated":true}]}}