{"id":239638,"date":"2025-07-10T08:51:10","date_gmt":"2025-07-10T08:51:10","guid":{"rendered":"https:\/\/www.europesays.com\/fr\/239638\/"},"modified":"2025-07-10T08:51:10","modified_gmt":"2025-07-10T08:51:10","slug":"les-pilotes-turcs-sur-les-pistes-en-angleterre-et-en-allemagne","status":"publish","type":"post","link":"https:\/\/www.europesays.com\/fr\/239638\/","title":{"rendered":"les pilotes turcs sur les pistes en Angleterre et en Allemagne"},"content":{"rendered":"<p style=\"text-align:justify;\">AA\/Ankara<\/p>\n<p style=\"text-align:justify;\">Les championnats du monde de Superbike (WSBK), Supersport (WSSP) disputeront leur septi\u00e8me manche en Angleterre, tandis que la onzi\u00e8me manche de Moto2 aura lieu en Allemagne. <\/p>\n<p style=\"text-align:justify;\">Les pilotes turcs Toprak Razgatl\u0131oglu, Bahattin Sofuoglu, Can Oncu et Deniz Oncu, d\u00e9fendront les couleurs de la Turkiye lors des manches en Angleterre et en Allemagne.<\/p>\n<p style=\"text-align:justify;\">Les pilotes turcs Toprak Razgatl\u0131oglu et Bahattin Sofuoglu participeront \u00e0 la septi\u00e8me manche du Championnat du monde de Superbike sur le circuit embl\u00e9matique de Donington Park.<\/p>\n<p style=\"text-align:justify;\">Sous la coordination du capitaine des \u00e9quipes nationales de la F\u00e9d\u00e9ration turque de motocyclisme, Kenan Sofuoglu, Toprak Razgatl\u0131oglu, double champion du monde (2021 et 2024), a finalis\u00e9 ses pr\u00e9paratifs et repr\u00e9sentera l\u2019\u00e9quipe ROKiT BMW Motorrad. Ce dernier visera une nouvelle victoire apr\u00e8s avoir domin\u00e9 cette piste en 2024. <\/p>\n<p style=\"text-align:justify;\">Il participera aux essais libres demain, puis disputera la premi\u00e8re course le samedi 12 juillet \u00e0 17h00. Le dimanche 13 juillet, il s\u2019\u00e9lancera \u00e0 13h00 pour la superpole, suivie de la deuxi\u00e8me course principale \u00e0 16h00, o\u00f9 il visera la plus haute marche du podium. <\/p>\n<p style=\"text-align:justify;\">Bahattin Sofuoglu, repr\u00e9sentant Yamaha Motoxracing, sera \u00e9galement en piste pour repr\u00e9senter la T\u00fcrkiye dans ce championnat.<\/p>\n<p style=\"text-align:justify;\">Dans le Championnat du monde de Supersport, \u00e9galement \u00e0 Donington Park en Angleterre, Can Oncu participera aux essais libres et \u00e0 la superpole le vendredi, avant de s\u2019\u00e9lancer pour la premi\u00e8re course le samedi 12 juillet \u00e0 15h35 et la deuxi\u00e8me course principale le dimanche 13 juillet \u00e0 17h15. Le WSSP, avec des motos de 400 \u00e0 750 cm\u00b3, promet des courses serr\u00e9es, et Can Oncu cherchera \u00e0 briller sur cette piste exigeante. <\/p>\n<p style=\"text-align:justify;\">En parall\u00e8le, la onzi\u00e8me manche du Championnat du monde de Moto2 se tiendra sur le circuit de Sachsenring en Allemagne. Le jeune pilote Deniz Oncu, quant \u00e0 lui, tentera de d\u00e9crocher une place sur le podium sur un circuit o\u00f9 il a remport\u00e9 sa premi\u00e8re victoire en Moto3.<\/p>\n<p style=\"text-align:justify;\">Il visera le meilleur temps lors des qualifications le samedi 12 juillet. La course principale de 25 tours, dans laquelle Deniz Oncu sera engag\u00e9, d\u00e9butera le dimanche 13 juillet \u00e0 13h15.<\/p>\n<p style=\"text-align:justify;\">Le WSBK 2025 promet une comp\u00e9tition acharn\u00e9e, avec Toprak Razgatl\u0131oglu (BMW) et Nicol\u00f2 Bulega (Ducati) en t\u00eate d\u2019affiche. Donington Park, qui accueille l\u2019unique manche britannique du calendrier, est r\u00e9put\u00e9 pour ses virages rapides et ses c\u00e9l\u00e8bres Craner Curves, offrant un spectacle garanti pour les spectateurs. <\/p>\n<p style=\"text-align:justify;\">Le WSSP et la Women\u2019s World Championship compl\u00e9teront le programme, avec des activit\u00e9s comme le Paddock Show et des stands de merchandising<\/p>\n<p style=\"text-align:justify;\">En Moto2, Deniz Oncu cherchera \u00e0 capitaliser sur son exp\u00e9rience \u00e0 Sachsenring pour se rapprocher des leaders du championnat. Cette manche co\u00efncide avec le Grand Prix d\u2019Allemagne, renfor\u00e7ant l\u2019importance de ce week-end dans le calendrier mondial du motocyclisme.<\/p>\n<p>                            &#13;<br \/>\n                                <a href=\"https:\/\/www.aa.com.tr\/fr\/p\/abonnement\/1001\" target=\"_blank\" style=\"font-size:12px; color:#444; text-decoration:none;\" rel=\"noopener\">&#13;<br \/>\n                                    Seulement une partie des d\u00e9p\u00eaches, que l&rsquo;Agence Anadolu diffuse \u00e0 ses abonn\u00e9s via le Syst\u00e8me de Diffusion interne (HAS), est diffus\u00e9e sur le site de l&rsquo;AA, de mani\u00e8re r\u00e9sum\u00e9e. <b style=\"color:#1897F7\">Contactez-nous s&rsquo;il vous pla\u00eet pour vous abonner.<\/b>&#13;<br \/>\n                                <\/a>&#13;<\/p>\n","protected":false},"excerpt":{"rendered":"AA\/Ankara Les championnats du monde de Superbike (WSBK), Supersport (WSSP) disputeront leur septi\u00e8me manche en Angleterre, tandis que&hellip;\n","protected":false},"author":2,"featured_media":239639,"comment_status":"","ping_status":"","sticky":false,"template":"","format":"standard","meta":{"footnotes":""},"categories":[1587],"tags":[11,672,1785,1804,1805,1803,37920,1777,674,1801,8340,8978,12,1802,473,37921,8341],"class_list":{"0":"post-239638","1":"post","2":"type-post","3":"status-publish","4":"format-standard","5":"has-post-thumbnail","7":"category-allemagne","8":"tag-actualites","9":"tag-allemagne","10":"tag-anadolu-ajansi","11":"tag-bundesrepublik-deutschland","12":"tag-de","13":"tag-deutschland","14":"tag-donington-park","15":"tag-eu","16":"tag-europe","17":"tag-germany","18":"tag-kenan-sofuoglu","19":"tag-moto2","20":"tag-news","21":"tag-republique-federale-dallemagne","22":"tag-royaume-uni","23":"tag-supersport","24":"tag-toprak-razgatlioglu"},"share_on_mastodon":{"url":"https:\/\/pubeurope.com\/@fr\/114828088687814314","error":""},"_links":{"self":[{"href":"https:\/\/www.europesays.com\/fr\/wp-json\/wp\/v2\/posts\/239638","targetHints":{"allow":["GET"]}}],"collection":[{"href":"https:\/\/www.europesays.com\/fr\/wp-json\/wp\/v2\/posts"}],"about":[{"href":"https:\/\/www.europesays.com\/fr\/wp-json\/wp\/v2\/types\/post"}],"author":[{"embeddable":true,"href":"https:\/\/www.europesays.com\/fr\/wp-json\/wp\/v2\/users\/2"}],"replies":[{"embeddable":true,"href":"https:\/\/www.europesays.com\/fr\/wp-json\/wp\/v2\/comments?post=239638"}],"version-history":[{"count":0,"href":"https:\/\/www.europesays.com\/fr\/wp-json\/wp\/v2\/posts\/239638\/revisions"}],"wp:featuredmedia":[{"embeddable":true,"href":"https:\/\/www.europesays.com\/fr\/wp-json\/wp\/v2\/media\/239639"}],"wp:attachment":[{"href":"https:\/\/www.europesays.com\/fr\/wp-json\/wp\/v2\/media?parent=239638"}],"wp:term":[{"taxonomy":"category","embeddable":true,"href":"https:\/\/www.europesays.com\/fr\/wp-json\/wp\/v2\/categories?post=239638"},{"taxonomy":"post_tag","embeddable":true,"href":"https:\/\/www.europesays.com\/fr\/wp-json\/wp\/v2\/tags?post=239638"}],"curies":[{"name":"wp","href":"https:\/\/api.w.org\/{rel}","templated":true}]}}