{"id":239675,"date":"2025-07-10T09:12:11","date_gmt":"2025-07-10T09:12:11","guid":{"rendered":"https:\/\/www.europesays.com\/fr\/239675\/"},"modified":"2025-07-10T09:12:11","modified_gmt":"2025-07-10T09:12:11","slug":"dijon-un-cas-de-dengue-detecte-quartier-mansart-le-bien-public","status":"publish","type":"post","link":"https:\/\/www.europesays.com\/fr\/239675\/","title":{"rendered":"Dijon. Un cas de dengue d\u00e9tect\u00e9 quartier Mansart &#8211; Le Bien Public"},"content":{"rendered":"<ol>\n<li><a href=\"https:\/\/news.google.com\/rss\/articles\/CBMijgFBVV95cUxPUWN2YTNmMWNtWHBZcGQxMnplTWhqU29YbVNpTWppUXo2NVBmdWlVVlV2YW5YNUlET2tfZ3Vsell3OWlvVmJIcm14b3hvRkhPd0otN0NqRTRoUTBHZ1JzQVM0QzhFQjBrR3dEU0hLcDhsSHZlc3U0aU5XY2tHa0thOUpCU1o1Qjhvd2RyZDlR?oc=5\" target=\"_blank\" rel=\"noopener\">Dijon. Un cas de dengue d\u00e9tect\u00e9 quartier Mansart<\/a>&nbsp;&nbsp;Le Bien Public<\/li>\n<li><a href=\"https:\/\/news.google.com\/rss\/articles\/CBMikgJBVV95cUxPZ01vQUVRTWNoMkUyb3lrN3p5WldVN2pKWVh2LWdSVDVwRG8wYmowMC1KblN2M2ZVS2dYOUlHU1o0VzNqMVpMc3ZPTUsyODVVWlRkcGM4ekJyWkx1WWhqcFozR0FsbDl4Z2V6dF9BeC1ZdVA2Smd5aGk2X3RzQ0tQNWFyNG5wQXdIdGlhRGlYYV9JX203XzZwZm0xTERiWmxfTFBaek95ZFg1SU92VFh4RDVtVzFGM2pnNHNINUJ6OG5vNnBVX3haMnF0VnVmaFctWlVTNXRTVjlWbHgwcmRaLTBqMktCUFlfRWdRamJaY2pPUmRLeW1qcjRpYnJHaGx1SHd1cVppdE9RUThUa1NhVDRR?oc=5\" target=\"_blank\" rel=\"noopener\">Dengue : le premier \u00e9pisode de transmission autochtone de l\u2019ann\u00e9e a \u00e9t\u00e9 identifi\u00e9 en m\u00e9tropole, en Auvergne-Rh\u00f4ne-Alpes<\/a>&nbsp;&nbsp;Le Monde.fr<\/li>\n<li><a href=\"https:\/\/news.google.com\/rss\/articles\/CBMitAFBVV95cUxNd0Q4eTZOd2tHSGlsYkltWHRMZXMwRkswVGZYY3JrMmp1ZUlKamVmLU5jMXFsb1hqejNMSHVNaVJiU0lFNW5zcVhIbDZDN2h6M3FWeVdPSlJSYXg3dFQ1ZUVucjJ0NFI2R0VZeXh3UnJQcTJmT1ZLeEFxankzYWR1akNlYnhENjlONFo2SXRybHUyVGtxd1VWSDZ2TDJtNUwwV3FENDhxdTIzdGg1NnU5eHN0Y2w?oc=5\" target=\"_blank\" rel=\"noopener\">Le premier \u00e9pisode de transmission autochtone de dengue d\u00e9tect\u00e9 pr\u00e8s de Lyon<\/a>&nbsp;&nbsp;Le Figaro<\/li>\n<li><a href=\"https:\/\/news.google.com\/rss\/articles\/CBMi-gFBVV95cUxOT1J4YjRlNkg4YS1qNmZkem9Jc2pUeENkMnV3dklCWEtfM3k3ZmxlMEhmaXE0NE1fNVo3SHFCeG9CMGp5Ykt4eFJoZEdLbzZaNVZPdm8xNThCemNlemFsc1BpaWdDeU1Ub1daNmFaWFRlNERBblEyZEZSTW03R1pGLWNIeGdEdEEwTV91a0hmajFvblZCN1FRbnpiQVc0YlhiVGYzR2pXYU4tTWE0VzY4dmF5N3hWckhTeC0xejRaYU1qaHc5QWZOb1lQYXNyWjFxTy1hYXJ2RlYzUUZibF9YNVZMbUhteG1CZ050VWdWZTl0RTNSTTJjdFF3?oc=5\" target=\"_blank\" rel=\"noopener\">Une rue du quartier Mansart au coeur d&rsquo;une op\u00e9ration de d\u00e9sinsectisation apr\u00e8s la d\u00e9couverte d&rsquo;un cas de dengue<\/a>&nbsp;&nbsp;francebleu.fr<\/li>\n<li><a href=\"https:\/\/news.google.com\/rss\/articles\/CBMizwFBVV95cUxOOHdEbEVkNHEtNVFBTGV1OEJteHRjWXVhUkMzc2JkRmFXT0VTNEw3d2l6VG9kR2lKcV8wOURsNHEwSzRsNDlOZnVCZmVZRHdjeW14OGpocWdIS2sxLVVibFdCWk9LalJkSzJGaUk3WDRWTVNlQWMtRXM0OUpvUWp2WGdXaWlhVkxhZXBjb1VHb2JmNF9QN0FZWlpodHBXX011VG13RUkyRkFRRUVBZVZCbmlCWW5yRWpWSU9zSHFjS3kxNDRmRGxnY2Rta0M0elE?oc=5\" target=\"_blank\" rel=\"noopener\">Dijon. Une op\u00e9ration de d\u00e9moustication est pr\u00e9vue au niveau du quartier de Mansart<\/a>&nbsp;&nbsp;Le Bien Public<\/li>\n<\/ol>\n","protected":false},"excerpt":{"rendered":"Dijon. Un cas de dengue d\u00e9tect\u00e9 quartier Mansart&nbsp;&nbsp;Le Bien Public Dengue : le premier \u00e9pisode de transmission autochtone&hellip;\n","protected":false},"author":2,"featured_media":239676,"comment_status":"","ping_status":"","sticky":false,"template":"","format":"standard","meta":{"footnotes":""},"categories":[10],"tags":[2930,8587,8588,107,1011,27,72,71,4604,273],"class_list":{"0":"post-239675","1":"post","2":"type-post","3":"status-publish","4":"format-standard","5":"has-post-thumbnail","7":"category-sante","8":"tag-dijon","9":"tag-dijon-ville","10":"tag-edition-dijon-et-son-agglomeration","11":"tag-fil-info","12":"tag-fr","13":"tag-france","14":"tag-health","15":"tag-sante","16":"tag-selection-abonne","17":"tag-selection-de-la-redaction"},"share_on_mastodon":{"url":"https:\/\/pubeurope.com\/@fr\/114828171384497541","error":""},"_links":{"self":[{"href":"https:\/\/www.europesays.com\/fr\/wp-json\/wp\/v2\/posts\/239675","targetHints":{"allow":["GET"]}}],"collection":[{"href":"https:\/\/www.europesays.com\/fr\/wp-json\/wp\/v2\/posts"}],"about":[{"href":"https:\/\/www.europesays.com\/fr\/wp-json\/wp\/v2\/types\/post"}],"author":[{"embeddable":true,"href":"https:\/\/www.europesays.com\/fr\/wp-json\/wp\/v2\/users\/2"}],"replies":[{"embeddable":true,"href":"https:\/\/www.europesays.com\/fr\/wp-json\/wp\/v2\/comments?post=239675"}],"version-history":[{"count":0,"href":"https:\/\/www.europesays.com\/fr\/wp-json\/wp\/v2\/posts\/239675\/revisions"}],"wp:featuredmedia":[{"embeddable":true,"href":"https:\/\/www.europesays.com\/fr\/wp-json\/wp\/v2\/media\/239676"}],"wp:attachment":[{"href":"https:\/\/www.europesays.com\/fr\/wp-json\/wp\/v2\/media?parent=239675"}],"wp:term":[{"taxonomy":"category","embeddable":true,"href":"https:\/\/www.europesays.com\/fr\/wp-json\/wp\/v2\/categories?post=239675"},{"taxonomy":"post_tag","embeddable":true,"href":"https:\/\/www.europesays.com\/fr\/wp-json\/wp\/v2\/tags?post=239675"}],"curies":[{"name":"wp","href":"https:\/\/api.w.org\/{rel}","templated":true}]}}