{"id":239677,"date":"2025-07-10T09:13:08","date_gmt":"2025-07-10T09:13:08","guid":{"rendered":"https:\/\/www.europesays.com\/fr\/239677\/"},"modified":"2025-07-10T09:13:08","modified_gmt":"2025-07-10T09:13:08","slug":"real-madrid-pour-etre-honnete-meme-luis-enrique-est-bluffe-par-le-niveau-de-son-equipe","status":"publish","type":"post","link":"https:\/\/www.europesays.com\/fr\/239677\/","title":{"rendered":"Real Madrid\u00a0: \u00ab\u00a0Pour \u00eatre honn\u00eate\u00a0\u00bb, m\u00eame Luis Enrique est bluff\u00e9 par le niveau de son \u00e9quipe"},"content":{"rendered":"<p>Les matchs passent et l\u2019impression de voir \u00e9voluer une \u00e9quipe \u00e0 qui rien ne peut arriver se renforce. Apr\u00e8s avoir <a href=\"https:\/\/www.20minutes.fr\/sport\/football\/ligue_des_champions\/4156248-20250531-psg-inter-magistral-paris-champion-europe-apres-finale-plus-accomplie-tous-temps\" target=\"_blank\" class=\"color-ultramarine c-link\" rel=\"noopener\">concass\u00e9 l\u2019Inter Milan <\/a>en finale de <a href=\"https:\/\/www.20minutes.fr\/sport\/ligue_des_champions\/\" target=\"_blank\" class=\"color-ultramarine c-link\" rel=\"noopener\">Ligue des champions<\/a> (5-0), \u00e9trill\u00e9 l\u2019Atl\u00e9tico Madrid (4-0) puis \u00e9cart\u00e9 le <a href=\"https:\/\/www.20minutes.fr\/sport\/bayern_munich\/\" target=\"_blank\" class=\"color-ultramarine c-link\" rel=\"noopener\">Bayern Munich<\/a> (2-0) plus t\u00f4t dans la <a href=\"https:\/\/www.20minutes.fr\/sport\/football\/coupe-monde-clubs\/\" target=\"_blank\" class=\"color-ultramarine c-link\" rel=\"noopener\">Coupe du monde des clubs<\/a>, le PSG n\u2019a fait qu\u2019une bouch\u00e9e du Real Madrid (4-0), mercredi, en demi-finale de cette comp\u00e9tition. Presque ind\u00e9cent.<\/p>\n<p>Une dynamique ph\u00e9nom\u00e9nale<\/p>\n<p>\u00ab\u00a0Ils \u00e9voluent au meilleur niveau. Nous ne sommes pas les premiers \u00e0 essuyer une d\u00e9faite contre cette \u00e9quipe, c\u2019est difficile de les jouer\u00a0\u00bb, a reconnu sans d\u00e9tour le coach madril\u00e8ne Xabi Alonso apr\u00e8s la rencontre.<\/p>\n<p>Les 77.542 spectateurs du stade Metlife, pr\u00e8s de New York, ont assist\u00e9 \u00e0 une vraie d\u00e9monstration. Les Parisiens, au bout du bout d\u2019une saison \u00e0 rallonge, parviennent \u00e0 garder la dynamique qui s\u2019est mise en place de mani\u00e8re implacable depuis le d\u00e9but d\u2019ann\u00e9e. \u00ab\u00a0L\u2019\u00e9quipe a grandi gr\u00e2ce \u00e0 la g\u00e9n\u00e9rosit\u00e9 des joueurs, \u00e0 partir de janvier on a marqu\u00e9 je ne sais combien de buts et brill\u00e9 dans les statistiques d\u00e9fensives\u00a0\u00bb, a soulign\u00e9 l\u2019entra\u00eeneur <a href=\"https:\/\/www.20minutes.fr\/dossier\/luis_enrique\" target=\"_blank\" class=\"color-ultramarine c-link\" rel=\"noopener\">Luis Enrique<\/a>.<\/p>\n<\/p>\n<p>Le coach espagnol, architecte de la <a href=\"https:\/\/www.20minutes.fr\/sport\/football\/ligue_des_champions\/4156248-20250531-psg-inter-magistral-paris-champion-europe-apres-finale-plus-accomplie-tous-temps\" target=\"_blank\" class=\"color-ultramarine c-link\" rel=\"noopener\">construction de ce rouleau compresseur<\/a>, reconna\u00eet \u00eatre bluff\u00e9 par le niveau atteint par ses joueurs. \u00ab\u00a0On ne pensait pas obtenir de si bons r\u00e9sultats pour \u00eatre honn\u00eate\u00a0\u00bb, a-t-il avou\u00e9. C\u2019est pourtant vrai. Ce jeudi matin, Paris est en lice pour un quintupl\u00e9 assez dingo sur la saison, apr\u00e8s avoir d\u00e9j\u00e0 remport\u00e9 le Troph\u00e9e des champions, la <a href=\"https:\/\/www.20minutes.fr\/sport\/ligue-1\/\" target=\"_blank\" class=\"color-ultramarine c-link\" rel=\"noopener\">Ligue 1<\/a>, la Coupe de France et la Ligue des champions.<\/p>\n<p>\u00ab\u00a0C\u2019est un objectif que l\u2019on a depuis le d\u00e9but. C\u2019est difficile \u00e0 r\u00e9aliser, tr\u00e8s peu d\u2019\u00e9quipes le peuvent. Il reste un seul match pour \u00e9crire, construire l\u2019histoire\u00a0\u00bb, a clam\u00e9 Luis Enrique. Et Paris a toutes les armes pour achever la symphonie, face \u00e0 une \u00e9quipe de Chelsea solide depuis sa prise en main par Enzo Maresca mais qui ne repr\u00e9sente pas un obstacle insurmontable.<\/p>\n<p><a href=\"https:\/\/www.20minutes.fr\/sport\/football\/coupe-monde-clubs\/\" target=\"_blank\" class=\"c-link c-btn c-btn--primary\" rel=\"noopener\">Notre dossier sur la Coupe du mondes clubs<\/a><\/p>\n","protected":false},"excerpt":{"rendered":"Les matchs passent et l\u2019impression de voir \u00e9voluer une \u00e9quipe \u00e0 qui rien ne peut arriver se renforce.&hellip;\n","protected":false},"author":2,"featured_media":239678,"comment_status":"","ping_status":"","sticky":false,"template":"","format":"standard","meta":{"footnotes":""},"categories":[9],"tags":[31402,63,1011,27,6477,921,2332,4790,517,60],"class_list":{"0":"post-239677","1":"post","2":"type-post","3":"status-publish","4":"format-standard","5":"has-post-thumbnail","7":"category-sports","8":"tag-coupe-du-monde-des-clubs-2025","9":"tag-football","10":"tag-fr","11":"tag-france","12":"tag-kylian-mbappe","13":"tag-luis-enrique","14":"tag-paris-saint-germain-psg","15":"tag-real-madrid","16":"tag-sport","17":"tag-sports"},"share_on_mastodon":{"url":"https:\/\/pubeurope.com\/@fr\/114828175175309166","error":""},"_links":{"self":[{"href":"https:\/\/www.europesays.com\/fr\/wp-json\/wp\/v2\/posts\/239677","targetHints":{"allow":["GET"]}}],"collection":[{"href":"https:\/\/www.europesays.com\/fr\/wp-json\/wp\/v2\/posts"}],"about":[{"href":"https:\/\/www.europesays.com\/fr\/wp-json\/wp\/v2\/types\/post"}],"author":[{"embeddable":true,"href":"https:\/\/www.europesays.com\/fr\/wp-json\/wp\/v2\/users\/2"}],"replies":[{"embeddable":true,"href":"https:\/\/www.europesays.com\/fr\/wp-json\/wp\/v2\/comments?post=239677"}],"version-history":[{"count":0,"href":"https:\/\/www.europesays.com\/fr\/wp-json\/wp\/v2\/posts\/239677\/revisions"}],"wp:featuredmedia":[{"embeddable":true,"href":"https:\/\/www.europesays.com\/fr\/wp-json\/wp\/v2\/media\/239678"}],"wp:attachment":[{"href":"https:\/\/www.europesays.com\/fr\/wp-json\/wp\/v2\/media?parent=239677"}],"wp:term":[{"taxonomy":"category","embeddable":true,"href":"https:\/\/www.europesays.com\/fr\/wp-json\/wp\/v2\/categories?post=239677"},{"taxonomy":"post_tag","embeddable":true,"href":"https:\/\/www.europesays.com\/fr\/wp-json\/wp\/v2\/tags?post=239677"}],"curies":[{"name":"wp","href":"https:\/\/api.w.org\/{rel}","templated":true}]}}