{"id":239681,"date":"2025-07-10T09:15:11","date_gmt":"2025-07-10T09:15:11","guid":{"rendered":"https:\/\/www.europesays.com\/fr\/239681\/"},"modified":"2025-07-10T09:15:11","modified_gmt":"2025-07-10T09:15:11","slug":"un-trifold-bientot-samsung-est-tres-serein-sur-lavenir-de-ses-smartphones-pliables-frandroid","status":"publish","type":"post","link":"https:\/\/www.europesays.com\/fr\/239681\/","title":{"rendered":"Un trifold \u00ab bient\u00f4t \u00bb ? Samsung est tr\u00e8s serein sur l\u2019avenir de ses smartphones pliables &#8211; Frandroid"},"content":{"rendered":"<ol>\n<li><a href=\"https:\/\/news.google.com\/rss\/articles\/CBMizAFBVV95cUxQeDZEbU1NNlloa1VUVUpaeFFwZThFY0M2VzFEelJtOHZqMmdiMGswZnFKU0NKTnZWMnFuMF9taTFrOFFCUDlUOTZqd0pYaWlleVh3RktYOEctUi1na2dIbE9NSkhmM194cEVGUmgtWml2N0R1eHhrVFFjZk1KdXFqQk5ja01QUnh1TkZ4eFJDS2ZmUXR0M1ZSR2oxazNEVTBqcm5hTGVuR3VFWjJseHpNMHJPb2dWNmxLUU1jY1ZhNWh4dW02bDg3Z0NwdU0?oc=5\" target=\"_blank\" rel=\"noopener\">Un trifold \u00ab bient\u00f4t \u00bb ? Samsung est tr\u00e8s serein sur l\u2019avenir de ses smartphones pliables<\/a>&nbsp;&nbsp;Frandroid<\/li>\n<li><a href=\"https:\/\/news.google.com\/rss\/articles\/CBMihwJBVV95cUxNNUJvWXJWdEFFcGJfbmc3cnh1MV92bkRwektpUVREOWFHQ3ZWTUlIYllyR2Jha20xUmlZQ1lleW9JczhOUDdkd2I5aFEzb05oU1ZfYjhTTERMNFhWeEtna1RDdDV2azBVN3U0aEYyc0xteE5kWm1LdWtKQWw4RTNXN2xOc2RVMF9fbXZRYmhYSjFucDZmVFBfanNBaWpqc1MtbXRNNkh6SWpob0FnSEdBOElSRzVCblVpQnlIMHZxWXlpMXd1a0hPNEt6MEtZeXctUlpUU1lsUXUzOVBfczFWOVBfd0RUbnN1NzMtbnlkRERGdm1lUDNjeHlOXzFUUF9yUUFvdzY0SQ?oc=5\" target=\"_blank\" rel=\"noopener\">Vente \u00e0 perte Samsung Galaxy Z Fold6 : le l\u00e9gendaire smartphone pliant fracasse les prix<\/a>&nbsp;&nbsp;Ouest-France<\/li>\n<li><a href=\"https:\/\/news.google.com\/rss\/articles\/CBMi8AFBVV95cUxObTQ1V2hIQy16Z2ZfUlRvYXhwaHdhTm1uVTBKR0FVal9hQUl6a284NFZ5NlBpQm1NTFQzLVlOYTFzTFZKb0ZWOTlxekNwd2ZzdFFVQ0s3aWJOYVZBOGY4U3EwelRaeE9TTktIMnJUTkxYSmtaOE5DekVNb1V2MUxNTzB4VXhraGd0bDk1LS0zcDBFNDZRQTdLNUw3WTZYLS1uVEVjNFVoYVZOZmdjNnVERzB5QnZ0dHE0ZDJqR1NnNVdwMS14YXphbGRSVnhOUUQteTk3UnpfZ1M2MnhENUFxbjZDSU1wWXdLU2d0V29Zclk?oc=5\" target=\"_blank\" rel=\"noopener\">Smartphone tri-fold : Samsung confirme non seulement son existence, mais aussi son arriv\u00e9e prochaine<\/a>&nbsp;&nbsp;Les Num\u00e9riques<\/li>\n<li><a href=\"https:\/\/news.google.com\/rss\/articles\/CBMi2wFBVV95cUxNLVJEdTR1cEZGU2EwUFFlNzlfbXpOcHF2QURjcGxLV3hvWE84QUF2V2VFNFlrVkJCaDJZYTNWdXJHUzFOcnByY3ZlR0RMa1JxRnJhaF9jNWp5eE1Zc0NtS2FuU2kxUkxEcldnMjRFeENCU2NXT3NRRzhZM2Vpc3MzdzlaS08tQ3VWM2FBMFpTODJkbmJ2andVNG5QcWhrM2dnRkJBZVl1YlFxVGtUU0syUlI5alQ3MXZrRzVRNHpDU0R5dFhUZnEwYzBiYjJ6QUZCdnZIQ2MzX0FYTUE?oc=5\" target=\"_blank\" rel=\"noopener\">Samsung d\u00e9gaine des smartphones pliables ultra-fins con\u00e7us pour l&rsquo;intelligence artificielle<\/a>&nbsp;&nbsp;Les Echos<\/li>\n<li><a href=\"https:\/\/news.google.com\/rss\/articles\/CBMi9AFBVV95cUxNczhGNnhIQTlOVmhHS3Z3My1iYTZvck40c0VSZk1DODdNVHFLNmpnQ0VZYjhCaEtMdHA4TFFtSFAxWDRHRHctelFvU1pYbVk1VDk2bnZxRUdqTGl6Q2ZVZDFqWnJaRmx5bERqWTBSQ2ZrSlMzWmhQWXJDTEJacllyQ1RaaHJKQy1JNDdzb3loQWpCcERzMkllcVlIeWJQRjNhQW9LamFkU3hpMjNVWTZpNWkzWGtHM0Q5bHh1emNDWllEQjNkalF1OWtoM1RjV2RhczIzYjI4LWlqVUktTEVvZWdOMGFtdVNIcndyOFRTcW5TSFVV0gH6AUFVX3lxTFA5ZFZlREhQcnNaR3p5Uy1lUEp1aF8taUZyb3ZpbTVucUhJazI1V2doUUhhc3pJbDBtRVJ6akxwLTdLX3k3Y1AwZE5xbUtXN0JtMXBSS0NYWUtzQTF4b2d3UnpWSktqSXZJcDhUbWVCTy1OeUQzTXkxZE5wdmhPVFpOcE94TVlXTGJrbGV5X3pxWV9qNG94YWJtenMtZ1FFVTlQWmFBWHUxbnp1Y3JTR1RVT2Y1aTBhUHRnYlhTSVpCdG92aVN2XzdHMkRfdVBGQl9FSjA2MWpVVnBhcjBLVEpHRC1ETjBFRHhWY3c3ZnhrWGJrTWxSYjljaEE?oc=5\" target=\"_blank\" rel=\"noopener\">Samsung va repousser les rivaux chinois du t\u00e9l\u00e9phone pliable avec un mod\u00e8le plus fin<\/a>&nbsp;&nbsp;Boursorama<\/li>\n<\/ol>\n","protected":false},"excerpt":{"rendered":"Un trifold \u00ab bient\u00f4t \u00bb ? Samsung est tr\u00e8s serein sur l\u2019avenir de ses smartphones pliables&nbsp;&nbsp;Frandroid Vente \u00e0&hellip;\n","protected":false},"author":2,"featured_media":239682,"comment_status":"","ping_status":"","sticky":false,"template":"","format":"standard","meta":{"footnotes":""},"categories":[7],"tags":[1011,27,37922,34014,43,40,41,39,9398,42,44],"class_list":{"0":"post-239681","1":"post","2":"type-post","3":"status-publish","4":"format-standard","5":"has-post-thumbnail","7":"category-sciences-et-technologies","8":"tag-fr","9":"tag-france","10":"tag-samsung-galaxy-g-fold","11":"tag-samsung-galaxy-unpacked-2025","12":"tag-science","13":"tag-science-and-technology","14":"tag-sciences","15":"tag-sciences-et-technologies","16":"tag-smartphone-pliable","17":"tag-technologies","18":"tag-technology"},"share_on_mastodon":{"url":"https:\/\/pubeurope.com\/@fr\/114828183275923123","error":""},"_links":{"self":[{"href":"https:\/\/www.europesays.com\/fr\/wp-json\/wp\/v2\/posts\/239681","targetHints":{"allow":["GET"]}}],"collection":[{"href":"https:\/\/www.europesays.com\/fr\/wp-json\/wp\/v2\/posts"}],"about":[{"href":"https:\/\/www.europesays.com\/fr\/wp-json\/wp\/v2\/types\/post"}],"author":[{"embeddable":true,"href":"https:\/\/www.europesays.com\/fr\/wp-json\/wp\/v2\/users\/2"}],"replies":[{"embeddable":true,"href":"https:\/\/www.europesays.com\/fr\/wp-json\/wp\/v2\/comments?post=239681"}],"version-history":[{"count":0,"href":"https:\/\/www.europesays.com\/fr\/wp-json\/wp\/v2\/posts\/239681\/revisions"}],"wp:featuredmedia":[{"embeddable":true,"href":"https:\/\/www.europesays.com\/fr\/wp-json\/wp\/v2\/media\/239682"}],"wp:attachment":[{"href":"https:\/\/www.europesays.com\/fr\/wp-json\/wp\/v2\/media?parent=239681"}],"wp:term":[{"taxonomy":"category","embeddable":true,"href":"https:\/\/www.europesays.com\/fr\/wp-json\/wp\/v2\/categories?post=239681"},{"taxonomy":"post_tag","embeddable":true,"href":"https:\/\/www.europesays.com\/fr\/wp-json\/wp\/v2\/tags?post=239681"}],"curies":[{"name":"wp","href":"https:\/\/api.w.org\/{rel}","templated":true}]}}