{"id":239687,"date":"2025-07-10T09:18:09","date_gmt":"2025-07-10T09:18:09","guid":{"rendered":"https:\/\/www.europesays.com\/fr\/239687\/"},"modified":"2025-07-10T09:18:09","modified_gmt":"2025-07-10T09:18:09","slug":"les-abeilles-qui-ont-blesse-une-vingtaine-de-personnes-vont-etre-euthanasiees","status":"publish","type":"post","link":"https:\/\/www.europesays.com\/fr\/239687\/","title":{"rendered":"Les abeilles, qui ont bless\u00e9 une vingtaine de personnes, vont \u00eatre euthanasi\u00e9es"},"content":{"rendered":"<p> \u00abLundi, il restait encore une personne en r\u00e9animation au centre hospitalier d\u2019Aurillac\u00a0\u00bb, a indiqu\u00e9 aupr\u00e8s de France 3 mardi Sandrine Delorme, procureure de la R\u00e9publique, deux jours apr\u00e8s l\u2019attaque de milliers d\u2019abeilles dans le centre-ville de cette ville du <a href=\"https:\/\/www.20minutes.fr\/dossier\/cantal\" class=\"color-ultramarine c-link\" rel=\"nofollow noopener\" target=\"_blank\">Cantal<\/a>. <a href=\"https:\/\/www.20minutes.fr\/faits_divers\/4162195-20250706-cantal-attaque-abeilles-fait-24-blesses-dont-trois-urgence-absolue\" class=\"color-ultramarine c-link\" rel=\"nofollow noopener\" target=\"_blank\">Dimanche, vingt-quatre personnes ont \u00e9t\u00e9 piqu\u00e9es <\/a>et trois ont \u00e9t\u00e9 hospitalis\u00e9es en urgence absolue. Une <a href=\"https:\/\/www.20minutes.fr\/dossier\/enquete\" class=\"color-ultramarine c-link\" rel=\"nofollow noopener\" target=\"_blank\">enqu\u00eate<\/a> pour blessures involontaires a \u00e9t\u00e9 ouverte.<\/p>\n<\/p>\n<p>\u00ab\u00a0J\u2019ai pris la d\u00e9cision d\u2019euthanasier les abeilles une fois que la proc\u00e9dure sera termin\u00e9e\u00a0\u00bb, a ajout\u00e9 la procureure, pr\u00e9cisant que les ruches avaient \u00e9t\u00e9 d\u00e9plac\u00e9es dans l\u2019Aveyron et qu\u2019elles pouvaient contenir quelque 70.000 abeilles.<\/p>\n<p>Trop t\u00f4t pour une explication<\/p>\n<p>Pour le parquet, il est encore trop t\u00f4t pour expliquer les faits. \u00ab\u00a0Les investigations sont en cours pour essayer de voir s\u2019il y a une raison particuli\u00e8re au fait que les abeilles se soient \u00e9nerv\u00e9es alors qu\u2019elles \u00e9taient l\u00e0 depuis des d\u00e9cennies\u00a0\u00bb, a encore pr\u00e9cis\u00e9 la procureure aupr\u00e8s de la cha\u00eene locale, rappelant que \u00ab\u00a0l\u2019enqu\u00eate \u00e9tait en cours\u00a0\u00bb.<\/p>\n<p>Parmi les pistes, <a href=\"https:\/\/www.20minutes.fr\/faits_divers\/4162359-20250707-scene-chaos-maire-aurillac-temoigne-apres-violente-attaque-abeilles-fait-24-blesses\" class=\"color-ultramarine c-link\" rel=\"nofollow noopener\" target=\"_blank\">dont une \u00e9voqu\u00e9e par le maire de la ville<\/a>, celle de la pr\u00e9sence de frelons asiatiques. Pour Sandrine Delorme, c\u2019est \u00ab\u00a0une piste parmi tant d\u2019autres\u00a0\u00bb mais \u00e0 l\u2019heure actuelle, \u00ab\u00a0il n\u2019y a pas de piste privil\u00e9gi\u00e9e\u00a0\u00bb.<\/p>\n<p><a href=\"https:\/\/www.20minutes.fr\/planete\/abeilles\/\" class=\"c-link c-btn c-btn--primary\" rel=\"nofollow noopener\" target=\"_blank\">Tous nos sujets sur les abeilles<\/a><\/p>\n<p>Avant de conclure\u00a0: \u00ab\u00a0On va faire appel \u00e0 des experts qui pourront peut-\u00eatre plus facilement expliquer pourquoi des abeilles peuvent \u00e0 ce point s\u2019\u00e9nerver et prendre pour cibles des passants.\u00a0\u00bb<\/p>\n","protected":false},"excerpt":{"rendered":"\u00abLundi, il restait encore une personne en r\u00e9animation au centre hospitalier d\u2019Aurillac\u00a0\u00bb, a indiqu\u00e9 aupr\u00e8s de France 3&hellip;\n","protected":false},"author":2,"featured_media":239688,"comment_status":"","ping_status":"","sticky":false,"template":"","format":"standard","meta":{"footnotes":""},"categories":[4],"tags":[30906,11,6733,2430,18483,37926,17193,118,1011,27,2721,12,2680,25],"class_list":{"0":"post-239687","1":"post","2":"type-post","3":"status-publish","4":"format-standard","5":"has-post-thumbnail","7":"category-france","8":"tag-abeilles","9":"tag-actualites","10":"tag-auvergne","11":"tag-auvergne-rhone-alpes","12":"tag-aveyron","13":"tag-cantal","14":"tag-euthanasie","15":"tag-faits-divers","16":"tag-fr","17":"tag-france","18":"tag-midi-pyrenees","19":"tag-news","20":"tag-occitanie","21":"tag-republique-francaise"},"share_on_mastodon":{"url":"https:\/\/pubeurope.com\/@fr\/114828194818902497","error":""},"_links":{"self":[{"href":"https:\/\/www.europesays.com\/fr\/wp-json\/wp\/v2\/posts\/239687","targetHints":{"allow":["GET"]}}],"collection":[{"href":"https:\/\/www.europesays.com\/fr\/wp-json\/wp\/v2\/posts"}],"about":[{"href":"https:\/\/www.europesays.com\/fr\/wp-json\/wp\/v2\/types\/post"}],"author":[{"embeddable":true,"href":"https:\/\/www.europesays.com\/fr\/wp-json\/wp\/v2\/users\/2"}],"replies":[{"embeddable":true,"href":"https:\/\/www.europesays.com\/fr\/wp-json\/wp\/v2\/comments?post=239687"}],"version-history":[{"count":0,"href":"https:\/\/www.europesays.com\/fr\/wp-json\/wp\/v2\/posts\/239687\/revisions"}],"wp:featuredmedia":[{"embeddable":true,"href":"https:\/\/www.europesays.com\/fr\/wp-json\/wp\/v2\/media\/239688"}],"wp:attachment":[{"href":"https:\/\/www.europesays.com\/fr\/wp-json\/wp\/v2\/media?parent=239687"}],"wp:term":[{"taxonomy":"category","embeddable":true,"href":"https:\/\/www.europesays.com\/fr\/wp-json\/wp\/v2\/categories?post=239687"},{"taxonomy":"post_tag","embeddable":true,"href":"https:\/\/www.europesays.com\/fr\/wp-json\/wp\/v2\/tags?post=239687"}],"curies":[{"name":"wp","href":"https:\/\/api.w.org\/{rel}","templated":true}]}}