{"id":239734,"date":"2025-07-10T09:46:22","date_gmt":"2025-07-10T09:46:22","guid":{"rendered":"https:\/\/www.europesays.com\/fr\/239734\/"},"modified":"2025-07-10T09:46:22","modified_gmt":"2025-07-10T09:46:22","slug":"braderie-de-lille-2025-x-dabeull-actualites","status":"publish","type":"post","link":"https:\/\/www.europesays.com\/fr\/239734\/","title":{"rendered":"Braderie de Lille 2025 x Dabeull \/ Actualit\u00e9s"},"content":{"rendered":"<p>Voici l&rsquo;affiche officielle de la Braderie de Lille 2025, inspir\u00e9e de l&rsquo;univers de l&rsquo;artiste Dabeull.<\/p>\n<p>            <img loading=\"lazy\" decoding=\"async\" src=\"\/var\/www\/storage\/images\/mediatheque\/mairie-de-lille\/mini-sites\/mini-site-braderie\/images\/2025\/braderie-lille-2025-visuel-full\/3817667-2-fre-FR\/Braderie-Lille-2025-visuel-full_news_image_top.png\" width=\"779\" height=\"518\" alt=\"\"\/><br \/>\n    \tBraderie de Lille 2025, visuel.<\/p>\n<p>Affiche officielle de la Braderie de Lille 2025<\/p>\n<p>            <img src-full=\"\/var\/www\/storage\/images\/mediatheque\/mairie-de-lille\/mini-sites\/mini-site-braderie\/images\/2025\/braderie-lille-2025-visuel-affiche\/3817671-1-fre-FR\/Braderie-Lille-2025-visuel-affiche.jpg\" data-caption-full=\"Braderie de Lille 2025, affiche officielle de la campagne.\" width=\"329\" height=\"465\" alt=\"Braderie Lille 2025 visuel affiche\" title=\"Braderie Lille 2025 visuel affiche\" class=\"align-\"\/>\n    <\/p>\n<p>Une campagne qui a du groove<\/p>\n<p>\u00ab Des moules, des frites, des fripes qui moulent \u00bb, une accroche qui r\u00e9sume l\u2019esprit festif, populaire et joyeusement d\u00e9cal\u00e9 de la Braderie de Lille. C\u2019est tout naturellement que l\u2019univers de Dabeull s\u2019est impos\u00e9 pour incarner cette \u00e9dition. Figure du funk contemporain, l\u2019artiste joue avec les codes visuels et sonores des ann\u00e9es 70-80 avec une touche d\u2019humour et un sens aigu du style. Entre r\u00e9f\u00e9rences musicales, autod\u00e9rision visuelle et ambiance chaleureuse, cette collaboration entre la Ville de Lille et Dabeull donne naissance \u00e0 une campagne haute en couleur, qui c\u00e9l\u00e8bre \u00e0 la fois les moules-frites, la seconde main, le groove&#8230; et les sourires !<\/p>\n<p>Qui est Dabeull ?<\/p>\n<p>Dabeull est un producteur et artiste visionnaire, figure embl\u00e9matique du renouveau funk. Ma\u00eetre du groove, il s\u2019est impos\u00e9 comme une figure incontournable de la sc\u00e8ne musicale internationale gr\u00e2ce \u00e0 son style inimitable, m\u00ealant basslines percutantes, synth\u00e9tiseurs r\u00e9tro et voix sensuelles.<\/p>\n","protected":false},"excerpt":{"rendered":"Voici l&rsquo;affiche officielle de la Braderie de Lille 2025, inspir\u00e9e de l&rsquo;univers de l&rsquo;artiste Dabeull. Braderie de Lille&hellip;\n","protected":false},"author":2,"featured_media":239735,"comment_status":"","ping_status":"","sticky":false,"template":"","format":"standard","meta":{"footnotes":""},"categories":[2815],"tags":[1111,11,4763,1777,674,1011,27,811,1307,5415,12,25],"class_list":{"0":"post-239734","1":"post","2":"type-post","3":"status-publish","4":"format-standard","5":"has-post-thumbnail","7":"category-lille","8":"tag-actu","9":"tag-actualites","10":"tag-agenda","11":"tag-eu","12":"tag-europe","13":"tag-fr","14":"tag-france","15":"tag-hauts-de-france","16":"tag-lille","17":"tag-mairie","18":"tag-news","19":"tag-republique-francaise"},"share_on_mastodon":{"url":"https:\/\/pubeurope.com\/@fr\/114828304920625067","error":""},"_links":{"self":[{"href":"https:\/\/www.europesays.com\/fr\/wp-json\/wp\/v2\/posts\/239734","targetHints":{"allow":["GET"]}}],"collection":[{"href":"https:\/\/www.europesays.com\/fr\/wp-json\/wp\/v2\/posts"}],"about":[{"href":"https:\/\/www.europesays.com\/fr\/wp-json\/wp\/v2\/types\/post"}],"author":[{"embeddable":true,"href":"https:\/\/www.europesays.com\/fr\/wp-json\/wp\/v2\/users\/2"}],"replies":[{"embeddable":true,"href":"https:\/\/www.europesays.com\/fr\/wp-json\/wp\/v2\/comments?post=239734"}],"version-history":[{"count":0,"href":"https:\/\/www.europesays.com\/fr\/wp-json\/wp\/v2\/posts\/239734\/revisions"}],"wp:featuredmedia":[{"embeddable":true,"href":"https:\/\/www.europesays.com\/fr\/wp-json\/wp\/v2\/media\/239735"}],"wp:attachment":[{"href":"https:\/\/www.europesays.com\/fr\/wp-json\/wp\/v2\/media?parent=239734"}],"wp:term":[{"taxonomy":"category","embeddable":true,"href":"https:\/\/www.europesays.com\/fr\/wp-json\/wp\/v2\/categories?post=239734"},{"taxonomy":"post_tag","embeddable":true,"href":"https:\/\/www.europesays.com\/fr\/wp-json\/wp\/v2\/tags?post=239734"}],"curies":[{"name":"wp","href":"https:\/\/api.w.org\/{rel}","templated":true}]}}