{"id":239738,"date":"2025-07-10T09:48:09","date_gmt":"2025-07-10T09:48:09","guid":{"rendered":"https:\/\/www.europesays.com\/fr\/239738\/"},"modified":"2025-07-10T09:48:09","modified_gmt":"2025-07-10T09:48:09","slug":"la-musique-antillaise-ce-nest-pas-que-la-fete","status":"publish","type":"post","link":"https:\/\/www.europesays.com\/fr\/239738\/","title":{"rendered":"La musique antillaise, ce n&rsquo;est pas que la f\u00eate"},"content":{"rendered":"<p>Avec cette collaboration attendue pour cl\u00f4turer le Festival Marseille Jazz des Cinq Continents, Jocelyne B\u00e9roard, voix de Kassav&rsquo;, et Tony Chasseur, artiste iconique de la musique antillaise, entendent bien faire chavirer le public ce dimanche soir 123 juillet au th\u00e9\u00e2tre Silvain \u00e0 Marseille. Tous deux martiniquais, leur complicit\u00e9 est naturelle. Il suffit pour s\u2019en convaincre de les voir ensemble partager leurs r\u00e9pertoires respectifs entre zouk, cr\u00e9ole jazz et chansons traditionnelles. Pour La Provence,\u00a0Jocelyne B\u00e9roard se confie sur leur duo et leur amour commun de la sc\u00e8ne.<\/p>\n<p><strong>Pour cette soir\u00e9e de cl\u00f4ture au Festival Marseille Jazz des Cinq Continents, vous retrouvez sur sc\u00e8ne Tony Chasseur\u2026<\/strong>&#13;\n<\/p>\n<p>Exactement\u00a0! Nous avons en commun un r\u00e9pertoire de chansons qui ne passe pas \u00e0 la radio. Nous allons proposer des titres un peu plus exp\u00e9rimentaux, un peu plus intimes que d\u2019habitude. Ce sont de tr\u00e8s beaux morceaux sur des arrangements mettant en valeur la diversit\u00e9 des musiques m\u00e9tiss\u00e9es que l\u2019on adapte \u00e0 nos propres sensibilit\u00e9s artistiques. Il y a ce titre offert par Henri Salvador qui est une bossa-nova ou encore des chansons du r\u00e9pertoire jazz am\u00e9ricain. C\u2019est tr\u00e8s \u00e9clectique.<\/p>\n<p><strong>Le public ne vient donc pas pour entendre les grands tubes qui ont fait le succ\u00e8s du groupe <a href=\"https:\/\/www.laprovence.com\/article\/region\/7397767990494415\/jocelyne-beroard-kassav-garde-la-meme-energie\" target=\"_blank\" rel=\"nofollow noopener\">Kassav&rsquo; <\/a>?<\/strong>&#13;\n<\/p>\n<p>Non pas du tout ! Il y aura peut-\u00eatre un titre ou deux, mais c\u2019est tout. Au contraire, j\u2019essaie, avec Tony, d\u2019\u00e9largir au maximum pour coller au th\u00e8me m\u00eame du festival, tout en restant attach\u00e9e \u00e0 notre culture carib\u00e9enne.<\/p>\n<p><strong>Il y a cette complicit\u00e9 avec Tony Chasseur, lui aussi Martiniquais, que vous ne manquez pas de mettre en avant\u2026<\/strong>&#13;\n<\/p>\n<p>C\u2019est quelqu\u2019un que j\u2019admire. Il a \u00e9t\u00e9 l\u2019un des premiers en Martinique \u00e0 vouloir monter un big band. Il donne beaucoup de lui-m\u00eame pour proposer au public des choses nouvelles. Il a tellement d\u2019\u00e9nergie et une culture musicale incroyable. J\u2019ai toujours eu du plaisir \u00e0 aller le voir en concert. Quand on a commenc\u00e9 \u00e0 faire quelques s\u00e9quences ensemble l\u2019an pass\u00e9, on s\u2019est dit pourquoi ne pas r\u00e9cidiver cette ann\u00e9e.<\/p>\n","protected":false},"excerpt":{"rendered":"Avec cette collaboration attendue pour cl\u00f4turer le Festival Marseille Jazz des Cinq Continents, Jocelyne B\u00e9roard, voix de Kassav&rsquo;,&hellip;\n","protected":false},"author":2,"featured_media":239739,"comment_status":"","ping_status":"","sticky":false,"template":"","format":"standard","meta":{"footnotes":""},"categories":[2814],"tags":[17,1111,11,37931,37930,251,1777,674,1011,27,37929,14980,4743,884,873,12,882,25],"class_list":{"0":"post-239738","1":"post","2":"type-post","3":"status-publish","4":"format-standard","5":"has-post-thumbnail","7":"category-marseille","8":"tag-17","9":"tag-actu","10":"tag-actualites","11":"tag-antillaise","12":"tag-beroard","13":"tag-culture","14":"tag-eu","15":"tag-europe","16":"tag-fr","17":"tag-france","18":"tag-jocelyne","19":"tag-kassav","20":"tag-la","21":"tag-marseille","22":"tag-musique","23":"tag-news","24":"tag-provence-alpes-cote-dazur","25":"tag-republique-francaise"},"share_on_mastodon":{"url":"https:\/\/pubeurope.com\/@fr\/114828312831518925","error":""},"_links":{"self":[{"href":"https:\/\/www.europesays.com\/fr\/wp-json\/wp\/v2\/posts\/239738","targetHints":{"allow":["GET"]}}],"collection":[{"href":"https:\/\/www.europesays.com\/fr\/wp-json\/wp\/v2\/posts"}],"about":[{"href":"https:\/\/www.europesays.com\/fr\/wp-json\/wp\/v2\/types\/post"}],"author":[{"embeddable":true,"href":"https:\/\/www.europesays.com\/fr\/wp-json\/wp\/v2\/users\/2"}],"replies":[{"embeddable":true,"href":"https:\/\/www.europesays.com\/fr\/wp-json\/wp\/v2\/comments?post=239738"}],"version-history":[{"count":0,"href":"https:\/\/www.europesays.com\/fr\/wp-json\/wp\/v2\/posts\/239738\/revisions"}],"wp:featuredmedia":[{"embeddable":true,"href":"https:\/\/www.europesays.com\/fr\/wp-json\/wp\/v2\/media\/239739"}],"wp:attachment":[{"href":"https:\/\/www.europesays.com\/fr\/wp-json\/wp\/v2\/media?parent=239738"}],"wp:term":[{"taxonomy":"category","embeddable":true,"href":"https:\/\/www.europesays.com\/fr\/wp-json\/wp\/v2\/categories?post=239738"},{"taxonomy":"post_tag","embeddable":true,"href":"https:\/\/www.europesays.com\/fr\/wp-json\/wp\/v2\/tags?post=239738"}],"curies":[{"name":"wp","href":"https:\/\/api.w.org\/{rel}","templated":true}]}}