{"id":239742,"date":"2025-07-10T09:50:09","date_gmt":"2025-07-10T09:50:09","guid":{"rendered":"https:\/\/www.europesays.com\/fr\/239742\/"},"modified":"2025-07-10T09:50:09","modified_gmt":"2025-07-10T09:50:09","slug":"vers-un-week-end-du-14-juillet-explosif-ce-que-meteo-france-annonce","status":"publish","type":"post","link":"https:\/\/www.europesays.com\/fr\/239742\/","title":{"rendered":"vers un week-end du 14-juillet explosif, ce que M\u00e9t\u00e9o-France annonce"},"content":{"rendered":"<p>            Par<br \/>\n        <strong><br \/>\n            <a href=\"https:\/\/actu.fr\/auteur\/anthony-soudani\" title=\"Consulter tous les articles de Anthony Soudani\" rel=\"nofollow noopener\" target=\"_blank\">Anthony Soudani<\/a><br \/>\n        <\/strong><\/p>\n<p>        Publi\u00e9 le<\/p>\n<p>            10 juil. 2025 \u00e0 11h44        <\/p>\n<p>Les pr\u00e9visions de M\u00e9t\u00e9o-France en date de ce jeudi 10 juillet annoncent des orages \u00e0 <a href=\"https:\/\/actu.fr\/lyon\/\" rel=\"nofollow noopener\" target=\"_blank\">Lyon<\/a> et dans le Rh\u00f4ne lors du week-end prolong\u00e9 du 14-juillet. Les fortes chaleurs, initialement pr\u00e9vues dans les bulletins m\u00e9t\u00e9o, pourraient \u00eatre finalement plus supportables.\u00a0<\/p>\n<p class=\" wall-content\">On fait le point sur ce qui nous attend ces prochains jours dans la m\u00e9tropole et le reste du d\u00e9partement.\u00a0<\/p>\n<p>Des orages d\u00e8s dimanche annonc\u00e9s dans tout le Rh\u00f4ne<\/p>\n<p class=\" wall-content\">Le samedi 12 juillet devrait \u00eatre la seule journ\u00e9e o\u00f9 le soleil r\u00e8gnera sur l\u2019ensemble du Rh\u00f4ne. Les temp\u00e9ratures maximales devraient atteindre <strong>33\u00b0C \u00e0 Lyon<\/strong>, 32\u00b0C \u00e0 Villefranche-sur-Sa\u00f4ne ou encore 31\u00b0C \u00e0 Soucieu-en-Jarrest et L\u2019Arbresle.\u00a0<\/p>\n<p class=\" wall-content\">Dans la soir\u00e9e, M\u00e9t\u00e9o-France \u00e9voque des risques d\u2019orages dans le sud du d\u00e9partement, notamment \u00e0 Lyon, Soucieu-en-Jarrest et Pusignan.\u00a0<\/p>\n<p class=\" wall-content\">Mais c\u2019est \u00e0 partir de la journ\u00e9e du dimanche 13 juillet que les perturbations orageuses devraient v\u00e9ritablement faire leurs apparitions. L\u2019ensemble du Rh\u00f4ne est concern\u00e9. Dans l\u2019apr\u00e8s-midi, alors qu\u2019il fera entre 29\u00b0C et 30\u00b0C \u00e0 Lyon, <strong>des orages pourraient \u00e9clater<\/strong> dans la capitale des Gaules et dans les communes alentours.\u00a0<\/p>\n<p class=\" wall-content\">Les orages pourraient \u00eatre accompagn\u00e9s de pluie dans l\u2019ouest du d\u00e9partement, ainsi qu\u2019\u00e0 Villefranche-sur-Sa\u00f4ne.\u00a0<\/p>\n<blockquote class=\"ac-article-quote wall-content\">\n<p>Dimanche, le thalweg d&rsquo;altitude s&rsquo;\u00e9vacuera vers la Corse et affectera encore temporairement toutes les r\u00e9gions du quart sud-est. Un temps orageux dominera sur ces r\u00e9gions, avec des orages plus nombreux sur les reliefs des Alpes et de la Corse.<\/p>\n<p>    <strong>Keraunos<\/strong><br \/>\n        Observatoire fran\u00e7ais des tornades et orages violents    <\/p><\/blockquote>\n<p>Un lundi 14 juillet entre forte chaleur et orages<\/p>\n<p class=\" wall-content\">Lundi 14 juillet, M\u00e9t\u00e9o-France pr\u00e9voit des averses orageuses sur tout le Rh\u00f4ne. L\u2019atmosph\u00e8re devrait \u00eatre lourde l\u2019apr\u00e8s-midi \u00e0 Lyon <strong>avec 35\u00b0C<\/strong> au maximum l\u2019apr\u00e8s-midi et des orages. Cela pourrait bien perturber les festivit\u00e9s dans le d\u00e9partement, si les pr\u00e9visions sont confirm\u00e9es. L\u2019indice de confiance est de 3\/5.<\/p>\n<p class=\" wall-content\">\u00ab\u00a0Lundi, un flux peu dynamique est attendu sur tout le pays, avec de possibles \u00e9volutions orageuses sur les reliefs des Pyr\u00e9n\u00e9es et des Alpes l\u2019apr\u00e8s-midi\u00a0\u00bb, ajoute de son c\u00f4t\u00e9 Keraunos.<\/p>\n<p class=\" wall-content\">Suivez toute l\u2019actualit\u00e9 de vos villes et m\u00e9dias favoris en vous inscrivant \u00e0 <a href=\"https:\/\/moncompte.actu.fr\" title=\"D\u00e9couvez Mon Actu\" rel=\"nofollow noopener\" data-trk=\"{&quot;cta&quot;:{&quot;action&quot;:&quot;https:\\\/\\\/moncompte.actu.fr&quot;,&quot;category&quot;:&quot;mon compte&quot;,&quot;from&quot;:&quot;article footer&quot;,&quot;name&quot;:&quot;Mon actu&quot;,&quot;type&quot;:&quot;cta&quot;}}\" target=\"_blank\">Mon Actu<\/a>.<\/p>\n","protected":false},"excerpt":{"rendered":"Par Anthony Soudani Publi\u00e9 le 10 juil. 2025 \u00e0 11h44 Les pr\u00e9visions de M\u00e9t\u00e9o-France en date de ce&hellip;\n","protected":false},"author":2,"featured_media":239743,"comment_status":"","ping_status":"","sticky":false,"template":"","format":"standard","meta":{"footnotes":""},"categories":[1889],"tags":[1111,11,2430,1777,674,1011,27,2428,2487,2357,12,4594,25],"class_list":{"0":"post-239742","1":"post","2":"type-post","3":"status-publish","4":"format-standard","5":"has-post-thumbnail","7":"category-lyon","8":"tag-actu","9":"tag-actualites","10":"tag-auvergne-rhone-alpes","11":"tag-eu","12":"tag-europe","13":"tag-fr","14":"tag-france","15":"tag-lyon","16":"tag-meteo","17":"tag-meteo-france","18":"tag-news","19":"tag-orages","20":"tag-republique-francaise"},"share_on_mastodon":{"url":"https:\/\/pubeurope.com\/@fr\/114828320643441942","error":""},"_links":{"self":[{"href":"https:\/\/www.europesays.com\/fr\/wp-json\/wp\/v2\/posts\/239742","targetHints":{"allow":["GET"]}}],"collection":[{"href":"https:\/\/www.europesays.com\/fr\/wp-json\/wp\/v2\/posts"}],"about":[{"href":"https:\/\/www.europesays.com\/fr\/wp-json\/wp\/v2\/types\/post"}],"author":[{"embeddable":true,"href":"https:\/\/www.europesays.com\/fr\/wp-json\/wp\/v2\/users\/2"}],"replies":[{"embeddable":true,"href":"https:\/\/www.europesays.com\/fr\/wp-json\/wp\/v2\/comments?post=239742"}],"version-history":[{"count":0,"href":"https:\/\/www.europesays.com\/fr\/wp-json\/wp\/v2\/posts\/239742\/revisions"}],"wp:featuredmedia":[{"embeddable":true,"href":"https:\/\/www.europesays.com\/fr\/wp-json\/wp\/v2\/media\/239743"}],"wp:attachment":[{"href":"https:\/\/www.europesays.com\/fr\/wp-json\/wp\/v2\/media?parent=239742"}],"wp:term":[{"taxonomy":"category","embeddable":true,"href":"https:\/\/www.europesays.com\/fr\/wp-json\/wp\/v2\/categories?post=239742"},{"taxonomy":"post_tag","embeddable":true,"href":"https:\/\/www.europesays.com\/fr\/wp-json\/wp\/v2\/tags?post=239742"}],"curies":[{"name":"wp","href":"https:\/\/api.w.org\/{rel}","templated":true}]}}