{"id":239746,"date":"2025-07-10T09:56:09","date_gmt":"2025-07-10T09:56:09","guid":{"rendered":"https:\/\/www.europesays.com\/fr\/239746\/"},"modified":"2025-07-10T09:56:09","modified_gmt":"2025-07-10T09:56:09","slug":"a-paris-le-parlement-adopte-definitivement-la-reforme-du-scrutin-municipal","status":"publish","type":"post","link":"https:\/\/www.europesays.com\/fr\/239746\/","title":{"rendered":"\u00c0 Paris, le Parlement adopte d\u00e9finitivement la r\u00e9forme du scrutin municipal"},"content":{"rendered":"<p>            Par<br \/>\n        <strong><br \/>\n            <a href=\"https:\/\/actu.fr\/auteur\/redaction-paris\" title=\"Consulter tous les articles de R\u00e9daction Paris\" rel=\"nofollow noopener\" target=\"_blank\">R\u00e9daction Paris<\/a><br \/>\n        <\/strong><\/p>\n<p>        Publi\u00e9 le<\/p>\n<p>            10 juil. 2025 \u00e0 10h19        <\/p>\n<p>Jeudi 10 juillet 2025, \u00e0 moins de neuf mois des <a href=\"https:\/\/actu.fr\/paris\/politique\/elections-municipales\" rel=\"nofollow noopener\" target=\"_blank\">\u00e9lections municipales<\/a>, le Parlement a adopt\u00e9 d\u00e9finitivement la<strong> r\u00e9forme du scrutin municipal \u00e0 Paris<\/strong>, Lyon et Marseille. Le gouvernement ayant d\u00e9cid\u00e9 de passer outre l\u2019hostilit\u00e9 du S\u00e9nat. \u00c0 <a href=\"https:\/\/actu.fr\/paris\/\" rel=\"nofollow noopener\" target=\"_blank\">Paris<\/a>, la r\u00e9forme divise profond\u00e9ment les \u00e9lus.\u00a0<\/p>\n<p>Le Conseil de Paris divis\u00e9 sur cette r\u00e9forme<\/p>\n<p class=\" wall-content\">Le RN, la France insoumise, et la majorit\u00e9 de la coalition gouvernementale ont apport\u00e9 leur soutien \u00e0 la r\u00e9forme, qui doit permettre de \u00ab\u00a0rapprocher du droit commun\u00a0\u00bb le mode de scrutin dans les trois m\u00e9tropoles, selon le ministre des Relations avec le Parlement Patrick Mignola (MoDem).<\/p>\n<p class=\" wall-content\">\u00c0 Paris, la<strong> r\u00e9forme de la loi PLM divise le Conseil de Paris <\/strong>et <a href=\"https:\/\/actu.fr\/ile-de-france\/paris_75056\/conseil-de-paris-pourquoi-la-politique-de-decentralisation-vers-les-mairies-d-arrondissement-divise-les-elus_62243273.html?fbclid=IwY2xjawLcWqFleHRuA2FlbQIxMABicmlkETA0bnVEaVNhQkRvNThSc0RSAR468ldfbMhMsLHdepCX_GN8uBX6JsgVqZzQqAsxpXuJ7i_pX08ROsR75HSWGQ_aem_zJzx10iLbz_zoPBEZ1yGNg\" rel=\"nofollow noopener\" target=\"_blank\">13 maires d\u2019arrondissement sur 17<\/a> s\u2019y sont oppos\u00e9s. En avril dernier, l\u2019ex\u00e9cutif promettait d\u2019ailleurs de <a href=\"https:\/\/actu.fr\/ile-de-france\/paris_75056\/taillee-pour-la-macronie-parisienne-la-reforme-plm-divise-les-elus-sur-le-mode-de-scrutin-a-paris_62465486.html\" rel=\"nofollow noopener\" target=\"_blank\">d\u00e9poser un recours<\/a> en cas d\u2019adoption pr\u00e9cisant \u00ab\u00a0qu'(on) ne change pas les r\u00e8gles du scrutin \u00e0 un an d\u2019une \u00e9lection\u00a0\u00bb. R\u00e9cemment, <strong>Emmanuel Gr\u00e9goire<\/strong>, <a href=\"https:\/\/actu.fr\/politique\/elections-municipales\/municipales-2026-a-paris-emmanuel-gregoire-remporte-la-primaire-socialiste-contre-le-candidat-d-anne-hidalgo_62848401.html\" rel=\"nofollow noopener\" target=\"_blank\">candidat socialiste \u00e0 la mairie de Paris<\/a>, a d\u00e9fendu devant l\u2019Assembl\u00e9e nationale une motion de rejet contre la r\u00e9forme.<\/p>\n<p class=\" wall-content\">Pour rappel, depuis 1982, la loi PLM attribue \u00e0 Paris, Lyon et Marseille <strong>un r\u00e9gime sp\u00e9cifique<\/strong>. \u00c0 Paris, les<strong> \u00e9lecteurs votent pour des listes municipales par arrondissement<\/strong>. Ce sont ensuite les conseillers \u00e9lus, sur le mode des grands \u00e9lecteurs, qui \u00e9lisent le maire de la ville dans la semaine qui suit le second tour. \u00ab\u00a0Une incongruit\u00e9\u00a0\u00bb pour Maud Gatel, la pr\u00e9sidente du groupe MoDem et Ind\u00e9pendants au Conseil de Paris.<\/p>\n<p class=\" wall-content\">La r\u00e9forme pr\u00e9voit, notamment, la mise en place de<strong> deux urnes distinctes<\/strong> : un vote pour les conseillers d\u2019arrondissement et un autre pour les conseillers municipaux qui \u00e9lisent ensuite le maire.\u00a0<\/p>\n<p>Vid\u00e9os : en ce moment sur Actu\u00ab\u00a0Le gouvernement triche\u00a0\u00bb\u00a0<\/p>\n<p class=\" wall-content\">Parmi les premi\u00e8res r\u00e9actions, <a href=\"https:\/\/actu.fr\/ile-de-france\/paris_75056\/municipales-2026-a-paris-david-belliard-une-personnalite-complexe-passee-d-outsider-a-champion-des-verts_62381904.html\" rel=\"nofollow noopener\" target=\"_blank\">David Belliard<\/a> adjoint EELV \u00e0 la mairie de Paris, fustige un gouvernement qui \u00ab\u00a0triche en modifiant les r\u00e8gles \u00e9lectorales pour les municipales \u00e0 Paris\u00a0\u00bb.<\/p>\n<p class=\" wall-content\">\n<p class=\" wall-content\">Avec AFP\u00a0<\/p>\n<p class=\" wall-content\">Suivez toute l\u2019actualit\u00e9 de vos villes et m\u00e9dias favoris en vous inscrivant \u00e0 <a href=\"https:\/\/moncompte.actu.fr\" title=\"D\u00e9couvez Mon Actu\" rel=\"nofollow noopener\" data-trk=\"{&quot;cta&quot;:{&quot;action&quot;:&quot;https:\\\/\\\/moncompte.actu.fr&quot;,&quot;category&quot;:&quot;mon compte&quot;,&quot;from&quot;:&quot;article footer&quot;,&quot;name&quot;:&quot;Mon actu&quot;,&quot;type&quot;:&quot;cta&quot;}}\" target=\"_blank\">Mon Actu<\/a>.<\/p>\n","protected":false},"excerpt":{"rendered":"Par R\u00e9daction Paris Publi\u00e9 le 10 juil. 2025 \u00e0 10h19 Jeudi 10 juillet 2025, \u00e0 moins de neuf&hellip;\n","protected":false},"author":2,"featured_media":239747,"comment_status":"","ping_status":"","sticky":false,"template":"","format":"standard","meta":{"footnotes":""},"categories":[1888],"tags":[1111,1928,11,1927,4188,1777,674,1011,27,3434,12,1926,626,1925,316,25],"class_list":{"0":"post-239746","1":"post","2":"type-post","3":"status-publish","4":"format-standard","5":"has-post-thumbnail","7":"category-paris","8":"tag-actu","9":"tag-actu-paris","10":"tag-actualites","11":"tag-actualites-paris","12":"tag-elections-municipales","13":"tag-eu","14":"tag-europe","15":"tag-fr","16":"tag-france","17":"tag-municipales-2026","18":"tag-news","19":"tag-news-paris","20":"tag-paris","21":"tag-paris-news","22":"tag-politique","23":"tag-republique-francaise"},"share_on_mastodon":{"url":"https:\/\/pubeurope.com\/@fr\/114828344236511288","error":""},"_links":{"self":[{"href":"https:\/\/www.europesays.com\/fr\/wp-json\/wp\/v2\/posts\/239746","targetHints":{"allow":["GET"]}}],"collection":[{"href":"https:\/\/www.europesays.com\/fr\/wp-json\/wp\/v2\/posts"}],"about":[{"href":"https:\/\/www.europesays.com\/fr\/wp-json\/wp\/v2\/types\/post"}],"author":[{"embeddable":true,"href":"https:\/\/www.europesays.com\/fr\/wp-json\/wp\/v2\/users\/2"}],"replies":[{"embeddable":true,"href":"https:\/\/www.europesays.com\/fr\/wp-json\/wp\/v2\/comments?post=239746"}],"version-history":[{"count":0,"href":"https:\/\/www.europesays.com\/fr\/wp-json\/wp\/v2\/posts\/239746\/revisions"}],"wp:featuredmedia":[{"embeddable":true,"href":"https:\/\/www.europesays.com\/fr\/wp-json\/wp\/v2\/media\/239747"}],"wp:attachment":[{"href":"https:\/\/www.europesays.com\/fr\/wp-json\/wp\/v2\/media?parent=239746"}],"wp:term":[{"taxonomy":"category","embeddable":true,"href":"https:\/\/www.europesays.com\/fr\/wp-json\/wp\/v2\/categories?post=239746"},{"taxonomy":"post_tag","embeddable":true,"href":"https:\/\/www.europesays.com\/fr\/wp-json\/wp\/v2\/tags?post=239746"}],"curies":[{"name":"wp","href":"https:\/\/api.w.org\/{rel}","templated":true}]}}