{"id":239760,"date":"2025-07-10T10:03:09","date_gmt":"2025-07-10T10:03:09","guid":{"rendered":"https:\/\/www.europesays.com\/fr\/239760\/"},"modified":"2025-07-10T10:03:09","modified_gmt":"2025-07-10T10:03:09","slug":"le-royaume-uni-et-la-france-sappretent-a-devoiler-un-accord-sur-limmigration-une-entree-une-sortie","status":"publish","type":"post","link":"https:\/\/www.europesays.com\/fr\/239760\/","title":{"rendered":"Le Royaume-Uni et la France s&rsquo;appr\u00eatent \u00e0 d\u00e9voiler un accord sur l&rsquo;immigration \u00ab\u00a0une entr\u00e9e, une sortie\u00a0\u00bb"},"content":{"rendered":"<p><img decoding=\"async\" class=\"c-ad__placeholder__logo\" src=\"https:\/\/static.euronews.com\/website\/images\/logos\/logo-euronews-grey-6-180x22.svg\" width=\"180\" height=\"22\" alt=\"\" loading=\"lazy\"\/>PUBLICIT\u00c9<\/p>\n<p>Le Premier ministre britannique Keir Starmer et le pr\u00e9sident fran\u00e7ais Emmanuel Macron seraient en pourparlers pour annoncer jeudi un accord de migration \u00ab\u00a0une entr\u00e9e, une sortie\u00a0\u00bb (\u00ab\u00a0one in, one out\u00a0\u00bb), qui verrait le Royaume-Uni accueillir certains demandeurs d&rsquo;asile tout en renvoyant les autres en France, ont rapport\u00e9 jeudi les m\u00e9dias locaux.<\/p>\n<p>Le projet, dont la presse fran\u00e7aise a fait \u00e9tat pour la premi\u00e8re fois mercredi, consisterait \u00e0 renvoyer chaque semaine en France jusqu&rsquo;\u00e0 50 personnes arriv\u00e9es par petits bateaux sur les c\u00f4tes britanniques.<\/p>\n<p>Les autorit\u00e9s fran\u00e7aises accepteront les migrants renvoy\u00e9s en \u00e9change de l&rsquo;accueil par le Royaume-Uni d&rsquo;un nombre \u00e9gal de demandeurs d&rsquo;asile ayant des liens familiaux outre-Manche. En cas de succ\u00e8s, cet essai sera \u00e9tendu significativement, ont d\u00e9clar\u00e9 des sources au journal Le Monde.<\/p>\n<p>La loi fran\u00e7aise interdit \u00e0 la police d&rsquo;intervenir au-del\u00e0 de 300 m\u00e8tres du rivage<\/p>\n<p>Jeudi matin, les deux dirigeants \u00e9taient encore en train de discuter des d\u00e9tails de l&rsquo;accord, notamment de la date de d\u00e9but de l&rsquo;essai.<\/p>\n<p>Le projet pourrait encore \u00eatre remis en cause par le montant que le Royaume-Uni est pr\u00eat \u00e0 investir dans la surveillance des petits bateaux, par d&rsquo;\u00e9ventuelles contestations juridiques en France et par l&rsquo;opposition \u00e9ventuelle d&rsquo;autres pays europ\u00e9ens.<\/p>\n<p>Le Royaume-Uni a fait pression sur la France pour qu&rsquo;elle modifie son approche des travers\u00e9es de la Manche par <a href=\"https:\/\/fr.euronews.com\/my-europe\/2024\/06\/17\/naufrage-dun-bateau-de-migrants-64-personnes-portees-disparues-au-large-de-litalie\" target=\"_blank\" rel=\"noopener\"><strong>les petites embarcations<\/strong><\/a>.<\/p>\n<p>Une particularit\u00e9 de la l\u00e9gislation fran\u00e7aise emp\u00eache en effet les autorit\u00e9s d&rsquo;intervenir une fois que les migrants sont en mer, la police ne pouvant agir qu&rsquo;\u00e0 moins de 300 m\u00e8tres du rivage, \u00e0 moins qu&rsquo;un sauvetage ne soit n\u00e9cessaire.<\/p>\n<p>Les responsables politiques britanniques ont exhort\u00e9 la police fran\u00e7aise \u00e0 prendre des mesures plus fermes \u00e0 l&rsquo;encontre des embarcations apr\u00e8s qu&rsquo;elles ont quitt\u00e9 le rivage, notamment en soutenant les forces de l&rsquo;ordre pour les immobiliser.<\/p>\n<p>En f\u00e9vrier, le ministre fran\u00e7ais de l&rsquo;Int\u00e9rieur, Bruno Retailleau, a d\u00e9clar\u00e9 qu&rsquo;il \u00e9tait pr\u00eat \u00e0 modifier la loi pour permettre \u00e0 la police d&rsquo;intervenir.<\/p>\n<p>La police fran\u00e7aise cherche cependant \u00e0 obtenir les fonds n\u00e9cessaires pour couvrir les co\u00fbts des bateaux, des policiers et des drones n\u00e9cessaires \u00e0 l&rsquo;application de cette modification, qui pourrait \u00e9galement faire l&rsquo;objet de contestations judiciaires.<\/p>\n<p>Une \u00ab\u00a0priorit\u00e9 commune qui n\u00e9cessite des solutions communes\u00a0\u00bb<\/p>\n<p>Dans une interview accord\u00e9e \u00e0 la BBC, le ministre britannique de la D\u00e9fense, John Healey, a d\u00e9clar\u00e9 que l&rsquo;accord devait encore \u00eatre confirm\u00e9, mais que les deux pays avaient \u00ab\u00a0compris et accept\u00e9 qu&rsquo;il s&rsquo;agissait pour la premi\u00e8re fois d&rsquo;un d\u00e9fi commun\u00a0\u00bb.<\/p>\n<p>L&rsquo;annonce devrait avoir lieu au terme d&rsquo;une visite d&rsquo;\u00c9tat de trois jours d&rsquo;Emmanuel Macron au Royaume-Uni, la premi\u00e8re d&rsquo;un chef d&rsquo;\u00c9tat de l&rsquo;UE depuis que le pays a officiellement quitt\u00e9 l&rsquo;Union europ\u00e9enne en 2020.<\/p>\n<p>La coop\u00e9ration entre Paris et Londres sur le contr\u00f4le de l&rsquo;immigration ill\u00e9gale \u00e0 travers la Manche a stagn\u00e9 <a href=\"https:\/\/fr.euronews.com\/my-europe\/2025\/06\/27\/brexit-la-majorite-des-britanniques-voteraient-aujourdhui-pour-rester-dans-lue\" target=\"_blank\" rel=\"noopener\"><strong>apr\u00e8s le Brexit<\/strong><\/a>, mais au cours des derni\u00e8res ann\u00e9es, les deux parties ont conclu plusieurs accords qui ont vu le Royaume-Uni payer la France pour augmenter les patrouilles de police et de drones sur la c\u00f4te.<\/p>\n<p>Mercredi, les deux dirigeants ont convenu que la lutte contre les travers\u00e9es en petits bateaux \u00e9tait une \u00ab\u00a0priorit\u00e9 commune qui n\u00e9cessite des solutions communes, notamment une nouvelle mesure dissuasive pour briser le mod\u00e8le \u00e9conomique\u00a0\u00bb des gangs de passeurs, selon le bureau de Keir Starmer.<\/p>\n<p>Les deux dirigeants s&rsquo;efforceront d&rsquo;obtenir des \u00ab\u00a0progr\u00e8s concrets\u00a0\u00bb jeudi.<\/p>\n<p>Sources additionnelles<strong> \u2022 AP <\/strong><\/p>\n","protected":false},"excerpt":{"rendered":"PUBLICIT\u00c9 Le Premier ministre britannique Keir Starmer et le pr\u00e9sident fran\u00e7ais Emmanuel Macron seraient en pourparlers pour annoncer&hellip;\n","protected":false},"author":2,"featured_media":239761,"comment_status":"","ping_status":"","sticky":false,"template":"","format":"standard","meta":{"footnotes":""},"categories":[1588],"tags":[11,1073,1777,674,1061,2581,4534,12,473,1853,1851,1850,1852],"class_list":{"0":"post-239760","1":"post","2":"type-post","3":"status-publish","4":"format-standard","5":"has-post-thumbnail","7":"category-royaume-uni","8":"tag-actualites","9":"tag-emmanuel-macron","10":"tag-eu","11":"tag-europe","12":"tag-immigration","13":"tag-keir-starmer","14":"tag-londres","15":"tag-news","16":"tag-royaume-uni","17":"tag-royaume-uni-de-grande-bretagne-et-dirlande-du-nord","18":"tag-uk","19":"tag-united-kingdom","20":"tag-united-kingdom-of-great-britain-and-northern-ireland"},"share_on_mastodon":{"url":"https:\/\/pubeurope.com\/@fr\/114828372146192428","error":""},"_links":{"self":[{"href":"https:\/\/www.europesays.com\/fr\/wp-json\/wp\/v2\/posts\/239760","targetHints":{"allow":["GET"]}}],"collection":[{"href":"https:\/\/www.europesays.com\/fr\/wp-json\/wp\/v2\/posts"}],"about":[{"href":"https:\/\/www.europesays.com\/fr\/wp-json\/wp\/v2\/types\/post"}],"author":[{"embeddable":true,"href":"https:\/\/www.europesays.com\/fr\/wp-json\/wp\/v2\/users\/2"}],"replies":[{"embeddable":true,"href":"https:\/\/www.europesays.com\/fr\/wp-json\/wp\/v2\/comments?post=239760"}],"version-history":[{"count":0,"href":"https:\/\/www.europesays.com\/fr\/wp-json\/wp\/v2\/posts\/239760\/revisions"}],"wp:featuredmedia":[{"embeddable":true,"href":"https:\/\/www.europesays.com\/fr\/wp-json\/wp\/v2\/media\/239761"}],"wp:attachment":[{"href":"https:\/\/www.europesays.com\/fr\/wp-json\/wp\/v2\/media?parent=239760"}],"wp:term":[{"taxonomy":"category","embeddable":true,"href":"https:\/\/www.europesays.com\/fr\/wp-json\/wp\/v2\/categories?post=239760"},{"taxonomy":"post_tag","embeddable":true,"href":"https:\/\/www.europesays.com\/fr\/wp-json\/wp\/v2\/tags?post=239760"}],"curies":[{"name":"wp","href":"https:\/\/api.w.org\/{rel}","templated":true}]}}