{"id":239766,"date":"2025-07-10T10:06:09","date_gmt":"2025-07-10T10:06:09","guid":{"rendered":"https:\/\/www.europesays.com\/fr\/239766\/"},"modified":"2025-07-10T10:06:09","modified_gmt":"2025-07-10T10:06:09","slug":"un-conseiller-de-la-cour-de-lue-recommande-la-restitution-a-la-pologne-des-fonds-europeens-retenus-dans-laffaire-de-la-mine-de-turow","status":"publish","type":"post","link":"https:\/\/www.europesays.com\/fr\/239766\/","title":{"rendered":"Un conseiller de la Cour de l&rsquo;UE recommande la restitution \u00e0 la Pologne des fonds europ\u00e9ens retenus dans l&rsquo;affaire de la mine de Turow"},"content":{"rendered":"<p>La Pologne devrait pouvoir r\u00e9cup\u00e9rer les fonds europ\u00e9ens qui lui avaient \u00e9t\u00e9 retenus lors des paiements r\u00e9guliers de l&rsquo;Union europ\u00e9enne, afin de compenser les amendes inflig\u00e9es \u00e0 Varsovie pour sa non-conformit\u00e9 pass\u00e9e \u00e0 une d\u00e9cision de la Cour de justice de l&rsquo;UE, a estim\u00e9 jeudi un conseiller de la Cour.<\/p>\n<p>En 2021, la plus haute juridiction europ\u00e9enne avait impos\u00e9 \u00e0 la Pologne une amende quotidienne de 500\u202f000 euros (586\u202f500 dollars) pour avoir maintenu en activit\u00e9 la mine de lignite et la centrale \u00e9lectrique de Turow, situ\u00e9es \u00e0 la fronti\u00e8re avec la R\u00e9publique tch\u00e8que.<\/p>\n<p>Cette sanction faisait suite \u00e0 une plainte de Prague, qui affirmait que l&rsquo;exploitation du site mettait en danger les ressources en eau des habitants de l&rsquo;autre c\u00f4t\u00e9 de la fronti\u00e8re.<\/p>\n<p>L&rsquo;ancien gouvernement nationaliste polonais avait refus\u00e9 d&rsquo;appliquer la d\u00e9cision de la Cour, conduisant la Commission europ\u00e9enne \u00e0 retenir 68,5 millions d&rsquo;euros sur les fonds que l&rsquo;UE devait verser \u00e0 Varsovie au titre des transferts r\u00e9guliers du bloc.<\/p>\n<p>En 2024, le Tribunal g\u00e9n\u00e9ral de l&rsquo;UE avait jug\u00e9 que la Commission europ\u00e9enne \u00e9tait en droit de retenir ces montants sur les fonds destin\u00e9s \u00e0 la Pologne afin de couvrir les amendes.<\/p>\n<p>Le nouveau gouvernement centriste polonais a demand\u00e9 \u00e0 la Cour d&rsquo;annuler cette d\u00e9cision et les sanctions financi\u00e8res associ\u00e9es.<\/p>\n<p>\u00ab\u202fDans ses conclusions rendues aujourd&rsquo;hui, l&rsquo;avocate g\u00e9n\u00e9rale Juliane Kokott propose \u00e0 la Cour de justice d&rsquo;accueillir le recours de la Pologne, d&rsquo;annuler l&rsquo;arr\u00eat du Tribunal et d&rsquo;annuler les d\u00e9cisions de compensation de la Commission\u202f\u00bb, a indiqu\u00e9 la Cour dans un communiqu\u00e9.<\/p>\n<p>La Cour de justice de l&rsquo;UE suit, dans la majorit\u00e9 des cas, l&rsquo;avis de l&rsquo;avocat g\u00e9n\u00e9ral dans ses arr\u00eats.<\/p>\n<p>Dans son communiqu\u00e9, la Cour a rappel\u00e9 l&rsquo;existence d&rsquo;un \u00ab\u202faccord \u00e0 l&rsquo;amiable\u202f\u00bb conclu en 2022 entre Varsovie et Prague, dans le cadre duquel la Pologne a vers\u00e9 \u00e0 la R\u00e9publique tch\u00e8que une compensation pour la modernisation des infrastructures et d&rsquo;autres mesures de protection environnementale, en \u00e9change de la poursuite de l&rsquo;exploitation du site de Turow.<\/p>\n<p>Selon la Cour, cet accord signifie que \u00ab\u202fla Commission a \u00e0 tort compens\u00e9 le paiement de l&rsquo;amende avec les cr\u00e9ances de la Pologne sur le budget de l&rsquo;UE\u202f\u00bb.<\/p>\n<p>(1 dollar = 0,8525 euro)<br \/>(R\u00e9dig\u00e9 par Marek Strzelecki et Anna Wlodarczak-Semczuk, \u00e9dit\u00e9 par Gareth Jones)<\/p>\n","protected":false},"excerpt":{"rendered":"La Pologne devrait pouvoir r\u00e9cup\u00e9rer les fonds europ\u00e9ens qui lui avaient \u00e9t\u00e9 retenus lors des paiements r\u00e9guliers de&hellip;\n","protected":false},"author":2,"featured_media":239767,"comment_status":"","ping_status":"","sticky":false,"template":"","format":"standard","meta":{"footnotes":""},"categories":[1586],"tags":[11,340,1777,674,1779,1011,27,12,25,1778,364],"class_list":{"0":"post-239766","1":"post","2":"type-post","3":"status-publish","4":"format-standard","5":"has-post-thumbnail","7":"category-europe","8":"tag-actualites","9":"tag-bourse","10":"tag-eu","11":"tag-europe","12":"tag-european-union","13":"tag-fr","14":"tag-france","15":"tag-news","16":"tag-republique-francaise","17":"tag-ue","18":"tag-union-europeenne"},"share_on_mastodon":{"url":"https:\/\/pubeurope.com\/@fr\/114828383598367108","error":""},"_links":{"self":[{"href":"https:\/\/www.europesays.com\/fr\/wp-json\/wp\/v2\/posts\/239766","targetHints":{"allow":["GET"]}}],"collection":[{"href":"https:\/\/www.europesays.com\/fr\/wp-json\/wp\/v2\/posts"}],"about":[{"href":"https:\/\/www.europesays.com\/fr\/wp-json\/wp\/v2\/types\/post"}],"author":[{"embeddable":true,"href":"https:\/\/www.europesays.com\/fr\/wp-json\/wp\/v2\/users\/2"}],"replies":[{"embeddable":true,"href":"https:\/\/www.europesays.com\/fr\/wp-json\/wp\/v2\/comments?post=239766"}],"version-history":[{"count":0,"href":"https:\/\/www.europesays.com\/fr\/wp-json\/wp\/v2\/posts\/239766\/revisions"}],"wp:featuredmedia":[{"embeddable":true,"href":"https:\/\/www.europesays.com\/fr\/wp-json\/wp\/v2\/media\/239767"}],"wp:attachment":[{"href":"https:\/\/www.europesays.com\/fr\/wp-json\/wp\/v2\/media?parent=239766"}],"wp:term":[{"taxonomy":"category","embeddable":true,"href":"https:\/\/www.europesays.com\/fr\/wp-json\/wp\/v2\/categories?post=239766"},{"taxonomy":"post_tag","embeddable":true,"href":"https:\/\/www.europesays.com\/fr\/wp-json\/wp\/v2\/tags?post=239766"}],"curies":[{"name":"wp","href":"https:\/\/api.w.org\/{rel}","templated":true}]}}