{"id":239789,"date":"2025-07-10T10:20:10","date_gmt":"2025-07-10T10:20:10","guid":{"rendered":"https:\/\/www.europesays.com\/fr\/239789\/"},"modified":"2025-07-10T10:20:10","modified_gmt":"2025-07-10T10:20:10","slug":"zeus-le-cheval-metallique-des-jo-2024-vole-au-mont-saint-michel","status":"publish","type":"post","link":"https:\/\/www.europesays.com\/fr\/239789\/","title":{"rendered":"Zeus, le cheval m\u00e9tallique des JO 2024, vole au Mont-Saint-Michel"},"content":{"rendered":"<p>Il est arriv\u00e9 au lever du jour, suspendu dans les airs par un h\u00e9licopt\u00e8re, avant de se poser majestueusement sur la terrasse de l\u2019Ouest de l\u2019abbaye du Mont-Saint-Michel. Ce mercredi 9\u00a0juillet, Zeus, le cheval m\u00e9tallique devenu l\u2019un des symboles les plus marquants des Jeux Olympiques de Paris 2024, a entam\u00e9 une nouvelle \u00e9tape <a href=\"https:\/\/www.parismatch.com\/actu\/sport\/zeus-le-cheval-metallique-des-jeux-olympiques-de-paris-part-en-tournee-en-france-248066\" rel=\"nofollow noopener\" target=\"_blank\">de son incroyable parcours<\/a>. Imagin\u00e9e par l\u2019Atelier BLAM et soutenue par le groupe Sanofi, cette sculpture monumentale de dix m\u00e8tres de haut et pesant plus de deux tonnes continue sa travers\u00e9e de la France.<\/p>\n<p>Apr\u00e8s avoir sillonn\u00e9 plusieurs grandes villes fran\u00e7aises -Marseille \u00e0 Strasbourg en passant par Lyon ou Rouen- ainsi que Milan, Zeus s\u2019offre un \u00e9crin d\u2019exception pour l\u2019\u00e9t\u00e9\u00a0: le Mont-Saint-Michel. L\u2019installation n\u2019a pas \u00e9t\u00e9 de tout repos. Pr\u00e9par\u00e9e durant plusieurs semaines, l\u2019op\u00e9ration d\u2019h\u00e9litreuillage a \u00e9t\u00e9 men\u00e9e \u00e0 l\u2019aube pour ne pas perturber les visiteurs et respecter l\u2019int\u00e9grit\u00e9 du monument.<\/p>\n<p>    La suite apr\u00e8s cette publicit\u00e9<\/p>\n<p>Exposition jusqu\u2019au 7\u00a0septembre<\/p>\n<p>Ce cheval de m\u00e9tal, tout droit sorti d\u2019un r\u00eave futuriste, incarne une mythologie moderne. Pour Aur\u00e9lien Meyer, cofondateur de l\u2019Atelier BLAM, l\u2019\u00e9l\u00e9vation de Zeus face \u00e0 l\u2019abbaye est bien plus qu\u2019une prouesse artistique\u00a0: \u00ab\u00a0Voir Zeus s\u2019\u00e9lever face \u00e0 l\u2019abbaye du Mont-Saint-Michel est une \u00e9motion particuli\u00e8re. Nous avons imagin\u00e9 ce cheval comme une cr\u00e9ature onirique, capable de dialoguer avec les lieux qu\u2019il traverse\u00a0\u00bb, confie Aur\u00e9lien Meyer, fondateur de l\u2019atelier Blam, <a href=\"https:\/\/www.ouest-france.fr\/jeux-olympiques\/le-cheval-nantais-zeus-star-des-jo-passe-lete-au-mont-saint-michel-10a3ab0e-5cc6-11f0-b63d-e15c64c65f39\" target=\"_blank\" rel=\"nofollow noopener\">\u00e0 \u00ab\u00a0Ouest France\u00a0\u00bb<\/a>.<\/p>\n<p>    La suite apr\u00e8s cette publicit\u00e9<\/p>\n<p>L\u2019exposition est ouverte au public jusqu\u2019au 7\u00a0septembre. Les visiteurs peuvent contempler Zeus en journ\u00e9e, avec les horaires classiques d\u2019acc\u00e8s \u00e0 l\u2019abbaye (de 9\u00a0heures \u00e0 19\u00a0heures en \u00e9t\u00e9, puis jusqu\u2019\u00e0 18\u00a0heures en septembre), mais aussi lors de visites nocturnes exceptionnelles, organis\u00e9es jusqu\u2019\u00e0 minuit tout au long du mois d\u2019ao\u00fbt. L\u2019entr\u00e9e \u00e0 l\u2019\u0153uvre est incluse dans le billet habituel du monument. Une mani\u00e8re de d\u00e9mocratiser l\u2019acc\u00e8s \u00e0 l\u2019art contemporain au c\u0153ur d\u2019un site historique.<\/p>\n","protected":false},"excerpt":{"rendered":"Il est arriv\u00e9 au lever du jour, suspendu dans les airs par un h\u00e9licopt\u00e8re, avant de se poser&hellip;\n","protected":false},"author":2,"featured_media":239790,"comment_status":"","ping_status":"","sticky":false,"template":"","format":"standard","meta":{"footnotes":""},"categories":[1358],"tags":[1348,1384,1385,1386,58,59,1011,27],"class_list":{"0":"post-239789","1":"post","2":"type-post","3":"status-publish","4":"format-standard","5":"has-post-thumbnail","7":"category-arts-et-design","8":"tag-arts","9":"tag-arts-and-design","10":"tag-arts-et-design","11":"tag-design","12":"tag-divertissement","13":"tag-entertainment","14":"tag-fr","15":"tag-france"},"share_on_mastodon":{"url":"https:\/\/pubeurope.com\/@fr\/114828438626066467","error":""},"_links":{"self":[{"href":"https:\/\/www.europesays.com\/fr\/wp-json\/wp\/v2\/posts\/239789","targetHints":{"allow":["GET"]}}],"collection":[{"href":"https:\/\/www.europesays.com\/fr\/wp-json\/wp\/v2\/posts"}],"about":[{"href":"https:\/\/www.europesays.com\/fr\/wp-json\/wp\/v2\/types\/post"}],"author":[{"embeddable":true,"href":"https:\/\/www.europesays.com\/fr\/wp-json\/wp\/v2\/users\/2"}],"replies":[{"embeddable":true,"href":"https:\/\/www.europesays.com\/fr\/wp-json\/wp\/v2\/comments?post=239789"}],"version-history":[{"count":0,"href":"https:\/\/www.europesays.com\/fr\/wp-json\/wp\/v2\/posts\/239789\/revisions"}],"wp:featuredmedia":[{"embeddable":true,"href":"https:\/\/www.europesays.com\/fr\/wp-json\/wp\/v2\/media\/239790"}],"wp:attachment":[{"href":"https:\/\/www.europesays.com\/fr\/wp-json\/wp\/v2\/media?parent=239789"}],"wp:term":[{"taxonomy":"category","embeddable":true,"href":"https:\/\/www.europesays.com\/fr\/wp-json\/wp\/v2\/categories?post=239789"},{"taxonomy":"post_tag","embeddable":true,"href":"https:\/\/www.europesays.com\/fr\/wp-json\/wp\/v2\/tags?post=239789"}],"curies":[{"name":"wp","href":"https:\/\/api.w.org\/{rel}","templated":true}]}}