{"id":239791,"date":"2025-07-10T10:21:09","date_gmt":"2025-07-10T10:21:09","guid":{"rendered":"https:\/\/www.europesays.com\/fr\/239791\/"},"modified":"2025-07-10T10:21:09","modified_gmt":"2025-07-10T10:21:09","slug":"marche-de-bouquinistes-ce-vendredi-au-pied-de-la-cathedrale-de-saint-pol-de-leon","status":"publish","type":"post","link":"https:\/\/www.europesays.com\/fr\/239791\/","title":{"rendered":"March\u00e9 de bouquinistes ce vendredi au pied de la cath\u00e9drale de Saint-Pol-de-L\u00e9on"},"content":{"rendered":"<p>La foire aux livres anciens se tiendra ce vendredi 11 juillet sur le parvis de la cath\u00e9drale de Saint-Pol-de-L\u00e9on de 9\u00a0h \u00e0 17\u00a0h. \u00ab\u00a0La plus importante manifestation de ce genre dans le nord du Finist\u00e8re\u00a0\u00bb, selon son initiateur, Yvon Porz r\u00e9unit une dizaine de bouquinistes qui d\u00e9ballent des milliers d\u2019ouvrages, entre romans, essais, bandes dessin\u00e9es, documents sur la Bretagne. Comme lors des march\u00e9s pr\u00e9c\u00e9dents, plusieurs auteurs se m\u00ealeront aux bouquinistes pour d\u00e9dicacer leurs ouvrages sur le parvis et \u00e9changer.<\/p>\n","protected":false},"excerpt":{"rendered":"La foire aux livres anciens se tiendra ce vendredi 11 juillet sur le parvis de la cath\u00e9drale de&hellip;\n","protected":false},"author":2,"featured_media":239792,"comment_status":"","ping_status":"","sticky":false,"template":"","format":"standard","meta":{"footnotes":""},"categories":[1357],"tags":[1379,58,59,1011,27,1380,4607],"class_list":{"0":"post-239791","1":"post","2":"type-post","3":"status-publish","4":"format-standard","5":"has-post-thumbnail","7":"category-livres","8":"tag-books","9":"tag-divertissement","10":"tag-entertainment","11":"tag-fr","12":"tag-france","13":"tag-livres","14":"tag-saint-pol-de-leon"},"share_on_mastodon":{"url":"https:\/\/pubeurope.com\/@fr\/114828442582561779","error":""},"_links":{"self":[{"href":"https:\/\/www.europesays.com\/fr\/wp-json\/wp\/v2\/posts\/239791","targetHints":{"allow":["GET"]}}],"collection":[{"href":"https:\/\/www.europesays.com\/fr\/wp-json\/wp\/v2\/posts"}],"about":[{"href":"https:\/\/www.europesays.com\/fr\/wp-json\/wp\/v2\/types\/post"}],"author":[{"embeddable":true,"href":"https:\/\/www.europesays.com\/fr\/wp-json\/wp\/v2\/users\/2"}],"replies":[{"embeddable":true,"href":"https:\/\/www.europesays.com\/fr\/wp-json\/wp\/v2\/comments?post=239791"}],"version-history":[{"count":0,"href":"https:\/\/www.europesays.com\/fr\/wp-json\/wp\/v2\/posts\/239791\/revisions"}],"wp:featuredmedia":[{"embeddable":true,"href":"https:\/\/www.europesays.com\/fr\/wp-json\/wp\/v2\/media\/239792"}],"wp:attachment":[{"href":"https:\/\/www.europesays.com\/fr\/wp-json\/wp\/v2\/media?parent=239791"}],"wp:term":[{"taxonomy":"category","embeddable":true,"href":"https:\/\/www.europesays.com\/fr\/wp-json\/wp\/v2\/categories?post=239791"},{"taxonomy":"post_tag","embeddable":true,"href":"https:\/\/www.europesays.com\/fr\/wp-json\/wp\/v2\/tags?post=239791"}],"curies":[{"name":"wp","href":"https:\/\/api.w.org\/{rel}","templated":true}]}}