{"id":239793,"date":"2025-07-10T10:22:11","date_gmt":"2025-07-10T10:22:11","guid":{"rendered":"https:\/\/www.europesays.com\/fr\/239793\/"},"modified":"2025-07-10T10:22:11","modified_gmt":"2025-07-10T10:22:11","slug":"avant-premiere-tout-pour-la-lumiere-du-vendredi-11-juillet-2025-episode-20-tf1","status":"publish","type":"post","link":"https:\/\/www.europesays.com\/fr\/239793\/","title":{"rendered":"Avant-premi\u00e8re &#8211; Tout pour la lumi\u00e8re du vendredi 11 juillet 2025 &#8211; Episode 20 &#8211; TF1+"},"content":{"rendered":"<ol>\n<li><a href=\"https:\/\/news.google.com\/rss\/articles\/CBMi1gFBVV95cUxNOUFDUTc5WS1nd0pQSGVZM0hrU2RHTHo5NkltdHIwWUpmWEYtMjZNQUp1YnE1LWY2UkxKM09Ra2p4MTd0eWF5dlIwWTA1UzBJQV9EdHMwYTZxMHhuaUhKMUo5UzkyUm0yeHBNUEtNaTY3TFRwakh0b2I5Y2hTaDJab3dMMk9fSU5QTE5RR0ZYVTF2WXN0UWRMV2xsVTdXWUNQanRUX0M3X2R2NjRxSk1tRXMxVmdJb2hyV1RfNkNLa1Yxc0dlOHhwN3h6M2E1VlNaYmxHWVZn?oc=5\" target=\"_blank\" rel=\"noopener\">Avant-premi\u00e8re &#8211; Tout pour la lumi\u00e8re du vendredi 11 juillet 2025 &#8211; Episode 20<\/a>&nbsp;&nbsp;TF1+<\/li>\n<li><a href=\"https:\/\/news.google.com\/rss\/articles\/CBMifkFVX3lxTE52TG1ZRENLZWxNWldMLVBrd2xCblY5OVZJYnRXRC1RX0NCR0pIZ1RMV3FITDR3elN1eERsZVFHbUZkMTV2anJseFFpX0U2ZUN0YkVPVDRlUVBtTEVQS0FHRF9yZDFfSTRiY010M0tjanlPSVpZd1l3VUR2Wkxydw?oc=5\" target=\"_blank\" rel=\"noopener\">Tout pour la lumi\u00e8re : qui est le v\u00e9ritable hater de Victoria ? On a la r\u00e9ponse<\/a>&nbsp;&nbsp;AlloCin\u00e9<\/li>\n<li><a href=\"https:\/\/news.google.com\/rss\/articles\/CBMioAJBVV95cUxNS2hOdnQ1SjBBNGt3NFJZQk9zTDZkS2dUcTVRTVR5ZHlRakxvVFV2WER5X3ptbm9lR2JnWjAxclpRVXB5NUNpY1BPY0pfYlpyYTNKZGtQdENGd1BxOXlDS2ZfczJCd1FIQUJQM2lsQkxoWDVpejcyOHdFX0Y2N3Y0R2JnUVQ3XzI5OENSMDJtOVpoSmVnalpTMzdieXlKRTVUOEFnM2RZSGV3SzgyRjk1RnFZNmM5cktrYzB4THpNaElYaWxBTDVkbVhhU1BmelBHN1NmUndNcE12S3RNLW5qelZ4cV95ZFlvZ1ctVjl0WWp0SFV3emVsVkZPMjg1aWtDdXJmRERZV3Jzdmc1NVBtSzN2TTRsdGh1Vks2TlhpdUQ?oc=5\" target=\"_blank\" rel=\"noopener\">Tout pour la lumi\u00e8re en avance : ce qui vous attend dans l&rsquo;\u00e9pisode 18 du mercredi 9 juillet 2025 [SPOILERS]<\/a>&nbsp;&nbsp;Portail Orange<\/li>\n<li><a href=\"https:\/\/news.google.com\/rss\/articles\/CBMimAJBVV95cUxOQzdTVmVtVzRtRS1HMEhMcWg1MzZMaVdPSWJCcTM0ajdJakJRWkxxbndraldCSHhkZGtUQ3Nxc0xjV2FFN3cxbGNmOUl3MXNiOGZyNTRoLVhTOUlBR08yWFkzMWRFRHFDdUUxbTF1aEdTdFB6QjJ1REUyZU45WWFFTlBjbHU1RzBoY2hTNms1bnVobDdPWXkxOW1JR3VhNFV3MVFyY1hWNmlfZjFoWXBYZkxzbGc5TTNVd29sOXNpMC1EZG1DMjBtZjJXMUh3bE5tQXhtVmhiN1JENWk5aEVRVEF2NW13TjQ4aG5FQnYteFc0SFZrc3VxS19ES1FPM2YzZE5VWUl4NU9aa2Jyd3gtbVdDcHQ2OU42?oc=5\" target=\"_blank\" rel=\"noopener\">Baya sous le choc : elle surprend sa m\u00e8re Victoria en plein baiser avec Ali ! &#8211; Tout pour la lumi\u00e8re (TF1) 14 juillet 2025 (\u00e9pisode 21 &#8211; r\u00e9sum\u00e9 complet TP2L)<\/a>&nbsp;&nbsp;Nouveaut\u00e9s-T\u00e9l\u00e9.com<\/li>\n<li><a href=\"https:\/\/news.google.com\/rss\/articles\/CBMi_gFBVV95cUxNU01VTlZtR19JbUc2ckREUW9BT1ZSRndtYWVMRnMyczRDYTNlTEJDLUtyQjZHZm5TOTM5TmQ3Qk9EemdSQ0VKTW4xdUJLLTBmbmYtNGZPd0JLZnR4Zl9mZXQ0S1hFQlRhektBMUxHcF9mbVhGTVk3TE1tbGU2WFYtZlNvZkJpR2trUDdoWlVsbFpxZ1M2UFJ5cUlKS0xwekF3bTZrUkZmQ1BfSk9Ja0VuNEdRVndrVURVTmt1aFo0bENOSzQ5d09xdzRkS0FQTEtabW0yQWF6WkFqN0xnX1NqNlhrbTdudHd2VjFYVm8yd19fOU4wMWVMSWptZzFOUQ?oc=5\" target=\"_blank\" rel=\"noopener\">Tout pour la lumi\u00e8re : Jo\u00ebl d\u00e9masqu\u00e9 ? \u00ab\u00a0Je sais qui est le hater\u00a0\u00bb Le r\u00e9sum\u00e9 du 10 juillet (SPOILERS)<\/a>&nbsp;&nbsp;T\u00e9l\u00e9 7 Jours<\/li>\n<\/ol>\n","protected":false},"excerpt":{"rendered":"Avant-premi\u00e8re &#8211; Tout pour la lumi\u00e8re du vendredi 11 juillet 2025 &#8211; Episode 20&nbsp;&nbsp;TF1+ Tout pour la lumi\u00e8re&hellip;\n","protected":false},"author":2,"featured_media":239794,"comment_status":"","ping_status":"","sticky":false,"template":"","format":"standard","meta":{"footnotes":""},"categories":[1356],"tags":[58,59,1365,31167,1011,27,31171,252,31169,31168,1364,31172,31170],"class_list":{"0":"post-239793","1":"post","2":"type-post","3":"status-publish","4":"format-standard","5":"has-post-thumbnail","7":"category-television","8":"tag-divertissement","9":"tag-entertainment","10":"tag-episode","11":"tag-episode-tout-pour-la-lumiere","12":"tag-fr","13":"tag-france","14":"tag-streaming-tout-pour-la-lumiere","15":"tag-television","16":"tag-tout-pour-la-lumiere","17":"tag-tout-pour-la-lumiere-episode","18":"tag-tv","19":"tag-video-en-streaming-tout-pour-la-lumiere","20":"tag-video-tout-pour-la-lumiere"},"share_on_mastodon":{"url":"https:\/\/pubeurope.com\/@fr\/114828446526771796","error":""},"_links":{"self":[{"href":"https:\/\/www.europesays.com\/fr\/wp-json\/wp\/v2\/posts\/239793","targetHints":{"allow":["GET"]}}],"collection":[{"href":"https:\/\/www.europesays.com\/fr\/wp-json\/wp\/v2\/posts"}],"about":[{"href":"https:\/\/www.europesays.com\/fr\/wp-json\/wp\/v2\/types\/post"}],"author":[{"embeddable":true,"href":"https:\/\/www.europesays.com\/fr\/wp-json\/wp\/v2\/users\/2"}],"replies":[{"embeddable":true,"href":"https:\/\/www.europesays.com\/fr\/wp-json\/wp\/v2\/comments?post=239793"}],"version-history":[{"count":0,"href":"https:\/\/www.europesays.com\/fr\/wp-json\/wp\/v2\/posts\/239793\/revisions"}],"wp:featuredmedia":[{"embeddable":true,"href":"https:\/\/www.europesays.com\/fr\/wp-json\/wp\/v2\/media\/239794"}],"wp:attachment":[{"href":"https:\/\/www.europesays.com\/fr\/wp-json\/wp\/v2\/media?parent=239793"}],"wp:term":[{"taxonomy":"category","embeddable":true,"href":"https:\/\/www.europesays.com\/fr\/wp-json\/wp\/v2\/categories?post=239793"},{"taxonomy":"post_tag","embeddable":true,"href":"https:\/\/www.europesays.com\/fr\/wp-json\/wp\/v2\/tags?post=239793"}],"curies":[{"name":"wp","href":"https:\/\/api.w.org\/{rel}","templated":true}]}}