{"id":239829,"date":"2025-07-10T10:42:09","date_gmt":"2025-07-10T10:42:09","guid":{"rendered":"https:\/\/www.europesays.com\/fr\/239829\/"},"modified":"2025-07-10T10:42:09","modified_gmt":"2025-07-10T10:42:09","slug":"il-pensait-acheter-une-voiture-mais-il-tombe-dans-un-traquenard-pres-de-rouen","status":"publish","type":"post","link":"https:\/\/www.europesays.com\/fr\/239829\/","title":{"rendered":"Il pensait acheter une voiture mais il tombe dans un traquenard pr\u00e8s de Rouen"},"content":{"rendered":"<p>            Par<br \/>\n        <strong><br \/>\n            <a href=\"https:\/\/actu.fr\/auteur\/adrien-filoche\" title=\"Consulter tous les articles de Adrien Filoche\" target=\"_blank\" rel=\"noopener\">Adrien Filoche<\/a><br \/>\n        <\/strong><\/p>\n<p>        Publi\u00e9 le<\/p>\n<p>            10 juil. 2025 \u00e0 11h55        <\/p>\n<p><strong>Une visite qu\u2019il n\u2019oubliera pas de sit\u00f4t.<\/strong> Le mercredi 9\u00a0juillet 2025, un homme de 31\u00a0ans a \u00e9t\u00e9 victime <strong>d\u2019un guet-apens<\/strong>. Parti depuis Paris, il s\u2019est rendu \u00e0 <a href=\"https:\/\/actu.fr\/normandie\/grand-couronne_76319\" target=\"_blank\" rel=\"noopener\">Grand-Couronne (Seine-Maritime)<\/a> pour conclure l\u2019achat d\u2019une voiture \u00e0 la suite d\u2019une annonce sur le site <strong>leboncoin<\/strong>. Mais il a \u00e9t\u00e9 <strong>pris \u00e0 partie par trois adolescents.<\/strong><\/p>\n<p>Ils voulaient \u00ab\u2009le d\u00e9pouiller\u2009\u00bb<\/p>\n<p class=\" wall-content\">Arriv\u00e9e pour finaliser la vente, la victime tombe nez \u00e0 nez avec trois individus. Les agresseurs, d\u00e9pos\u00e9s par un v\u00e9hicule, le prennent en chasse \u00ab\u2009pour le d\u00e9pouiller\u2009\u00bb, comme le d\u00e9crit une source polici\u00e8re.<\/p>\n<p class=\" wall-content\">L\u2019acheteur prend la fuite et parvient \u00e0 trouver de l\u2019aide. Un homme de 33\u00a0ans intervient et intercepte les trois adolescents. Deux sont \u00e2g\u00e9s de 14\u00a0ans, le troisi\u00e8me de 17\u00a0ans. L\u2019un d\u2019eux est porteur d\u2019une <strong>bombe lacrymog\u00e8ne<\/strong>.<\/p>\n<p class=\" wall-content\">C\u2019est d\u2019ailleurs le sauveur qui alerte la police. Sur place, les forces de l\u2019ordre interpellent les trois individus et les conduisent \u00e0 l\u2019h\u00f4tel de police. Ils terminent leur route en garde \u00e0 vue.<\/p>\n<p>Suivez l\u2019actualit\u00e9 de Rouen sur <a href=\"https:\/\/www.whatsapp.com\/channel\/0029VaKfnf99hXF2ddApFB1D\" target=\"_blank\" rel=\"noopener\">notre cha\u00eene WhatsApp<\/a> et sur <a href=\"https:\/\/www.tiktok.com\/@76actu.fr?lang=fr\" target=\"_blank\" rel=\"noopener\">notre compte TikTok<\/a>Vid\u00e9os : en ce moment sur Actu<\/p>\n<p class=\" wall-content\">Suivez toute l\u2019actualit\u00e9 de vos villes et m\u00e9dias favoris en vous inscrivant \u00e0 <a href=\"https:\/\/moncompte.actu.fr\" title=\"D\u00e9couvez Mon Actu\" rel=\"nofollow noopener\" data-trk=\"{&quot;cta&quot;:{&quot;action&quot;:&quot;https:\\\/\\\/moncompte.actu.fr&quot;,&quot;category&quot;:&quot;mon compte&quot;,&quot;from&quot;:&quot;article footer&quot;,&quot;name&quot;:&quot;Mon actu&quot;,&quot;type&quot;:&quot;cta&quot;}}\" target=\"_blank\">Mon Actu<\/a>.<\/p>\n<p>                    <script async src=\"\/\/www.tiktok.com\/embed.js\"><\/script><\/p>\n","protected":false},"excerpt":{"rendered":"Par Adrien Filoche Publi\u00e9 le 10 juil. 2025 \u00e0 11h55 Une visite qu\u2019il n\u2019oubliera pas de sit\u00f4t. Le&hellip;\n","protected":false},"author":2,"featured_media":239830,"comment_status":"","ping_status":"","sticky":false,"template":"","format":"standard","meta":{"footnotes":""},"categories":[9587],"tags":[1111,11,1777,674,118,1011,27,8025,12,5161,1072,25,9590],"class_list":{"0":"post-239829","1":"post","2":"type-post","3":"status-publish","4":"format-standard","5":"has-post-thumbnail","7":"category-rouen","8":"tag-actu","9":"tag-actualites","10":"tag-eu","11":"tag-europe","12":"tag-faits-divers","13":"tag-fr","14":"tag-france","15":"tag-leboncoin","16":"tag-news","17":"tag-normandie","18":"tag-police","19":"tag-republique-francaise","20":"tag-rouen"},"share_on_mastodon":{"url":"https:\/\/pubeurope.com\/@fr\/114828525189207449","error":""},"_links":{"self":[{"href":"https:\/\/www.europesays.com\/fr\/wp-json\/wp\/v2\/posts\/239829","targetHints":{"allow":["GET"]}}],"collection":[{"href":"https:\/\/www.europesays.com\/fr\/wp-json\/wp\/v2\/posts"}],"about":[{"href":"https:\/\/www.europesays.com\/fr\/wp-json\/wp\/v2\/types\/post"}],"author":[{"embeddable":true,"href":"https:\/\/www.europesays.com\/fr\/wp-json\/wp\/v2\/users\/2"}],"replies":[{"embeddable":true,"href":"https:\/\/www.europesays.com\/fr\/wp-json\/wp\/v2\/comments?post=239829"}],"version-history":[{"count":0,"href":"https:\/\/www.europesays.com\/fr\/wp-json\/wp\/v2\/posts\/239829\/revisions"}],"wp:featuredmedia":[{"embeddable":true,"href":"https:\/\/www.europesays.com\/fr\/wp-json\/wp\/v2\/media\/239830"}],"wp:attachment":[{"href":"https:\/\/www.europesays.com\/fr\/wp-json\/wp\/v2\/media?parent=239829"}],"wp:term":[{"taxonomy":"category","embeddable":true,"href":"https:\/\/www.europesays.com\/fr\/wp-json\/wp\/v2\/categories?post=239829"},{"taxonomy":"post_tag","embeddable":true,"href":"https:\/\/www.europesays.com\/fr\/wp-json\/wp\/v2\/tags?post=239829"}],"curies":[{"name":"wp","href":"https:\/\/api.w.org\/{rel}","templated":true}]}}