{"id":239831,"date":"2025-07-10T10:43:27","date_gmt":"2025-07-10T10:43:27","guid":{"rendered":"https:\/\/www.europesays.com\/fr\/239831\/"},"modified":"2025-07-10T10:43:27","modified_gmt":"2025-07-10T10:43:27","slug":"insolite-entre-rouen-et-evreux-participez-a-un-voyage-en-train-hors-du-temps","status":"publish","type":"post","link":"https:\/\/www.europesays.com\/fr\/239831\/","title":{"rendered":"Insolite. Entre Rouen et Evreux, participez \u00e0 un voyage en train hors du temps"},"content":{"rendered":"<p>            Par<br \/>\n        <strong><br \/>\n            <a href=\"https:\/\/actu.fr\/auteur\/anthony-bonnet\" title=\"Consulter tous les articles de Anthony Bonnet\" rel=\"nofollow noopener\" target=\"_blank\">Anthony Bonnet<\/a><br \/>\n        <\/strong><\/p>\n<p>        Publi\u00e9 le<\/p>\n<p>            10 juil. 2025 \u00e0 7h00        <\/p>\n<p>Deux mois apr\u00e8s le 160e anniversaire de la gare de <a href=\"https:\/\/actu.fr\/normandie\/brionne_27116\" rel=\"nofollow noopener\" target=\"_blank\">Brionne (Eure)<\/a> pr\u00e9vu le dimanche 27 juillet 2025, <b>l\u2019association Brionne Eco-mobilit\u00e9s <\/b>va cr\u00e9er de nouveau l\u2019\u00e9v\u00e9nement le samedi 27 septembre. Les b\u00e9n\u00e9voles ont eu l\u2019id\u00e9e de mettre en circulation un train sp\u00e9cial <b>entre Rouen et \u00c9vreux.<\/b><\/p>\n<p>Une vente de billets \u00e0 Brionne\u00a0<\/p>\n<p class=\" wall-content\">En collaboration avec <a href=\"https:\/\/pvcasso.fr\/\" rel=\"nofollow noopener\" target=\"_blank\">le Pacific Vapeur Club<\/a>, situ\u00e9 en Seine-Maritime, une locomotive, tractant<b> trois voitures des ann\u00e9es 1940<\/b>, partira \u00e0 9 h de Rouen et rejoindra \u00c9vreux, en passant par les gares d\u2019Elbeuf, Grand-Bourgtheroulde, Brionne, Beaumont-le-Roger, Romilly-la-Puthenaye, Conches-en-Ouche et La Bonneville-sur-Iton.<\/p>\n<p class=\" wall-content\">Les passagers pourront monter \u00e0 bord dans chacune des gares. Puis le train, <b>\u00e0 vitesse mod\u00e9r\u00e9e<\/b>, effectuera le voyage en sens inverse pour le retour dans l\u2019apr\u00e8s-midi. \u00ab Les membres du Pacific Vapeur Club seront habill\u00e9s en tenue d\u2019\u00e9poque et il y aura des animations lors des arr\u00eats dans certaines gares, notamment un cocktail musical pendant 45\u00a0minutes \u00bb, expliquent Xavier Braud et Marie-Christine Zerkaoui, <a href=\"https:\/\/actu.fr\/normandie\/brionne_27116\/brionne-ces-passionnes-de-train-veulent-attirer-60-000-voyageurs-a-la-gare_60589161.html\" rel=\"nofollow noopener\" target=\"_blank\">pr\u00e9sident et vice-pr\u00e9sidente de Brionne Eco-mobilit\u00e9s.<\/a><\/p>\n<p class=\" wall-content\"><b>Un tarif unique de 18 \u20ac<\/b> est propos\u00e9 pour <b>les 232 places disponibles<\/b>. Les billets peuvent \u00eatre acquis<a href=\"https:\/\/www.helloasso.com\/associations\/brionne-eco-mobilites\/evenements\/train-special-rouen-evreux\" rel=\"nofollow noopener\" target=\"_blank\"> sur internet, sur le site helloasso.com. <\/a><\/p>\n<p class=\" wall-content\">Une vente sera aussi organis\u00e9e sur<b> le march\u00e9 de Brionne<\/b> le dimanche 13 juillet de 8 h \u00e0 12 h. Mieux vaut ne pas tarder pour acqu\u00e9rir son ticket, conseillent les organisateurs.<\/p>\n<p>    <a href=\"https:\/\/www.facebook.com\/plugins\/post.php?href=https%3A%2F%2Fwww.facebook.com%2Fjerome.pasco%2Fposts%2Fpfbid0dXHatPsCC4WxxPEg35u6t44N4igLD7mcuGN5s6dx5iWmTW9hfxNQD6hk8Snzzae4l&amp;show_text=true&amp;width=350\" title=\"Ouvrie le lien\" rel=\"nofollow noopener\" target=\"_blank\">Cliquez ici pour visualiser le contenu<\/a><\/p>\n<p>Vid\u00e9os : en ce moment sur ActuProuver que cette liaison est possible<\/p>\n<p class=\" wall-content\">Cette op\u00e9ration festive vise \u00ab \u00e0 montrer l\u2019int\u00e9r\u00eat de cette ligne \u00bb, plaide l\u2019association, investie depuis plusieurs mois pour mettre fin <a href=\"https:\/\/actu.fr\/normandie\/serquigny_27622\/eure-relier-evreux-a-rouen-en-train-mobilisation-pour-faire-aboutir-le-projet_61845280.html\" rel=\"nofollow noopener\" target=\"_blank\">\u00e0 ce qui est consid\u00e9r\u00e9 comme une anomalie significative<\/a> : aucun train de voyageurs ne circule actuellement entre les deux capitales d\u00e9partementales de l\u2019Eure et de la Seine-Maritime.<\/p>\n<p class=\" wall-content\">Une solution existe, et elle est<b> simple et peu co\u00fbteuse<\/b> selon ses promoteurs : relier \u00c9vreux \u00e0 Rouen en 1 h 30 en passant par <b>le n\u0153ud ferroviaire de Serquigny<\/b>, le trajet qu\u2019empruntera d\u2019ailleurs exceptionnellement la locomotive en septembre. Le potentiel de passagers est estim\u00e9 \u00e0 3 000 par jour.<\/p>\n<p class=\" wall-content\">\u00ab Le pr\u00e9sident de la R\u00e9gion Normandie, <b>Herv\u00e9 Morin<\/b>, a parl\u00e9 de cette perspective en disant qu\u2019elle \u00e9tait \u00e0 l\u2019\u00e9tude lors d\u2019une r\u00e9union \u00e0 Sotteville-l\u00e8s-Rouen le 23 mai \u00bb, indique Xavier Braud, en y voyant <b>un signe positif<\/b> pour faire aboutir ce projet qui contribuerait \u00e0 d\u00e9velopper la fr\u00e9quentation des petites gares du sud de l\u2019Eure.<\/p>\n<p class=\" wall-content\">L\u2019association peut compter sur<b> le soutien<\/b>, entre autres, des maires de Brionne, Beaumont-le-Roger, Serquigny et Conches-en-Ouche.<\/p>\n<p class=\" wall-content\">De nombreuses collectivit\u00e9s ont d\u2019ailleurs d\u00e9cid\u00e9 de contribuer \u00e0 l\u2019\u00e9v\u00e9nement du 27 septembre, dont le co\u00fbt est estim\u00e9 \u00e0 11 350 \u20ac, en accordant <b>une subvention<\/b> \u00e0 Brionne Eco-mobilit\u00e9s. Les \u00e9lus seront invit\u00e9s \u00e0 prendre la parole \u00e0 cette occasion pour manifester leur soutien.<\/p>\n<p>Renseignements au 06 23 56 77 09 (apr\u00e8s 19 h) ou par mail : <a href=\"https:\/\/actu.fr\/cdn-cgi\/l\/email-protection\" class=\"__cf_email__\" data-cfemail=\"117374636579747d7e653f777073637872742326516870797e7e3f7763\" rel=\"nofollow noopener\" target=\"_blank\">[email\u00a0protected]<\/a><\/p>\n<p class=\" wall-content\">Suivez toute l\u2019actualit\u00e9 de vos villes et m\u00e9dias favoris en vous inscrivant \u00e0 <a href=\"https:\/\/moncompte.actu.fr\" title=\"D\u00e9couvez Mon Actu\" rel=\"nofollow noopener\" data-trk=\"{&quot;cta&quot;:{&quot;action&quot;:&quot;https:\\\/\\\/moncompte.actu.fr&quot;,&quot;category&quot;:&quot;mon compte&quot;,&quot;from&quot;:&quot;article footer&quot;,&quot;name&quot;:&quot;Mon actu&quot;,&quot;type&quot;:&quot;cta&quot;}}\" target=\"_blank\">Mon Actu<\/a>.<\/p>\n","protected":false},"excerpt":{"rendered":"Par Anthony Bonnet Publi\u00e9 le 10 juil. 2025 \u00e0 7h00 Deux mois apr\u00e8s le 160e anniversaire de la&hellip;\n","protected":false},"author":2,"featured_media":239832,"comment_status":"","ping_status":"","sticky":false,"template":"","format":"standard","meta":{"footnotes":""},"categories":[9587],"tags":[1111,11,1777,674,1011,27,937,1757,12,5161,25,9590,104],"class_list":{"0":"post-239831","1":"post","2":"type-post","3":"status-publish","4":"format-standard","5":"has-post-thumbnail","7":"category-rouen","8":"tag-actu","9":"tag-actualites","10":"tag-eu","11":"tag-europe","12":"tag-fr","13":"tag-france","14":"tag-histoire","15":"tag-insolite","16":"tag-news","17":"tag-normandie","18":"tag-republique-francaise","19":"tag-rouen","20":"tag-societe"},"share_on_mastodon":{"url":"https:\/\/pubeurope.com\/@fr\/114828529048750161","error":""},"_links":{"self":[{"href":"https:\/\/www.europesays.com\/fr\/wp-json\/wp\/v2\/posts\/239831","targetHints":{"allow":["GET"]}}],"collection":[{"href":"https:\/\/www.europesays.com\/fr\/wp-json\/wp\/v2\/posts"}],"about":[{"href":"https:\/\/www.europesays.com\/fr\/wp-json\/wp\/v2\/types\/post"}],"author":[{"embeddable":true,"href":"https:\/\/www.europesays.com\/fr\/wp-json\/wp\/v2\/users\/2"}],"replies":[{"embeddable":true,"href":"https:\/\/www.europesays.com\/fr\/wp-json\/wp\/v2\/comments?post=239831"}],"version-history":[{"count":0,"href":"https:\/\/www.europesays.com\/fr\/wp-json\/wp\/v2\/posts\/239831\/revisions"}],"wp:featuredmedia":[{"embeddable":true,"href":"https:\/\/www.europesays.com\/fr\/wp-json\/wp\/v2\/media\/239832"}],"wp:attachment":[{"href":"https:\/\/www.europesays.com\/fr\/wp-json\/wp\/v2\/media?parent=239831"}],"wp:term":[{"taxonomy":"category","embeddable":true,"href":"https:\/\/www.europesays.com\/fr\/wp-json\/wp\/v2\/categories?post=239831"},{"taxonomy":"post_tag","embeddable":true,"href":"https:\/\/www.europesays.com\/fr\/wp-json\/wp\/v2\/tags?post=239831"}],"curies":[{"name":"wp","href":"https:\/\/api.w.org\/{rel}","templated":true}]}}