{"id":239835,"date":"2025-07-10T10:45:11","date_gmt":"2025-07-10T10:45:11","guid":{"rendered":"https:\/\/www.europesays.com\/fr\/239835\/"},"modified":"2025-07-10T10:45:11","modified_gmt":"2025-07-10T10:45:11","slug":"grenoble-condamne-pour-evasion-fiscale-lediteur-jacques-glenat-suspendu-de-la-legion-dhonneur-pour-six-ans","status":"publish","type":"post","link":"https:\/\/www.europesays.com\/fr\/239835\/","title":{"rendered":"Grenoble. Condamn\u00e9 pour \u00e9vasion fiscale, l\u2019\u00e9diteur Jacques Gl\u00e9nat suspendu de la L\u00e9gion d\u2019honneur pour six ans"},"content":{"rendered":"<p>Les deux d\u00e9crets sont parus au Journal officiel ce jeudi 10\u00a0juillet. L\u2019\u00e9diteur grenoblois <a href=\"https:\/\/www.ledauphine.com\/p\/jacques-glenat\" target=\"_blank\" rel=\"nofollow noopener\">Jacques Gl\u00e9nat<\/a> a \u00e9t\u00e9 suspendu pour six ans de l\u2019ordre de la L\u00e9gion d\u2019honneur et de celui du M\u00e9rite. Une d\u00e9cision prise en raison de <a href=\"https:\/\/www.ledauphine.com\/economie\/2021\/09\/07\/evasion-fiscale-18-mois-de-prison-avec-sursis-pour-le-fondateur-des-editions-glenat\" target=\"_blank\" rel=\"nofollow noopener\">sa condamnation, en 2021<\/a>, \u00e0 18 mois de prison avec sursis pour \u00e9vasion fiscale.<\/p>\n<p>Le fondateur des \u00c9ditions Gl\u00e9nat, cr\u00e9\u00e9es en 1969 \u00e0 Grenoble et sp\u00e9cialis\u00e9es dans la BD, ne peut plus, \u00ab\u00a0pour une dur\u00e9e de six ans\u00a0\u00bb, exercer ses \u00ab\u00a0droits et pr\u00e9rogatives attach\u00e9s \u00e0 sa qualit\u00e9 de chevalier de la L\u00e9gion d\u2019honneur\u00a0\u00bb, pr\u00e9cise le premier d\u00e9cret pr\u00e9sidentiel, dat\u00e9 du 8\u00a0juillet. Il est, en outre, priv\u00e9 du droit de \u00ab\u00a0porter les insignes de toute d\u00e9coration fran\u00e7aise ou \u00e9trang\u00e8re ressortissant \u00e0 la grande chancellerie de la L\u00e9gion d\u2019honneur\u00a0\u00bb. \u00c9galement dat\u00e9 de mardi, l\u2019autre d\u00e9cret lui retire, pour la m\u00eame dur\u00e9e, \u00ab\u00a0l\u2019exercice des droits et pr\u00e9rogatives attach\u00e9s \u00e0 sa qualit\u00e9 de chevalier de l\u2019ordre national du M\u00e9rite\u00a0\u00bb. Le code de la L\u00e9gion d\u2019honneur et de l\u2019ordre national du M\u00e9rite pr\u00e9voit la suspension du port des d\u00e9corations ou l\u2019exclusion de ces ordres \u00e0 la suite d\u2019une condamnation.<\/p>\n<p>  Un pr\u00e9judice total fiscal \u00e9valu\u00e9 \u00e0 2,2\u00a0millions d\u2019euros<\/p>\n<p>Le dirigeant historique des \u00c9ditions Gl\u00e9nat avait \u00e9t\u00e9 condamn\u00e9, en septembre\u00a02021, par le tribunal correctionnel de Paris \u00e0 18 mois de prison avec sursis et 200\u00a0000\u00a0euros d\u2019amende pour de l\u2019\u00e9vasion fiscale r\u00e9v\u00e9l\u00e9e par les \u201cPanama Papers\u201d, un scandale d\u2019\u00e9vasion fiscale qui avait \u00e9clat\u00e9 au printemps 2016. Le Grenoblois figurait dans les listings pour avoir notamment poss\u00e9d\u00e9 une soci\u00e9t\u00e9 domicili\u00e9e aux Seychelles servant \u00e0 acheter notamment des \u0153uvres d\u2019art. Il avait pr\u00e9f\u00e9r\u00e9 la fermer quand les \u00eeles Vierges britanniques avaient oblig\u00e9, en 2014, les soci\u00e9t\u00e9s \u00e0 renseigner les noms de leurs actionnaires. Lors de l\u2019audience, Jacques Gl\u00e9nat avait \u00ab\u00a0tout \u00e0 fait\u00a0\u00bb reconnu sa culpabilit\u00e9 pour ces faits de \u00ab\u00a0blanchiment de fraude fiscale aggrav\u00e9e\u00a0\u00bb\ufeff.<\/p>\n<p>Le minist\u00e8re public avait, \u00e0 l\u2018\u00e9poque, \u00e9voqu\u00e9 le \u00ab\u00a0sch\u00e9ma frauduleux\u00a0\u00bb et le \u00ab\u00a0montage sophistiqu\u00e9\u00a0\u00bb mis en place en 1997 par M. Gl\u00e9nat, via \u00ab\u00a0l\u2019interposition de plusieurs soci\u00e9t\u00e9s en Belgique puis dans des paradis fiscaux\u00a0\u00bb, pour un pr\u00e9judice total fiscal \u00e9valu\u00e9 \u00e0 2,2\u00a0millions d\u2019euros.<\/p>\n<p>Jacques Gl\u00e9nat a \u00e9t\u00e9 fait chevalier de la L\u00e9gion d\u2019honneur en 2018 sous la pr\u00e9sidence d\u2019<a href=\"https:\/\/www.ledauphine.com\/p\/emmanuel-macron\" target=\"_blank\" rel=\"nofollow noopener\">Emmanuel Macron<\/a>.<\/p>\n","protected":false},"excerpt":{"rendered":"Les deux d\u00e9crets sont parus au Journal officiel ce jeudi 10\u00a0juillet. L\u2019\u00e9diteur grenoblois Jacques Gl\u00e9nat a \u00e9t\u00e9 suspendu&hellip;\n","protected":false},"author":2,"featured_media":239836,"comment_status":"","ping_status":"","sticky":false,"template":"","format":"standard","meta":{"footnotes":""},"categories":[9566],"tags":[1111,11,2430,1687,112,1777,674,274,107,1011,27,2731,2732,108,2410,12,25,104],"class_list":{"0":"post-239835","1":"post","2":"type-post","3":"status-publish","4":"format-standard","5":"has-post-thumbnail","7":"category-grenoble","8":"tag-actu","9":"tag-actualites","10":"tag-auvergne-rhone-alpes","11":"tag-culture-loisirs","12":"tag-edition-grenoble-agglomeration","13":"tag-eu","14":"tag-europe","15":"tag-faits-divers-justice","16":"tag-fil-info","17":"tag-fr","18":"tag-france","19":"tag-grenoble","20":"tag-grenoble-bassin","21":"tag-isere","22":"tag-livres-bd","23":"tag-news","24":"tag-republique-francaise","25":"tag-societe"},"share_on_mastodon":{"url":"https:\/\/pubeurope.com\/@fr\/114828536890004069","error":""},"_links":{"self":[{"href":"https:\/\/www.europesays.com\/fr\/wp-json\/wp\/v2\/posts\/239835","targetHints":{"allow":["GET"]}}],"collection":[{"href":"https:\/\/www.europesays.com\/fr\/wp-json\/wp\/v2\/posts"}],"about":[{"href":"https:\/\/www.europesays.com\/fr\/wp-json\/wp\/v2\/types\/post"}],"author":[{"embeddable":true,"href":"https:\/\/www.europesays.com\/fr\/wp-json\/wp\/v2\/users\/2"}],"replies":[{"embeddable":true,"href":"https:\/\/www.europesays.com\/fr\/wp-json\/wp\/v2\/comments?post=239835"}],"version-history":[{"count":0,"href":"https:\/\/www.europesays.com\/fr\/wp-json\/wp\/v2\/posts\/239835\/revisions"}],"wp:featuredmedia":[{"embeddable":true,"href":"https:\/\/www.europesays.com\/fr\/wp-json\/wp\/v2\/media\/239836"}],"wp:attachment":[{"href":"https:\/\/www.europesays.com\/fr\/wp-json\/wp\/v2\/media?parent=239835"}],"wp:term":[{"taxonomy":"category","embeddable":true,"href":"https:\/\/www.europesays.com\/fr\/wp-json\/wp\/v2\/categories?post=239835"},{"taxonomy":"post_tag","embeddable":true,"href":"https:\/\/www.europesays.com\/fr\/wp-json\/wp\/v2\/tags?post=239835"}],"curies":[{"name":"wp","href":"https:\/\/api.w.org\/{rel}","templated":true}]}}