{"id":239839,"date":"2025-07-10T10:47:09","date_gmt":"2025-07-10T10:47:09","guid":{"rendered":"https:\/\/www.europesays.com\/fr\/239839\/"},"modified":"2025-07-10T10:47:09","modified_gmt":"2025-07-10T10:47:09","slug":"ces-deux-communes-pres-de-rennes-vont-faire-la-fete-lors-du-tour-de-france","status":"publish","type":"post","link":"https:\/\/www.europesays.com\/fr\/239839\/","title":{"rendered":"ces deux communes pr\u00e8s de Rennes vont faire la f\u00eate lors du Tour de France"},"content":{"rendered":"<p>            Par<br \/>\n        <strong><br \/>\n            <a href=\"https:\/\/actu.fr\/auteur\/benoit-fouque\" title=\"Consulter tous les articles de Benoit Fouque\" rel=\"nofollow noopener\" target=\"_blank\">Benoit Fouque<\/a><br \/>\n        <\/strong><\/p>\n<p>        Publi\u00e9 le<\/p>\n<p>            10 juil. 2025 \u00e0 12h00        <\/p>\n<p>La plus grande course du monde \u00e0 <a href=\"https:\/\/actu.fr\/bretagne\/liffre_35152\" rel=\"nofollow noopener\" target=\"_blank\">Liffr\u00e9<\/a> et <a href=\"https:\/\/actu.fr\/bretagne\/chasne-sur-illet_35067\" rel=\"nofollow noopener\" target=\"_blank\">Chasn\u00e9-sur-Illet<\/a> <b>(Ille-et-Vilaine)<\/b>. Les deux communes s\u2019appr\u00eatent \u00e0 voir d\u00e9bouler les coureurs du <a href=\"https:\/\/actu.fr\/tour-de-france\/\" rel=\"nofollow noopener\" target=\"_blank\">Tour de France<\/a> cycliste, <b>samedi 12 juillet<\/b>, lors de la 8e \u00e9tape entre <b>Saint-M\u00e9en-le-Grand<\/b> et <b>Laval<\/b> (171,4km).<\/p>\n<p class=\" wall-content\">Le peloton de la Grande Boucle s\u2019\u00e9lancera de la ville de d\u00e9part \u00e0 13h10. Il traversera plusieurs communes (<b>Montauban-de-Bretagne, Romill\u00e9, Gevez\u00e9, Melesse\u2026<\/b>) avant d\u2019arriver \u00e0 <b>Saint-Sulpice-la-For\u00eat<\/b> par la D528 entre 14h29 et 14h34, puis de prendre la direction de <b>Chasn\u00e9-sur-Illet<\/b> par la D97.<\/p>\n<p class=\" wall-content\">Les coureurs doivent entrer dans la commune entre 14h32 et 14h38 et rouler sur la D25 puis la D106. La <b>caravane publicitaire<\/b> passera \u00e0 partir de 12h38.<\/p>\n<p class=\" wall-content\">Tadej Poga\u010dar, Jonas Vingegaard et les stars du <b>Tour de France<\/b> se dirigeront vers <b>Liffr\u00e9<\/b> en sillonnant une partie de la for\u00eat avant d\u2019entrer dans la ville \u00e0 hauteur du parc Pierre Rouzel, entre 14h39 et 14h45. La caravane publicitaire est pr\u00e9vue \u00e0 partir de 12h45.<\/p>\n<p>Ecran g\u00e9ant, fresque, feu d\u2019artifice\u2026<\/p>\n<p class=\" wall-content\">Apr\u00e8s avoir parcouru l\u2019avenue de la For\u00eat, les coureurs tourneront \u00e0 gauche dans la rue de Rennes, puis \u00e0 droite au carrefour de l\u2019<b>\u00e9glise<\/b> et de la <b>mairie<\/b> vers l\u2019avenue Fran\u00e7ois Mitterrand. Ils se dirigeront sur la D528 vers La Bou\u00ebxi\u00e8re, o\u00f9 ils sont attendus entre 14h48 et 14h55.<\/p>\n<p>Vid\u00e9os : en ce moment sur Actu<\/p>\n<blockquote class=\"ac-article-quote wall-content\">\n<p>Pour assurer la s\u00e9curit\u00e9 du public, la circulation sera fortement perturb\u00e9e. De nombreuses routes seront barr\u00e9es de 10h \u00e0 17h, sans possibilit\u00e9 de traverser le trac\u00e9.<\/p>\n<p>Ville de Liffr\u00e9<\/p><\/blockquote>\n<p class=\" wall-content\">Pour c\u00e9l\u00e9brer cet \u00ab \u00e9v\u00e9nement exceptionnel \u00bb, la Ville et ses partenaires associatifs organisent \u00ab une grande journ\u00e9e festive, m\u00ealant sport, culture et convivialit\u00e9 \u00bb.\u00a0<\/p>\n<blockquote class=\"ac-article-quote wall-content\">\n<p>Ce moment unique est une formidable occasion de rassembler les habitants autour des valeurs populaires et f\u00e9d\u00e9ratrices du Tour. C\u2019est aussi l\u2019opportunit\u00e9 de faire rayonner notre commune \u00e0 l\u2019\u00e9chelle nationale. Nous avons souhait\u00e9 en faire une vraie f\u00eate pour tous.<\/p>\n<p>Guillaume\u00a0B\u00e9gu\u00e9, maire de Liffr\u00e9<\/p><\/blockquote>\n<p class=\" wall-content\">D\u00e8s 10h, un <b>village d\u2019animations<\/b> sera install\u00e9 sur le campus Ferry.\u00a0Au programme : retransmission en\u00a0direct de la course sur \u00e9cran g\u00e9ant, espace de\u00a0restauration avec food trucks et buvettes, cr\u00e9ation\u00a0en direct d\u2019une fresque de street art, initiations\u00a0sportives, jeux pour les enfants et animations propos\u00e9es par les associations locales.<\/p>\n<p class=\" wall-content\">La journ\u00e9e se prolongera en soir\u00e9e avec la\u00a0projection d\u2019un <b>film d\u2019animation<\/b> en plein air \u00e0\u00a019h30. \u00c0 21h, un grand <b>d\u00e9fil\u00e9 aux lampions<\/b> s\u2019\u00e9lancera en direction du parc L\u00e9o Lagrange, o\u00f9\u00a0sera tir\u00e9 le <b>feu d\u2019artifice<\/b> \u00e0 23h, exceptionnellement\u00a0avanc\u00e9 de deux jours cette ann\u00e9e.<\/p>\n<p>Tombola<\/p>\n<p class=\" wall-content\">A <b>Chasn\u00e9-sur-Illet<\/b>, les routes seront ferm\u00e9es de 11h \u00e0 15h le 12\u00a0juillet. Les carrefours seront s\u00e9curis\u00e9s par 18\u00a0b\u00e9n\u00e9voles et 15 gendarmes pendant tout ce cr\u00e9neau horaire.<\/p>\n<p class=\" wall-content\">Les <b>commer\u00e7ants<\/b> ont pr\u00e9vu un grand barnum commun o\u00f9 Th\u00e9o Gaby, le boulanger, proposera une restauration et Anne-Sophie Denais et J\u00e9r\u00e9my Philippe (Le Chasn\u00e9) tiendront la buvette. De plus, deux <b>\u00e9crans<\/b> diffuseront la course du d\u00e9part \u00e0 l\u2019arriv\u00e9e et une sono ajoutera l\u2019ambiance.<\/p>\n<p class=\" wall-content\">En parall\u00e8le, une <b>tombola<\/b> sera propos\u00e9e avec un VTT \u00e0 gagner ainsi que des maillots de v\u00e9lo de plusieurs \u00e9quipes professionnelles, une baguette tradition par jour pendant un an dans la boulangerie La mie Gaby, deux repas au bar Le Chasn\u00e9 et un coffret de bi\u00e8res.<\/p>\n<p class=\" wall-content\">Le tirage au sort se fera apr\u00e8s le passage des coureurs. Les<b> tickets<\/b> sont en vente \u00e0 La Mie de Gaby et au bar Le Chasn\u00e9.<\/p>\n<p class=\" wall-content\">Suivez toute l\u2019actualit\u00e9 de vos villes et m\u00e9dias favoris en vous inscrivant \u00e0 <a href=\"https:\/\/moncompte.actu.fr\" title=\"D\u00e9couvez Mon Actu\" rel=\"nofollow noopener\" data-trk=\"{&quot;cta&quot;:{&quot;action&quot;:&quot;https:\\\/\\\/moncompte.actu.fr&quot;,&quot;category&quot;:&quot;mon compte&quot;,&quot;from&quot;:&quot;article footer&quot;,&quot;name&quot;:&quot;Mon actu&quot;,&quot;type&quot;:&quot;cta&quot;}}\" target=\"_blank\">Mon Actu<\/a>.<\/p>\n","protected":false},"excerpt":{"rendered":"Par Benoit Fouque Publi\u00e9 le 10 juil. 2025 \u00e0 12h00 La plus grande course du monde \u00e0 Liffr\u00e9&hellip;\n","protected":false},"author":2,"featured_media":239840,"comment_status":"","ping_status":"","sticky":false,"template":"","format":"standard","meta":{"footnotes":""},"categories":[2821],"tags":[1111,11,829,207,1777,674,1011,27,12,584,25,60,2116],"class_list":{"0":"post-239839","1":"post","2":"type-post","3":"status-publish","4":"format-standard","5":"has-post-thumbnail","7":"category-rennes","8":"tag-actu","9":"tag-actualites","10":"tag-bretagne","11":"tag-cyclisme","12":"tag-eu","13":"tag-europe","14":"tag-fr","15":"tag-france","16":"tag-news","17":"tag-rennes","18":"tag-republique-francaise","19":"tag-sports","20":"tag-tour-de-france-2025"},"share_on_mastodon":{"url":"https:\/\/pubeurope.com\/@fr\/114828544710351213","error":""},"_links":{"self":[{"href":"https:\/\/www.europesays.com\/fr\/wp-json\/wp\/v2\/posts\/239839","targetHints":{"allow":["GET"]}}],"collection":[{"href":"https:\/\/www.europesays.com\/fr\/wp-json\/wp\/v2\/posts"}],"about":[{"href":"https:\/\/www.europesays.com\/fr\/wp-json\/wp\/v2\/types\/post"}],"author":[{"embeddable":true,"href":"https:\/\/www.europesays.com\/fr\/wp-json\/wp\/v2\/users\/2"}],"replies":[{"embeddable":true,"href":"https:\/\/www.europesays.com\/fr\/wp-json\/wp\/v2\/comments?post=239839"}],"version-history":[{"count":0,"href":"https:\/\/www.europesays.com\/fr\/wp-json\/wp\/v2\/posts\/239839\/revisions"}],"wp:featuredmedia":[{"embeddable":true,"href":"https:\/\/www.europesays.com\/fr\/wp-json\/wp\/v2\/media\/239840"}],"wp:attachment":[{"href":"https:\/\/www.europesays.com\/fr\/wp-json\/wp\/v2\/media?parent=239839"}],"wp:term":[{"taxonomy":"category","embeddable":true,"href":"https:\/\/www.europesays.com\/fr\/wp-json\/wp\/v2\/categories?post=239839"},{"taxonomy":"post_tag","embeddable":true,"href":"https:\/\/www.europesays.com\/fr\/wp-json\/wp\/v2\/tags?post=239839"}],"curies":[{"name":"wp","href":"https:\/\/api.w.org\/{rel}","templated":true}]}}