{"id":239841,"date":"2025-07-10T10:49:18","date_gmt":"2025-07-10T10:49:18","guid":{"rendered":"https:\/\/www.europesays.com\/fr\/239841\/"},"modified":"2025-07-10T10:49:18","modified_gmt":"2025-07-10T10:49:18","slug":"jahel-trefle-signe-son-premier-contrat-pro","status":"publish","type":"post","link":"https:\/\/www.europesays.com\/fr\/239841\/","title":{"rendered":"Jahel Tr\u00e8fle signe son premier contrat pro !"},"content":{"rendered":"<p class=\"text-align-justify chapo\"><strong>Il a brill\u00e9 cette saison avec notre \u00e9quipe Espoirs, s\u2019est montr\u00e9 \u00e0 la hauteur chaque fois qu\u2019il a \u00e9t\u00e9 appel\u00e9 avec les pros, a \u00e9t\u00e9 s\u00e9lectionn\u00e9 en \u00c9quipe de France U18 et a m\u00eame repr\u00e9sent\u00e9 la SIG Strasbourg sur la sc\u00e8ne internationale\u2026 Comment ne pas croire en Jahel Tr\u00e8fle ? Comment ne pas lui donner la place qu\u2019il m\u00e9rite ? C\u2019est d\u00e9sormais chose faite : Jahel signe son premier contrat professionnel avec la SIG Strasbourg pour les trois prochaines saisons !<\/strong><\/p>\n<p class=\"text-align-justify chapo\">\u00a0<\/p>\n<p>\u00a0<\/p>\n<p>Arriv\u00e9 dans notre \u00e9quipe Espoirs la saison derni\u00e8re, Jahel n\u2019a pas tard\u00e9 \u00e0 faire parler de lui. Avec une moyenne de 9,4 points et 4,3 rebonds, il a \u00e9t\u00e9 l\u2019un des hommes forts du collectif de Patrice Koenig. Travailleur et s\u00e9rieux, il a su saisir les opportunit\u00e9s qui se sont pr\u00e9sent\u00e9es \u00e0 lui. Avec les blessures de plusieurs joueurs de l\u2019\u00e9quipe professionnelle lors de l&rsquo;exercice 24\/25, Jahel a \u00e9t\u00e9 appel\u00e9 \u00e0 plusieurs reprises et a su r\u00e9pondre pr\u00e9sent et montrer son potentiel sur le terrain.<br \/>\nSa belle saison n\u2019est pas pass\u00e9e inaper\u00e7ue : il a port\u00e9 le maillot tricolore, a \u00e9t\u00e9 s\u00e9lectionn\u00e9 pour le prestigieux camp \u201cBasketball Without Borders\u201d \u00e0 San Francisco, aux c\u00f4t\u00e9s des meilleurs jeunes talents du monde, lors duquel il m\u00eame \u00e9t\u00e9 \u00e9lu MVP en \u00e9tant parmis les neuf meilleurs jeunes sur les 40 pr\u00e9sents \u00e0 l\u2019\u00e9v\u00e8nement. Il a \u00e9galement particip\u00e9 au Young Star Game, le tout nouveau rendez-vous LNB des jeunes p\u00e9pites du championnat.<br \/>\nSon engagement, sa progression et son potentiel nous ont convaincus, nous ne pouvions pas le laisser partir. Aujourd\u2019hui, nous sommes fiers de vous annoncer que Jahel Tr\u00e8fle prolonge l\u2019aventure avec la SIG Strasbourg pour les trois prochaines saisons et signe son premier contrat professionnel !<br \/>\nMerci Jahel pour ton travail. L\u2019histoire ne fait que commencer !<\/p>\n<p class=\"text-align-justify\">\u00a0<\/p>\n","protected":false},"excerpt":{"rendered":"Il a brill\u00e9 cette saison avec notre \u00e9quipe Espoirs, s\u2019est montr\u00e9 \u00e0 la hauteur chaque fois qu\u2019il a&hellip;\n","protected":false},"author":2,"featured_media":239842,"comment_status":"","ping_status":"","sticky":false,"template":"","format":"standard","meta":{"footnotes":""},"categories":[2820],"tags":[1111,11,3146,1777,674,1011,27,775,3145,12,25,3144,640],"class_list":{"0":"post-239841","1":"post","2":"type-post","3":"status-publish","4":"format-standard","5":"has-post-thumbnail","7":"category-strasbourg","8":"tag-actu","9":"tag-actualites","10":"tag-betclic-elite","11":"tag-eu","12":"tag-europe","13":"tag-fr","14":"tag-france","15":"tag-grand-est","16":"tag-lnb","17":"tag-news","18":"tag-republique-francaise","19":"tag-sig","20":"tag-strasbourg"},"share_on_mastodon":{"url":"https:\/\/pubeurope.com\/@fr\/114828552608715583","error":""},"_links":{"self":[{"href":"https:\/\/www.europesays.com\/fr\/wp-json\/wp\/v2\/posts\/239841","targetHints":{"allow":["GET"]}}],"collection":[{"href":"https:\/\/www.europesays.com\/fr\/wp-json\/wp\/v2\/posts"}],"about":[{"href":"https:\/\/www.europesays.com\/fr\/wp-json\/wp\/v2\/types\/post"}],"author":[{"embeddable":true,"href":"https:\/\/www.europesays.com\/fr\/wp-json\/wp\/v2\/users\/2"}],"replies":[{"embeddable":true,"href":"https:\/\/www.europesays.com\/fr\/wp-json\/wp\/v2\/comments?post=239841"}],"version-history":[{"count":0,"href":"https:\/\/www.europesays.com\/fr\/wp-json\/wp\/v2\/posts\/239841\/revisions"}],"wp:featuredmedia":[{"embeddable":true,"href":"https:\/\/www.europesays.com\/fr\/wp-json\/wp\/v2\/media\/239842"}],"wp:attachment":[{"href":"https:\/\/www.europesays.com\/fr\/wp-json\/wp\/v2\/media?parent=239841"}],"wp:term":[{"taxonomy":"category","embeddable":true,"href":"https:\/\/www.europesays.com\/fr\/wp-json\/wp\/v2\/categories?post=239841"},{"taxonomy":"post_tag","embeddable":true,"href":"https:\/\/www.europesays.com\/fr\/wp-json\/wp\/v2\/tags?post=239841"}],"curies":[{"name":"wp","href":"https:\/\/api.w.org\/{rel}","templated":true}]}}