{"id":239845,"date":"2025-07-10T10:52:10","date_gmt":"2025-07-10T10:52:10","guid":{"rendered":"https:\/\/www.europesays.com\/fr\/239845\/"},"modified":"2025-07-10T10:52:10","modified_gmt":"2025-07-10T10:52:10","slug":"un-homme-de-42-ans-mortellement-poignarde-en-pleine-rue-lauteur-toujours-en-fuite","status":"publish","type":"post","link":"https:\/\/www.europesays.com\/fr\/239845\/","title":{"rendered":"un homme de 42 ans mortellement poignard\u00e9 en pleine rue, l\u2019auteur toujours en fuite"},"content":{"rendered":"<p>Un diff\u00e9rend entre deux individus aurait d\u00e9g\u00e9n\u00e9r\u00e9, mercredi soir, sur le boulevard de Cessole. Une enqu\u00eate pour homicide volontaire a \u00e9t\u00e9 ouverte et confi\u00e9e au service local de police judiciaire.<\/p>\n<p class=\"fig-paragraph\">Lundi soir, vers 19h30, un homme \u00e2g\u00e9 de 42 ans a \u00e9t\u00e9 mortellement poignard\u00e9 au cou sur le boulevard de Cessole, au nord de\u00a0<a href=\"http:\/\/www.lefigaro.fr\/nice\/nice-deux-morts-et-un-blesse-grave-apres-un-terrible-accident-sur-la-promenade-des-anglais-20250708\" data-fig-type=\"NewsFlash\" data-gtm-custom-categorie=\"navigation\" data-gtm-custom-action=\"crossclick\" data-gtm-custom-label=\"Contextuel\" data-gtm-event=\"customEventSPE\" data-fig-domain=\"LEFIGARO\" target=\"_blank\" rel=\"noopener\">Nice<\/a>\u00a0(Alpes-Maritimes). Malgr\u00e9 l\u2019intervention rapide des secours, la victime est d\u00e9c\u00e9d\u00e9e lors de son transfert vers l\u2019h\u00f4pital Pasteur, des suites d\u2019une h\u00e9morragie massive.<\/p>\n<p class=\"fig-paragraph\">Selon les premiers \u00e9l\u00e9ments recueillis par le parquet de Nice, un \u00e9change aurait d\u00e9g\u00e9n\u00e9r\u00e9 entre deux individus peu avant les faits. L\u2019auteur pr\u00e9sum\u00e9 des coups de couteau, encore non identifi\u00e9, a pris la fuite. Il est activement recherch\u00e9 par les enqu\u00eateurs du service local de police judiciaire (SLPJ), saisis d\u2019une enqu\u00eate de flagrance pour homicide volontaire.<\/p>\n<p>                                    <a class=\"fig-a11y-skip a11y-hidden\" href=\"#fig-a11y-skip-main-inarticle\"><br \/>\n        Passer la publicit\u00e9<br \/>\n    <\/a><\/p>\n<p>Mise \u00e0 disposition des images de vid\u00e9oprotection<\/p>\n<p class=\"fig-paragraph\">Les enqu\u00eateurs vont notamment s\u2019appuyer sur les enregistrements des\u00a0<a href=\"http:\/\/www.lefigaro.fr\/nice\/videosurveillance-algorithmique-a-nice-christian-estrosi-encore-furieux-contre-la-cnil-20250530\" data-fig-type=\"NewsFlash\" data-gtm-custom-categorie=\"navigation\" data-gtm-custom-action=\"crossclick\" data-gtm-custom-label=\"Contextuel\" data-gtm-event=\"customEventSPE\" data-fig-domain=\"LEFIGARO\" target=\"_blank\" rel=\"noopener\">cam\u00e9ras de vid\u00e9oprotection<\/a>\u00a0de la ville, dont les images ont \u00e9t\u00e9 mises \u00e0 disposition par la municipalit\u00e9. \u00abNous mettons \u00e0 disposition les images des cam\u00e9ras de vid\u00e9oprotection de la ville\u00bb, a indiqu\u00e9 dans la soir\u00e9e sur X (ex-Twitter), le maire de Nice\u00a0<a href=\"http:\/\/www.lefigaro.fr\/vox\/politique\/christian-estrosi-sans-nos-policiers-municipaux-la-delinquance-exploserait-20250708\" data-fig-type=\"Article\" data-gtm-custom-categorie=\"navigation\" data-gtm-custom-action=\"crossclick\" data-gtm-custom-label=\"Contextuel\" data-gtm-event=\"customEventSPE\" data-fig-domain=\"LEFIGARO\" target=\"_blank\" rel=\"noopener\">Christian Estrosi<\/a>\u00a0(Horizons).<\/p>\n<p class=\"fig-paragraph\">Le d\u00e9put\u00e9 des Alpes-Maritimes Bernard Chaix (UDR) a de son c\u00f4t\u00e9 exprim\u00e9 son \u00e9motion sur le r\u00e9seau social\u00a0: \u00abUn homme a tragiquement perdu la vie hier soir \u00e0 Nice-Nord, victime d\u2019une agression au couteau. J\u2019adresse tout mon soutien \u00e0 sa famille. La justice doit agir rapidement. La s\u00e9curit\u00e9 dans nos quartiers est une priorit\u00e9 absolue.\u00bb<\/p>\n","protected":false},"excerpt":{"rendered":"Un diff\u00e9rend entre deux individus aurait d\u00e9g\u00e9n\u00e9r\u00e9, mercredi soir, sur le boulevard de Cessole. Une enqu\u00eate pour homicide&hellip;\n","protected":false},"author":2,"featured_media":239846,"comment_status":"","ping_status":"","sticky":false,"template":"","format":"standard","meta":{"footnotes":""},"categories":[2819],"tags":[1111,11,1777,674,6017,1011,27,2683,12,2401,882,25],"class_list":{"0":"post-239845","1":"post","2":"type-post","3":"status-publish","4":"format-standard","5":"has-post-thumbnail","7":"category-nice","8":"tag-actu","9":"tag-actualites","10":"tag-eu","11":"tag-europe","12":"tag-fait-divers","13":"tag-fr","14":"tag-france","15":"tag-homicide","16":"tag-news","17":"tag-nice","18":"tag-provence-alpes-cote-dazur","19":"tag-republique-francaise"},"share_on_mastodon":{"url":"https:\/\/pubeurope.com\/@fr\/114828564442295489","error":""},"_links":{"self":[{"href":"https:\/\/www.europesays.com\/fr\/wp-json\/wp\/v2\/posts\/239845","targetHints":{"allow":["GET"]}}],"collection":[{"href":"https:\/\/www.europesays.com\/fr\/wp-json\/wp\/v2\/posts"}],"about":[{"href":"https:\/\/www.europesays.com\/fr\/wp-json\/wp\/v2\/types\/post"}],"author":[{"embeddable":true,"href":"https:\/\/www.europesays.com\/fr\/wp-json\/wp\/v2\/users\/2"}],"replies":[{"embeddable":true,"href":"https:\/\/www.europesays.com\/fr\/wp-json\/wp\/v2\/comments?post=239845"}],"version-history":[{"count":0,"href":"https:\/\/www.europesays.com\/fr\/wp-json\/wp\/v2\/posts\/239845\/revisions"}],"wp:featuredmedia":[{"embeddable":true,"href":"https:\/\/www.europesays.com\/fr\/wp-json\/wp\/v2\/media\/239846"}],"wp:attachment":[{"href":"https:\/\/www.europesays.com\/fr\/wp-json\/wp\/v2\/media?parent=239845"}],"wp:term":[{"taxonomy":"category","embeddable":true,"href":"https:\/\/www.europesays.com\/fr\/wp-json\/wp\/v2\/categories?post=239845"},{"taxonomy":"post_tag","embeddable":true,"href":"https:\/\/www.europesays.com\/fr\/wp-json\/wp\/v2\/tags?post=239845"}],"curies":[{"name":"wp","href":"https:\/\/api.w.org\/{rel}","templated":true}]}}