{"id":239847,"date":"2025-07-10T10:53:12","date_gmt":"2025-07-10T10:53:12","guid":{"rendered":"https:\/\/www.europesays.com\/fr\/239847\/"},"modified":"2025-07-10T10:53:12","modified_gmt":"2025-07-10T10:53:12","slug":"un-pic-de-chaleur-attendu-ce-week-end","status":"publish","type":"post","link":"https:\/\/www.europesays.com\/fr\/239847\/","title":{"rendered":"un pic de chaleur attendu ce week-end"},"content":{"rendered":"<p>            Par<br \/>\n        <strong><br \/>\n            <a href=\"https:\/\/actu.fr\/auteur\/laure-gentil\" title=\"Consulter tous les articles de Laure Gentil\" rel=\"nofollow noopener\" target=\"_blank\">Laure Gentil<\/a><br \/>\n        <\/strong><\/p>\n<p>        Publi\u00e9 le<\/p>\n<p>            10 juil. 2025 \u00e0 12h10        <\/p>\n<p>Ce ne sera pas une nouvelle canicule, que les Nantais et les Nantaises se rassurent. Toutefois, les m\u00e9t\u00e9orologues s\u2019accordent pour pr\u00e9voir <strong>un retour de la chaleur<\/strong> ce samedi\u00a012 et dimanche 13\u00a0juillet.<\/p>\n<p class=\" wall-content\">La r\u00e9daction d\u2019actu Nantes a interrog\u00e9 le m\u00e9t\u00e9orologue<strong> S\u00e9bastien Decaux<\/strong> de<a href=\"https:\/\/www.meteo.bzh\/\" rel=\"nofollow noopener\" target=\"_blank\"> M\u00e9t\u00e9o Bretagne.<\/a><\/p>\n<p>La chaleur \u00ab\u2009va monter d\u2019un cran\u2009\u00bb<\/p>\n<p class=\" wall-content\">\u00ab\u2009Depuis hier d\u00e9j\u00e0, la chaleur s\u2019accentue\u2009\u00bb, a remarqu\u00e9 l\u2019expert m\u00e9t\u00e9o. Selon lui le mercure devrait grimper ce vendredi entre 31\u00b0C et 32\u00b0C en g\u00e9n\u00e9ral \u00ab\u2009sur tout le d\u00e9partement\u2009\u00bb\u2009: \u00ab\u2009Il fera probablement <strong>jusqu\u2019\u00e0 33\u00b0C dans le centre-ville nantais<\/strong>, avec un soleil de plomb\u2009\u00bb, indique S\u00e9bastien Decaux.<\/p>\n<p class=\" wall-content\">Selon lui, la situation<strong> n\u2019est pas la m\u00eame que pour la canicule de fin juin<\/strong>. Il s\u2019agit ici d\u2019un \u00ab\u2009pic de chaleur\u2009\u00bb.<\/p>\n<blockquote class=\"ac-article-quote wall-content\">\n<p>Pour la derni\u00e8re vague de chaleur, il y avait une masse d&rsquo;air surchauff\u00e9e en provenance de l&rsquo;Afrique du Nord. L\u00e0, on a, sur l&rsquo;Europe de l&rsquo;Ouest, des temp\u00e9ratures tr\u00e8s \u00e9lev\u00e9es avec un anticyclone et une masse d&rsquo;air tr\u00e8s chaude. La chaleur s&rsquo;accumule et va monter d&rsquo;un cran.<\/p>\n<p>    <strong>S\u00e9bastien Decaux<\/strong><br \/>\n        M\u00e9t\u00e9orologue    <\/p><\/blockquote>\n<p>Vid\u00e9os : en ce moment sur Actu<\/p>\n<p class=\" wall-content\">Samedi, le \u00ab\u2009soleil de plomb\u2009\u00bb va persister \u00e0 Nantes,<strong> il fera entre 32\u00b0C et 33\u00b0C<\/strong>. Un \u00ab\u2009vent de secteur sud-ouest\u2009\u00bb va se lever dimanche \u00e0 partir du littoral atlantique. \u00ab\u2009Cela va att\u00e9nuer la chaleur\u2009\u00bb, pr\u00e9cise S\u00e9bastien Decaux.<\/p>\n<p class=\" wall-content\">Il pr\u00e9voit jusqu\u2019\u00e0 30 \u00e0 32\u00b0C entre<strong> Nantes, Ancenis et Clisson<\/strong> dans l\u2019apr\u00e8s-midi. Le soleil sera \u00ab\u2009moins resplendissant\u2009\u00bb, quelques nuages feront leur apparition.<\/p>\n<p>Des orages la semaine prochaine\u2009?<\/p>\n<p class=\" wall-content\">Quelques gouttes de pluie pourraient tomber lundi mais un retour de l\u2019anticyclone ram\u00e8nera des \u00ab\u2009conditions tr\u00e8s estivales\u2009\u00bb la semaine prochaine avec des temp\u00e9ratures qui \u00ab\u2009remonteraient d\u00e8s mercredi prochain\u2009\u00bb.<\/p>\n<p class=\" wall-content\">Une d\u00e9pression pourrait toutefois occasionner <strong>des orages \u00e0 partir du 18\u00a0juillet.<\/strong><\/p>\n<p class=\" wall-content\">Suivez toute l\u2019actualit\u00e9 de vos villes et m\u00e9dias favoris en vous inscrivant \u00e0 <a href=\"https:\/\/moncompte.actu.fr\" title=\"D\u00e9couvez Mon Actu\" rel=\"nofollow noopener\" data-trk=\"{&quot;cta&quot;:{&quot;action&quot;:&quot;https:\\\/\\\/moncompte.actu.fr&quot;,&quot;category&quot;:&quot;mon compte&quot;,&quot;from&quot;:&quot;article footer&quot;,&quot;name&quot;:&quot;Mon actu&quot;,&quot;type&quot;:&quot;cta&quot;}}\" target=\"_blank\">Mon Actu<\/a>.<\/p>\n<ul class=\"ac-article-tag wall-content\">\n<li><a href=\"https:\/\/actu.fr\/tag\/meteo-france\" data-trk=\"{&quot;cta&quot;:{&quot;action&quot;:&quot;M\\u00e9t\\u00e9o France&quot;,&quot;category&quot;:&quot;tag&quot;,&quot;from&quot;:&quot;article footer&quot;,&quot;name&quot;:&quot;M\\u00e9t\\u00e9o France&quot;,&quot;type&quot;:&quot;cta&quot;}}\" rel=\"nofollow noopener\" target=\"_blank\">#M\u00e9t\u00e9o France<\/a><\/li>\n<li><a href=\"https:\/\/actu.fr\/tag\/vague-de-chaleur\" data-trk=\"{&quot;cta&quot;:{&quot;action&quot;:&quot;Vague de chaleur&quot;,&quot;category&quot;:&quot;tag&quot;,&quot;from&quot;:&quot;article footer&quot;,&quot;name&quot;:&quot;Vague de chaleur&quot;,&quot;type&quot;:&quot;cta&quot;}}\" rel=\"nofollow noopener\" target=\"_blank\">#Vague de chaleur<\/a><\/li>\n<\/ul>\n","protected":false},"excerpt":{"rendered":"Par Laure Gentil Publi\u00e9 le 10 juil. 2025 \u00e0 12h10 Ce ne sera pas une nouvelle canicule, que&hellip;\n","protected":false},"author":2,"featured_media":239848,"comment_status":"","ping_status":"","sticky":false,"template":"","format":"standard","meta":{"footnotes":""},"categories":[2818],"tags":[1111,11,1777,674,1011,27,2487,2357,766,12,2636,25,15637],"class_list":{"0":"post-239847","1":"post","2":"type-post","3":"status-publish","4":"format-standard","5":"has-post-thumbnail","7":"category-nantes","8":"tag-actu","9":"tag-actualites","10":"tag-eu","11":"tag-europe","12":"tag-fr","13":"tag-france","14":"tag-meteo","15":"tag-meteo-france","16":"tag-nantes","17":"tag-news","18":"tag-pays-de-la-loire","19":"tag-republique-francaise","20":"tag-vague-de-chaleur"},"share_on_mastodon":{"url":"https:\/\/pubeurope.com\/@fr\/114828568412900734","error":""},"_links":{"self":[{"href":"https:\/\/www.europesays.com\/fr\/wp-json\/wp\/v2\/posts\/239847","targetHints":{"allow":["GET"]}}],"collection":[{"href":"https:\/\/www.europesays.com\/fr\/wp-json\/wp\/v2\/posts"}],"about":[{"href":"https:\/\/www.europesays.com\/fr\/wp-json\/wp\/v2\/types\/post"}],"author":[{"embeddable":true,"href":"https:\/\/www.europesays.com\/fr\/wp-json\/wp\/v2\/users\/2"}],"replies":[{"embeddable":true,"href":"https:\/\/www.europesays.com\/fr\/wp-json\/wp\/v2\/comments?post=239847"}],"version-history":[{"count":0,"href":"https:\/\/www.europesays.com\/fr\/wp-json\/wp\/v2\/posts\/239847\/revisions"}],"wp:featuredmedia":[{"embeddable":true,"href":"https:\/\/www.europesays.com\/fr\/wp-json\/wp\/v2\/media\/239848"}],"wp:attachment":[{"href":"https:\/\/www.europesays.com\/fr\/wp-json\/wp\/v2\/media?parent=239847"}],"wp:term":[{"taxonomy":"category","embeddable":true,"href":"https:\/\/www.europesays.com\/fr\/wp-json\/wp\/v2\/categories?post=239847"},{"taxonomy":"post_tag","embeddable":true,"href":"https:\/\/www.europesays.com\/fr\/wp-json\/wp\/v2\/tags?post=239847"}],"curies":[{"name":"wp","href":"https:\/\/api.w.org\/{rel}","templated":true}]}}