{"id":239855,"date":"2025-07-10T10:57:08","date_gmt":"2025-07-10T10:57:08","guid":{"rendered":"https:\/\/www.europesays.com\/fr\/239855\/"},"modified":"2025-07-10T10:57:08","modified_gmt":"2025-07-10T10:57:08","slug":"les-deux-collegiens-ont-ete-juges","status":"publish","type":"post","link":"https:\/\/www.europesays.com\/fr\/239855\/","title":{"rendered":"les deux coll\u00e9giens ont \u00e9t\u00e9 jug\u00e9s"},"content":{"rendered":"<p>            Par<br \/>\n        <strong><br \/>\n            <a href=\"https:\/\/actu.fr\/auteur\/mareva-laville-actu-fr\" title=\"Consulter tous les articles de Mar\u00e9va Laville\" rel=\"nofollow noopener\" target=\"_blank\">Mar\u00e9va Laville<\/a><br \/>\n        <\/strong><\/p>\n<p>        Publi\u00e9 le<\/p>\n<p>            10 juil. 2025 \u00e0 12h04        <\/p>\n<p>Mercredi 18\u00a0septembre 2024. Cette date, les parents de deux enfants \u00e2g\u00e9s de 2\u00a0ans l\u2019ont ancr\u00e9e dans leurs m\u00e9moires. Ce jour-l\u00e0, leurs prog\u00e9nitures s\u2019amusaient \u00e0 d\u00e9valer un <strong>toboggan<\/strong> sur une <strong>aire de jeux<\/strong> du parc Rosa Parks, \u00e0 deux pas d\u2019un coll\u00e8ge \u00e9ponyme du quartier des Izards \u00e0 <a href=\"http:\/\/www.actu.fr\/toulouse\" rel=\"nofollow noopener\" target=\"_blank\"><strong>Toulouse<\/strong><\/a>. Mais la descente n\u2019avait rien d\u2019amusant cette fois-ci. Les deux enfants se sont br\u00fbl\u00e9s, l\u2019un d\u2019eux ayant m\u00eame n\u00e9cessit\u00e9 une greffe de peau. \u00ab<a href=\"https:\/\/actu.fr\/occitanie\/toulouse_31555\/toulouse-de-la-soude-caustique-dispersee-sur-le-toboggan-un-enfant-de-2-ans-gravement-brule_61624062.html\" rel=\"nofollow noopener\" target=\"_blank\">\u2009La premi\u00e8re victime souffrait de br\u00fblures s\u00e9rieuses<\/a> et \u00e9tait hospitalis\u00e9e aux <strong>urgences de Purpan<\/strong>. La seconde victime, souffrant de br\u00fblures plus l\u00e9g\u00e8res, se voyait prescrire un traitement\u2009\u00bb, rappelle le parquet de Toulouse. De la soude caustique (un\u00a0<strong>produit<\/strong> <strong>corrosif<\/strong>, ndlr) avait \u00e9t\u00e9 d\u00e9vers\u00e9e par deux mineurs \u00e2g\u00e9s de 12\u00a0ans. L\u2019acte \u00e9tait-il volontaire\u2009? C\u2019est \u00e0 cette question que les juges du tribunal correctionnel de Toulouse ont r\u00e9pondue mardi 8\u00a0juillet 2025.<\/p>\n<p>Deux mineurs reconnaissent les faits<\/p>\n<p class=\" wall-content\">L\u2019audience est intervenue dix mois apr\u00e8s l\u2019arrestation des <strong>deux mineurs de 12\u00a0ans suspect\u00e9s<\/strong> d\u2019avoir vers\u00e9 le produit sur l\u2019attraction. Les 20 et 23\u00a0septembre 2024, ils \u00e9taient <a href=\"https:\/\/actu.fr\/occitanie\/toulouse_31555\/toulouse-soude-caustique-sur-un-toboggan-un-nouveau-suspect-mineur-va-etre-entendu_61634906.html\" rel=\"nofollow noopener\" target=\"_blank\">plac\u00e9s en garde \u00e0 vue<\/a> \u00ab\u2009pour avoir commis des faits qualifi\u00e9s de <strong>violences volontaires aggrav\u00e9es<\/strong> (sur mineur de 15\u00a0ans, en r\u00e9union et avec arme par destination) et d\u00e9gradation ou<strong> d\u00e9t\u00e9rioration de bien<\/strong> destin\u00e9 \u00e0 l\u2019utilit\u00e9 publique\u2009\u00bb, relate le <strong>procureur de la R\u00e9publique de Toulouse, David Charmatz.<\/strong><\/p>\n<p class=\" wall-content\">Ils avaient <strong>reconnu l\u2019int\u00e9gralit\u00e9 des faits<\/strong>. Les deux comp\u00e8res avaient achet\u00e9 le produit corrosif servant d\u2019ordinaire \u00e0 d\u00e9boucher les \u00e9viers dans un magasin Aldi, \u00e0 proximit\u00e9 de l\u2019aire de jeux, l\u2019avaient d\u00e9vers\u00e9 sur le toboggan avant de le jeter dans une poubelle \u00e0 proximit\u00e9.<\/p>\n<p class=\" wall-content\">Ils ont exprim\u00e9 \u00ab\u2009de profonds regrets sur les cons\u00e9quences de leur action\u2009\u00bb, souligne le procureur de la R\u00e9publique. Pour m\u00e9moire, la victime la plus gravement touch\u00e9e, un petit gar\u00e7on nomm\u00e9 Wa\u00efl, a \u00e9t\u00e9 br\u00fbl\u00e9e sur plusieurs centim\u00e8tres de peau, \u00e0 l\u2019arri\u00e8re de la cuisse gauche.\u00a0<\/p>\n<p>Des mesures \u00e9ducatives provisoires en attendant le jugement<\/p>\n<p class=\" wall-content\">Des mesures \u00e9ducatives judiciaires provisoires avaient donc \u00e9t\u00e9 ordonn\u00e9es par le juge des enfants, le 22\u00a0novembre 2024, en attendant la date du proc\u00e8s. \u00ab\u2009Mesures assorties d\u2019un module de r\u00e9paration\u2009\u00bb, glisse le parquet de Toulouse.<\/p>\n<p>Les deux suspects reconnus coupables (mais pas responsables)<\/p>\n<p class=\" wall-content\">C\u2019est ce mardi 8\u00a0juillet que les deux coll\u00e9giens ont connu leur sort. Le tribunal correctionnel les a jug\u00e9s coupables, mais a estim\u00e9 qu\u2019ils n\u2019\u00e9taient<strong> pas p\u00e9nalement responsables<\/strong> en raison de leur jeune \u00e2ge. Civilement, en revanche, ils le sont. Une d\u00e9cision \u00e0 laquelle le parquet de Toulouse a indiqu\u00e9 ne pas faire appel.<\/p>\n<p class=\" wall-content\">Une seconde audience planifi\u00e9e au 16\u00a0juin 2026 permettra de d\u00e9terminer s\u2019ils le sont et s\u2019ils doivent <strong>indemniser le pr\u00e9judice occasionn\u00e9<\/strong> par leurs actes.<\/p>\n<p class=\" wall-content\">Une note qui risque d\u2019\u00eatre sal\u00e9e puisque les <strong>parents<\/strong> ainsi que la<strong> mairie de Toulouse<\/strong> avaient port\u00e9 plainte. Face au danger potentiel pour les autres usagers, la Mairie aurait \u00e9t\u00e9 contrainte de d\u00e9monter (et de remplacer) les \u00e9l\u00e9ments de l\u2019aire de jeux. Pr\u00e9judice avanc\u00e9 par la collectivit\u00e9\u2009: <a href=\"https:\/\/actu.fr\/occitanie\/toulouse_31555\/toulouse-toboggan-enduit-de-soude-caustique-une-expertise-psychiatrique-des-deux-collegiens-ordonnee_61644744.html\" rel=\"nofollow noopener\" target=\"_blank\">\u00ab\u2009<strong>pr\u00e8s de 60\u2009000\u00a0euros<\/strong>\u2009\u00bb, selon le parquet de Toulouse.<\/a><\/p>\n<p class=\" wall-content\">Suivez toute l\u2019actualit\u00e9 de vos villes et m\u00e9dias favoris en vous inscrivant \u00e0 <a href=\"https:\/\/moncompte.actu.fr\" title=\"D\u00e9couvez Mon Actu\" rel=\"nofollow noopener\" data-trk=\"{&quot;cta&quot;:{&quot;action&quot;:&quot;https:\\\/\\\/moncompte.actu.fr&quot;,&quot;category&quot;:&quot;mon compte&quot;,&quot;from&quot;:&quot;article footer&quot;,&quot;name&quot;:&quot;Mon actu&quot;,&quot;type&quot;:&quot;cta&quot;}}\" target=\"_blank\">Mon Actu<\/a>.<\/p>\n","protected":false},"excerpt":{"rendered":"Par Mar\u00e9va Laville Publi\u00e9 le 10 juil. 2025 \u00e0 12h04 Mercredi 18\u00a0septembre 2024. Cette date, les parents de&hellip;\n","protected":false},"author":2,"featured_media":94769,"comment_status":"","ping_status":"","sticky":false,"template":"","format":"standard","meta":{"footnotes":""},"categories":[2816],"tags":[1111,11,1777,674,118,1011,27,303,12,2680,25,2312],"class_list":{"0":"post-239855","1":"post","2":"type-post","3":"status-publish","4":"format-standard","5":"has-post-thumbnail","7":"category-toulouse","8":"tag-actu","9":"tag-actualites","10":"tag-eu","11":"tag-europe","12":"tag-faits-divers","13":"tag-fr","14":"tag-france","15":"tag-justice","16":"tag-news","17":"tag-occitanie","18":"tag-republique-francaise","19":"tag-toulouse"},"share_on_mastodon":{"url":"https:\/\/pubeurope.com\/@fr\/114828584159585173","error":""},"_links":{"self":[{"href":"https:\/\/www.europesays.com\/fr\/wp-json\/wp\/v2\/posts\/239855","targetHints":{"allow":["GET"]}}],"collection":[{"href":"https:\/\/www.europesays.com\/fr\/wp-json\/wp\/v2\/posts"}],"about":[{"href":"https:\/\/www.europesays.com\/fr\/wp-json\/wp\/v2\/types\/post"}],"author":[{"embeddable":true,"href":"https:\/\/www.europesays.com\/fr\/wp-json\/wp\/v2\/users\/2"}],"replies":[{"embeddable":true,"href":"https:\/\/www.europesays.com\/fr\/wp-json\/wp\/v2\/comments?post=239855"}],"version-history":[{"count":0,"href":"https:\/\/www.europesays.com\/fr\/wp-json\/wp\/v2\/posts\/239855\/revisions"}],"wp:featuredmedia":[{"embeddable":true,"href":"https:\/\/www.europesays.com\/fr\/wp-json\/wp\/v2\/media\/94769"}],"wp:attachment":[{"href":"https:\/\/www.europesays.com\/fr\/wp-json\/wp\/v2\/media?parent=239855"}],"wp:term":[{"taxonomy":"category","embeddable":true,"href":"https:\/\/www.europesays.com\/fr\/wp-json\/wp\/v2\/categories?post=239855"},{"taxonomy":"post_tag","embeddable":true,"href":"https:\/\/www.europesays.com\/fr\/wp-json\/wp\/v2\/tags?post=239855"}],"curies":[{"name":"wp","href":"https:\/\/api.w.org\/{rel}","templated":true}]}}