{"id":239856,"date":"2025-07-10T10:58:09","date_gmt":"2025-07-10T10:58:09","guid":{"rendered":"https:\/\/www.europesays.com\/fr\/239856\/"},"modified":"2025-07-10T10:58:09","modified_gmt":"2025-07-10T10:58:09","slug":"cette-annee-encore-toulouse-blagnac-est-le-numero-un-des-aeroports-francais-selon-ce-classement","status":"publish","type":"post","link":"https:\/\/www.europesays.com\/fr\/239856\/","title":{"rendered":"Cette ann\u00e9e encore, Toulouse-Blagnac est le num\u00e9ro un des a\u00e9roports fran\u00e7ais, selon ce classement"},"content":{"rendered":"<p>            Par<br \/>\n        <strong><br \/>\n            <a href=\"https:\/\/actu.fr\/auteur\/lea-afonso\" title=\"Consulter tous les articles de L\u00e9a Afonso\" target=\"_blank\" rel=\"noopener\">L\u00e9a Afonso<\/a><br \/>\n        <\/strong><\/p>\n<p>        Publi\u00e9 le<\/p>\n<p>            10 juil. 2025 \u00e0 12h51        <\/p>\n<p><a href=\"https:\/\/actu.fr\/tag\/aeroport-toulouse-blagnac\" target=\"_blank\" rel=\"noopener\">L\u2019a\u00e9roport de Toulouse-Blagnac<\/a>, avec ses <strong>17 hubs<\/strong> de connexions r\u00e9guli\u00e8res \u00e0 travers l\u2019Europe et le monde, se classe en <strong>premi\u00e8re position des a\u00e9roports fran\u00e7ais<\/strong> les mieux class\u00e9s, selon la plateforme<strong> AirHelp<\/strong> pour la p\u00e9riode 2024-2025. Explication.<\/p>\n<p>Un classement mondial<\/p>\n<p class=\" wall-content\">AirHelp est une entreprise sp\u00e9cialis\u00e9e dans les perturbations a\u00e9riennes. Chaque ann\u00e9e, depuis 10 ans maintenant, elle propose un <strong>classement de 250 a\u00e9roports du monde entier<\/strong> r\u00e9partis dans 68 pays, selon plusieurs crit\u00e8res dont la ponctualit\u00e9 (qui vaut pour 60\u2009% de la note), la satisfaction des clients (20\u2009% de la note) et les services tels que boutique et restaurant (les derniers 20\u2009% de la note).<\/p>\n<p class=\" wall-content\">\u00ab\u2009Un classement le plus complet et le plus fiable\u2009\u00bb, indique l\u2019entreprise, afin d\u2019informer les voyageurs. Les donn\u00e9es sont recueillies via la plateforme elle-m\u00eame avec l\u2019exp\u00e9rience de <strong>plus de 13\u2009500 passagers sur plus de 68 pays<\/strong> du 1er juin\u00a02024 au 31\u00a0mai 2025.<\/p>\n<p>Toulouse num\u00e9ro un en France<\/p>\n<p class=\" wall-content\">Dans l\u2019Hexagone, ce n\u2019est autre que l\u2019a\u00e9roport de<strong> Toulouse-Blagnac<\/strong> qui arrive en t\u00eate du classement. Il se positionne tout de m\u00eame \u00e0 la <strong>101\u1d49 place mondiale,<\/strong> en conservant \u00ab\u2009pour la deuxi\u00e8me ann\u00e9e cons\u00e9cutive, la premi\u00e8re position parmi les plateformes fran\u00e7aises\u2009\u00bb, relate AirHelp.<\/p>\n<p class=\" wall-content\">Toulouse gagne 14 places par rapport \u00e0 2024, avec un<strong> score global de 7,64<\/strong> contre 7,60 l\u2019an pass\u00e9. Voici les notes obtenues\u2009: <strong>7,6<\/strong> pour la <strong>ponctualit\u00e9 <\/strong>;\u00a0<strong>8,3<\/strong> pour la<strong> satisfaction des clients<\/strong> et <strong>7,2<\/strong> pour les <strong>services<\/strong> tels que les boutiques et restaurants.<\/p>\n<p>Vid\u00e9os : en ce moment sur Actu<\/p>\n<p class=\" wall-content\">Derri\u00e8re lui, \u00e0 la 102\u1d49 place, se trouve Lyon Saint-Exup\u00e9ry. Paris-Orly ne se positionne, quant \u00e0 lui, qu\u2019\u00e0 la 117e place, et Roissy-Charles de Gaulle se classe 184e.<\/p>\n<p class=\" wall-content\">Suivez toute l\u2019actualit\u00e9 de vos villes et m\u00e9dias favoris en vous inscrivant \u00e0 <a href=\"https:\/\/moncompte.actu.fr\" title=\"D\u00e9couvez Mon Actu\" rel=\"nofollow noopener\" data-trk=\"{&quot;cta&quot;:{&quot;action&quot;:&quot;https:\\\/\\\/moncompte.actu.fr&quot;,&quot;category&quot;:&quot;mon compte&quot;,&quot;from&quot;:&quot;article footer&quot;,&quot;name&quot;:&quot;Mon actu&quot;,&quot;type&quot;:&quot;cta&quot;}}\" target=\"_blank\">Mon Actu<\/a>.<\/p>\n<ul class=\"ac-article-tag wall-content\">\n<li><a href=\"https:\/\/actu.fr\/tag\/aeroport-toulouse-blagnac\" data-trk=\"{&quot;cta&quot;:{&quot;action&quot;:&quot;A\\u00e9roport Toulouse-Blagnac&quot;,&quot;category&quot;:&quot;tag&quot;,&quot;from&quot;:&quot;article footer&quot;,&quot;name&quot;:&quot;A\\u00e9roport Toulouse-Blagnac&quot;,&quot;type&quot;:&quot;cta&quot;}}\" target=\"_blank\" rel=\"noopener\">#A\u00e9roport Toulouse-Blagnac<\/a><\/li>\n<li><a href=\"https:\/\/actu.fr\/tag\/transport\" data-trk=\"{&quot;cta&quot;:{&quot;action&quot;:&quot;Transport&quot;,&quot;category&quot;:&quot;tag&quot;,&quot;from&quot;:&quot;article footer&quot;,&quot;name&quot;:&quot;Transport&quot;,&quot;type&quot;:&quot;cta&quot;}}\" target=\"_blank\" rel=\"noopener\">#Transport<\/a><\/li>\n<\/ul>\n","protected":false},"excerpt":{"rendered":"Par L\u00e9a Afonso Publi\u00e9 le 10 juil. 2025 \u00e0 12h51 L\u2019a\u00e9roport de Toulouse-Blagnac, avec ses 17 hubs de&hellip;\n","protected":false},"author":2,"featured_media":239857,"comment_status":"","ping_status":"","sticky":false,"template":"","format":"standard","meta":{"footnotes":""},"categories":[2816],"tags":[1111,11,103,1777,674,1011,27,12,2680,25,104,2312,2803],"class_list":{"0":"post-239856","1":"post","2":"type-post","3":"status-publish","4":"format-standard","5":"has-post-thumbnail","7":"category-toulouse","8":"tag-actu","9":"tag-actualites","10":"tag-aeroport-toulouse-blagnac","11":"tag-eu","12":"tag-europe","13":"tag-fr","14":"tag-france","15":"tag-news","16":"tag-occitanie","17":"tag-republique-francaise","18":"tag-societe","19":"tag-toulouse","20":"tag-transport"},"share_on_mastodon":{"url":"https:\/\/pubeurope.com\/@fr\/114828588025318344","error":""},"_links":{"self":[{"href":"https:\/\/www.europesays.com\/fr\/wp-json\/wp\/v2\/posts\/239856","targetHints":{"allow":["GET"]}}],"collection":[{"href":"https:\/\/www.europesays.com\/fr\/wp-json\/wp\/v2\/posts"}],"about":[{"href":"https:\/\/www.europesays.com\/fr\/wp-json\/wp\/v2\/types\/post"}],"author":[{"embeddable":true,"href":"https:\/\/www.europesays.com\/fr\/wp-json\/wp\/v2\/users\/2"}],"replies":[{"embeddable":true,"href":"https:\/\/www.europesays.com\/fr\/wp-json\/wp\/v2\/comments?post=239856"}],"version-history":[{"count":0,"href":"https:\/\/www.europesays.com\/fr\/wp-json\/wp\/v2\/posts\/239856\/revisions"}],"wp:featuredmedia":[{"embeddable":true,"href":"https:\/\/www.europesays.com\/fr\/wp-json\/wp\/v2\/media\/239857"}],"wp:attachment":[{"href":"https:\/\/www.europesays.com\/fr\/wp-json\/wp\/v2\/media?parent=239856"}],"wp:term":[{"taxonomy":"category","embeddable":true,"href":"https:\/\/www.europesays.com\/fr\/wp-json\/wp\/v2\/categories?post=239856"},{"taxonomy":"post_tag","embeddable":true,"href":"https:\/\/www.europesays.com\/fr\/wp-json\/wp\/v2\/tags?post=239856"}],"curies":[{"name":"wp","href":"https:\/\/api.w.org\/{rel}","templated":true}]}}