{"id":23987,"date":"2025-04-14T09:53:07","date_gmt":"2025-04-14T09:53:07","guid":{"rendered":"https:\/\/www.europesays.com\/fr\/23987\/"},"modified":"2025-04-14T09:53:07","modified_gmt":"2025-04-14T09:53:07","slug":"un-homme-tente-de-violer-une-femme-sur-le-marche-de-choisy-le-roi","status":"publish","type":"post","link":"https:\/\/www.europesays.com\/fr\/23987\/","title":{"rendered":"un homme tente de violer une femme sur le march\u00e9 de Choisy-le-Roi"},"content":{"rendered":"<p>            Par<br \/>\n        <strong><br \/>\n            <a href=\"https:\/\/actu.fr\/auteur\/antoine-blanchet\" title=\"Consulter tous les articles de Antoine Blanchet\" rel=\"nofollow noopener\" target=\"_blank\">Antoine Blanchet<\/a><br \/>\n        <\/strong><\/p>\n<p>        Publi\u00e9 le<\/p>\n<p>            14 avr. 2025 \u00e0 11h45        <\/p>\n<p>INFO ACTU PARIS. Une agression en pleine matin\u00e9e. Dimanche 13\u00a0avril 2025, un homme a \u00e9t\u00e9 interpell\u00e9 pour <strong>tentative de viol<\/strong> sur le march\u00e9 de <a href=\"https:\/\/actu.fr\/ile-de-france\/choisy-le-roi_94022\" rel=\"nofollow noopener\" target=\"_blank\">Choisy-le-Roi<\/a> (<a href=\"https:\/\/actu.fr\/ile-de-france\/val-de-marne_94\" rel=\"nofollow noopener\" target=\"_blank\">Val-de-Marne<\/a>), nous indiquent des sources concordantes. Une enqu\u00eate est en cours, pr\u00e9cise le parquet de <a href=\"https:\/\/actu.fr\/ile-de-france\/creteil_94028\" rel=\"nofollow noopener\" target=\"_blank\">Cr\u00e9teil<\/a>.<\/p>\n<p>Le suspect pourchass\u00e9 par les victimes<\/p>\n<p class=\" wall-content\">L\u2019affaire s\u2019est d\u00e9roul\u00e9e aux alentours de 10\u00a0heures. Un homme s\u2019approche d\u2019une jeune femme et lui met une main aux fesses. Selon nos informations, il aurait ensuite tent\u00e9 d\u2019introduire son doigt dans l\u2019anus de la victime.<\/p>\n<p class=\" wall-content\">Choqu\u00e9e, la jeune femme, accompagn\u00e9e de sa s\u0153ur,<strong> prend en chasse l\u2019individu<\/strong>. Ce dernier aurait brandi sa ceinture pour menacer les poursuivantes. \u00ab\u2009Tu veux que je te tue\u2009?\u2009\u00bb, crie le poursuivi en langue arabe. Finalement, les policiers sont appel\u00e9s par la victime, qui d\u00e9signe le suspect. Il a \u00e9t\u00e9 interpell\u00e9. Une enqu\u00eate est ouverte pour tentative de viol et confi\u00e9e au commissariat de Choisy-le-Roi.<\/p>\n<p class=\" wall-content\">Suivez toute l\u2019actualit\u00e9 de vos villes et m\u00e9dias favoris en vous inscrivant \u00e0 <a href=\"https:\/\/moncompte.actu.fr\" title=\"D\u00e9couvez Mon Actu\" rel=\"nofollow noopener\" data-trk=\"{&quot;cta&quot;:{&quot;action&quot;:&quot;https:\\\/\\\/moncompte.actu.fr&quot;,&quot;category&quot;:&quot;mon compte&quot;,&quot;from&quot;:&quot;article footer&quot;,&quot;name&quot;:&quot;Mon actu&quot;,&quot;type&quot;:&quot;cta&quot;}}\" target=\"_blank\">Mon Actu<\/a>.<\/p>\n<ul class=\"ac-article-tag wall-content\">\n<li><a href=\"https:\/\/actu.fr\/tag\/police\" data-trk=\"{&quot;cta&quot;:{&quot;action&quot;:&quot;Police&quot;,&quot;category&quot;:&quot;tag&quot;,&quot;from&quot;:&quot;article footer&quot;,&quot;name&quot;:&quot;Police&quot;,&quot;type&quot;:&quot;cta&quot;}}\" rel=\"nofollow noopener\" target=\"_blank\">#Police<\/a><\/li>\n<li><a href=\"https:\/\/actu.fr\/tag\/violences-sexuelles\" data-trk=\"{&quot;cta&quot;:{&quot;action&quot;:&quot;Violences sexuelles&quot;,&quot;category&quot;:&quot;tag&quot;,&quot;from&quot;:&quot;article footer&quot;,&quot;name&quot;:&quot;Violences sexuelles&quot;,&quot;type&quot;:&quot;cta&quot;}}\" rel=\"nofollow noopener\" target=\"_blank\">#Violences sexuelles<\/a><\/li>\n<\/ul>\n","protected":false},"excerpt":{"rendered":"Par Antoine Blanchet Publi\u00e9 le 14 avr. 2025 \u00e0 11h45 INFO ACTU PARIS. Une agression en pleine matin\u00e9e.&hellip;\n","protected":false},"author":2,"featured_media":23988,"comment_status":"","ping_status":"","sticky":false,"template":"","format":"standard","meta":{"footnotes":""},"categories":[1888],"tags":[1111,1928,11,1927,1777,674,118,1011,27,12,1926,626,1925,1072,25,799],"class_list":{"0":"post-23987","1":"post","2":"type-post","3":"status-publish","4":"format-standard","5":"has-post-thumbnail","7":"category-paris","8":"tag-actu","9":"tag-actu-paris","10":"tag-actualites","11":"tag-actualites-paris","12":"tag-eu","13":"tag-europe","14":"tag-faits-divers","15":"tag-fr","16":"tag-france","17":"tag-news","18":"tag-news-paris","19":"tag-paris","20":"tag-paris-news","21":"tag-police","22":"tag-republique-francaise","23":"tag-violences-sexuelles"},"share_on_mastodon":{"url":"https:\/\/pubeurope.com\/@fr\/114335711447962765","error":""},"_links":{"self":[{"href":"https:\/\/www.europesays.com\/fr\/wp-json\/wp\/v2\/posts\/23987","targetHints":{"allow":["GET"]}}],"collection":[{"href":"https:\/\/www.europesays.com\/fr\/wp-json\/wp\/v2\/posts"}],"about":[{"href":"https:\/\/www.europesays.com\/fr\/wp-json\/wp\/v2\/types\/post"}],"author":[{"embeddable":true,"href":"https:\/\/www.europesays.com\/fr\/wp-json\/wp\/v2\/users\/2"}],"replies":[{"embeddable":true,"href":"https:\/\/www.europesays.com\/fr\/wp-json\/wp\/v2\/comments?post=23987"}],"version-history":[{"count":0,"href":"https:\/\/www.europesays.com\/fr\/wp-json\/wp\/v2\/posts\/23987\/revisions"}],"wp:featuredmedia":[{"embeddable":true,"href":"https:\/\/www.europesays.com\/fr\/wp-json\/wp\/v2\/media\/23988"}],"wp:attachment":[{"href":"https:\/\/www.europesays.com\/fr\/wp-json\/wp\/v2\/media?parent=23987"}],"wp:term":[{"taxonomy":"category","embeddable":true,"href":"https:\/\/www.europesays.com\/fr\/wp-json\/wp\/v2\/categories?post=23987"},{"taxonomy":"post_tag","embeddable":true,"href":"https:\/\/www.europesays.com\/fr\/wp-json\/wp\/v2\/tags?post=23987"}],"curies":[{"name":"wp","href":"https:\/\/api.w.org\/{rel}","templated":true}]}}