{"id":239881,"date":"2025-07-10T11:13:10","date_gmt":"2025-07-10T11:13:10","guid":{"rendered":"https:\/\/www.europesays.com\/fr\/239881\/"},"modified":"2025-07-10T11:13:10","modified_gmt":"2025-07-10T11:13:10","slug":"usa-les-valeurs-a-suivre-a-wall-street-actualise-10-07-2025-a-1241","status":"publish","type":"post","link":"https:\/\/www.europesays.com\/fr\/239881\/","title":{"rendered":"USA-Les valeurs \u00e0 suivre \u00e0 Wall Street (actualis\u00e9) &#8211; 10\/07\/2025 \u00e0 12:41"},"content":{"rendered":"<p>\n (Actualis\u00e9 avec Tesla, Oracle, Kraft Heinz, MP Materials et<br \/>\nDelta Air Lines ; cours \u00e0 jour)\n<\/p>\n<p>\n Principales valeurs \u00e0 suivre jeudi \u00e0 Wall Street, o\u00f9 les<br \/>\ncontrats \u00e0 terme sur les principaux indices sugg\u00e8rent une<br \/>\nouverture en baisse de 0,21% pour le Dow Jones<br \/>\n <a href=\"https:\/\/www.boursorama.com\/cours\/%24INDU\/\" rel=\"nofollow noopener\" target=\"_blank\"><br \/>\n  .DJI<br \/>\n <\/a><br \/>\n , de 0,13%<br \/>\npour le Standard &amp; Poor&rsquo;s 500<br \/>\n <a href=\"https:\/\/www.boursorama.com\/cours\/%24INX\/\" rel=\"nofollow noopener\" target=\"_blank\"><br \/>\n  .SPX<br \/>\n <\/a><br \/>\n et de 0,09% pour le Nasdaq\n<\/p>\n<p>\n <a href=\"https:\/\/www.boursorama.com\/cours\/%24COMPX\/\" rel=\"nofollow noopener\" target=\"_blank\"><br \/>\n  .IXIC<br \/>\n <\/a><br \/>\n :\n<\/p>\n<p>\n * WK KELLOGG<br \/>\n <a href=\"https:\/\/www.boursorama.com\/cours\/KLG\/\" rel=\"nofollow noopener\" target=\"_blank\"><br \/>\n  KLG.N<br \/>\n <\/a><br \/>\n prend 53,1% en pr\u00e9-ouverture, une<br \/>\nsource ayant d\u00e9clar\u00e9 \u00e0 Reuters que Ferrero pourrait finaliser le<br \/>\nrachat du fabricant de c\u00e9r\u00e9ales d\u00e8s cette semaine sur la base<br \/>\nd&rsquo;une valorisation approchant les 3 milliards de dollars.\n<\/p>\n<p>\n * FREEPORT-MCMORAN<br \/>\n <a href=\"https:\/\/www.boursorama.com\/cours\/FCX\/\" rel=\"nofollow noopener\" target=\"_blank\"><br \/>\n  FCX.N<br \/>\n <\/a><br \/>\n &#8211; Le mineur de cuivre am\u00e9ricain<br \/>\nprogresse de 3,58% en pr\u00e9-ouverture apr\u00e8s que Donald Trump a<br \/>\nannonc\u00e9 mercredi la mise en place d&rsquo;un droit de douane de 50%<br \/>\nsur les importations de cuivre aux Etats-Unis de cuivre \u00e0 partir<br \/>\ndu 1er ao\u00fbt.\n<\/p>\n<p>\n * FORD MOTOR<br \/>\n <a href=\"https:\/\/www.boursorama.com\/cours\/F\/\" rel=\"nofollow noopener\" target=\"_blank\"><br \/>\n  F.N<br \/>\n <\/a><br \/>\n &#8211; L&rsquo;agence am\u00e9ricaine de s\u00e9curit\u00e9<br \/>\nrouti\u00e8re (NHTSA) a indiqu\u00e9 jeudi que le constructeur automobile<br \/>\nallait rappeler 850.318 v\u00e9hicules aux Etats-Unis en raison d&rsquo;un<br \/>\nrisque de panne de la pompe \u00e0 carburant.\n<\/p>\n<p>\n * TESLA<br \/>\n <a href=\"https:\/\/www.boursorama.com\/cours\/TSLA\/\" rel=\"nofollow noopener\" target=\"_blank\"><br \/>\n  TSLA.O<br \/>\n <\/a><br \/>\n tiendra son assembl\u00e9e g\u00e9n\u00e9rale le 6<br \/>\nnovembre, a annonc\u00e9 jeudi le groupe am\u00e9ricain. Le mod\u00e8le de<br \/>\nlangage Grok AI sera par ailleurs disponible au plus tard la<br \/>\nsemaine prochaine dans ses v\u00e9hicules, selon une d\u00e9claration sur<br \/>\nles r\u00e9seaux sociaux d&rsquo;Elon Musk.\n<\/p>\n<p>\n * BLACKSTONE<br \/>\n <a href=\"https:\/\/www.boursorama.com\/cours\/BX\/\" rel=\"nofollow noopener\" target=\"_blank\"><br \/>\n  BX.N<br \/>\n <\/a><br \/>\n a conclu un partenariat avec l&rsquo;assureur<br \/>\nbritannique Legal &amp; General<br \/>\n <a href=\"https:\/\/www.boursorama.com\/cours\/1uLGEN.L\/\" rel=\"nofollow noopener\" target=\"_blank\"><br \/>\n  LGEN.L<br \/>\n <\/a><br \/>\n dans le cr\u00e9dit priv\u00e9, selon<br \/>\nun communiqu\u00e9 commun publi\u00e9 jeudi.\n<\/p>\n<p>\n * WALT DISNEY<br \/>\n <a href=\"https:\/\/www.boursorama.com\/cours\/DIS\/\" rel=\"nofollow noopener\" target=\"_blank\"><br \/>\n  DIS.N<br \/>\n <\/a><br \/>\n a annonc\u00e9 jeudi un partenariat avec le<br \/>\ndiffuseur britannique ITV<br \/>\n <a href=\"https:\/\/www.boursorama.com\/cours\/1uITV.L\/\" rel=\"nofollow noopener\" target=\"_blank\"><br \/>\n  ITV.L<br \/>\n <\/a><br \/>\n aux termes duquel ils<br \/>\ndiffuseront une s\u00e9lection de leurs \u00e9missions sur leurs<br \/>\nplateformes de diffusion en continu respectives.\n<\/p>\n<p>\n * KRAFT HEINZ<br \/>\n <a href=\"https:\/\/www.boursorama.com\/cours\/KHC\/\" rel=\"nofollow noopener\" target=\"_blank\"><br \/>\n  KHC.O<br \/>\n <\/a><br \/>\n a indiqu\u00e9 jeudi avoir sign\u00e9 un accord<br \/>\npour c\u00e9der ses activit\u00e9s italiennes de produits infantiles et de<br \/>\nsp\u00e9cialit\u00e9s au groupe alimentaire italien NewPrinces<br \/>\n <a href=\"https:\/\/www.boursorama.com\/cours\/1gNWL\/\" rel=\"nofollow noopener\" target=\"_blank\"><br \/>\n  NWLF.MI<br \/>\n <\/a><br \/>\n .\n<\/p>\n<p>\n * DELTA AIR LINES<br \/>\n <a href=\"https:\/\/www.boursorama.com\/cours\/DAL\/\" rel=\"nofollow noopener\" target=\"_blank\"><br \/>\n  DAL.N<br \/>\n <\/a><br \/>\n a dit jeudi anticiper un b\u00e9n\u00e9fice<br \/>\nsup\u00e9rieur aux attentes pour le trimestre et l&rsquo;ensemble de<br \/>\nl&rsquo;ann\u00e9e.\n<\/p>\n<p>\n * Oracle<br \/>\n <a href=\"https:\/\/www.boursorama.com\/cours\/ORCL\/\" rel=\"nofollow noopener\" target=\"_blank\"><br \/>\n  ORCL.N<br \/>\n <\/a><br \/>\n prend pr\u00e8s de 2% en pr\u00e9-ouverture apr\u00e8s un<br \/>\nrel\u00e8vement de recommandation de Piper Sandler.\n<\/p>\n<p>\n * MP MATERIALS<br \/>\n <a href=\"https:\/\/www.boursorama.com\/cours\/MP\/\" rel=\"nofollow noopener\" target=\"_blank\"><br \/>\n  MP.N<br \/>\n <\/a><br \/>\n prend 24,6% en pr\u00e9-ouverture apr\u00e8s<br \/>\navoir annonc\u00e9 un partenariat public-priv\u00e9 avec le minist\u00e8re<br \/>\nam\u00e9ricain de la D\u00e9fense pour d\u00e9velopper la cha\u00eene<br \/>\nd&rsquo;approvisionnement nationale en aimants \u00e0 base de terres rares.\n<\/p>\n<p>\n * ULTA BEAUTY<br \/>\n <a href=\"https:\/\/www.boursorama.com\/cours\/ULTA\/\" rel=\"nofollow noopener\" target=\"_blank\"><br \/>\n  ULTA.O<br \/>\n <\/a><br \/>\n est sur le point de conclure un<br \/>\naccord pour acheter la cha\u00eene britannique de produit de beaut\u00e9<br \/>\nSpace NK, a rapport\u00e9 Sky News jeudi.\n<\/p>\n<p>\n *  MARSH MACLENNAN<br \/>\n <a href=\"https:\/\/www.boursorama.com\/cours\/MMC\/\" rel=\"nofollow noopener\" target=\"_blank\"><br \/>\n  MMC.N<br \/>\n <\/a><br \/>\n a annonc\u00e9 mercredi la nomination<br \/>\nde Bruce Roussard, ancien dirigeant de l&rsquo;assureur sant\u00e9 Humana,<br \/>\n\u00e0 son conseil d&rsquo;administration.\n<\/p>\n<p>\n (R\u00e9dig\u00e9 par Bertrand De Meyer, \u00e9dit\u00e9 par Augustin Turpin)<\/p>\n","protected":false},"excerpt":{"rendered":"(Actualis\u00e9 avec Tesla, Oracle, Kraft Heinz, MP Materials et Delta Air Lines ; cours \u00e0 jour) Principales valeurs&hellip;\n","protected":false},"author":2,"featured_media":99137,"comment_status":"","ping_status":"","sticky":false,"template":"","format":"standard","meta":{"footnotes":""},"categories":[1589],"tags":[400,11,398,408,405,73,1866,403,402,399,404,12,401,406,1864,1865,1863,308,407],"class_list":{"0":"post-239881","1":"post","2":"type-post","3":"status-publish","4":"format-standard","5":"has-post-thumbnail","7":"category-etats-unis","8":"tag-action-cac-40","9":"tag-actualites","10":"tag-bourse-de-paris","11":"tag-boursorama","12":"tag-cotations","13":"tag-etats-unis","14":"tag-etats-unis-damerique","15":"tag-indices-devises","16":"tag-investir","17":"tag-investissement","18":"tag-marche-boursier","19":"tag-news","20":"tag-sicav","21":"tag-trackers","22":"tag-united-states","23":"tag-united-states-of-america","24":"tag-us","25":"tag-usa","26":"tag-warrants"},"share_on_mastodon":{"url":"https:\/\/pubeurope.com\/@fr\/114828647065351497","error":""},"_links":{"self":[{"href":"https:\/\/www.europesays.com\/fr\/wp-json\/wp\/v2\/posts\/239881","targetHints":{"allow":["GET"]}}],"collection":[{"href":"https:\/\/www.europesays.com\/fr\/wp-json\/wp\/v2\/posts"}],"about":[{"href":"https:\/\/www.europesays.com\/fr\/wp-json\/wp\/v2\/types\/post"}],"author":[{"embeddable":true,"href":"https:\/\/www.europesays.com\/fr\/wp-json\/wp\/v2\/users\/2"}],"replies":[{"embeddable":true,"href":"https:\/\/www.europesays.com\/fr\/wp-json\/wp\/v2\/comments?post=239881"}],"version-history":[{"count":0,"href":"https:\/\/www.europesays.com\/fr\/wp-json\/wp\/v2\/posts\/239881\/revisions"}],"wp:featuredmedia":[{"embeddable":true,"href":"https:\/\/www.europesays.com\/fr\/wp-json\/wp\/v2\/media\/99137"}],"wp:attachment":[{"href":"https:\/\/www.europesays.com\/fr\/wp-json\/wp\/v2\/media?parent=239881"}],"wp:term":[{"taxonomy":"category","embeddable":true,"href":"https:\/\/www.europesays.com\/fr\/wp-json\/wp\/v2\/categories?post=239881"},{"taxonomy":"post_tag","embeddable":true,"href":"https:\/\/www.europesays.com\/fr\/wp-json\/wp\/v2\/tags?post=239881"}],"curies":[{"name":"wp","href":"https:\/\/api.w.org\/{rel}","templated":true}]}}