{"id":239884,"date":"2025-07-10T11:15:15","date_gmt":"2025-07-10T11:15:15","guid":{"rendered":"https:\/\/www.europesays.com\/fr\/239884\/"},"modified":"2025-07-10T11:15:15","modified_gmt":"2025-07-10T11:15:15","slug":"motogp-allemagne-fabio-quartararo-qualifications-capitales","status":"publish","type":"post","link":"https:\/\/www.europesays.com\/fr\/239884\/","title":{"rendered":"MotoGP Allemagne, Fabio Quartararo : Qualifications capitales !"},"content":{"rendered":"<p><strong>D\u00e9bord\u00e9 par Maverick Vinales \u00e0 Assen, <a href=\"https:\/\/www.paddock-gp.com\/?s=quartararo\" target=\"_blank\" rel=\"noopener nofollow\">Fabio Quartararo<\/a> arrive en Allemagne dor\u00e9navant \u00e0 la<br \/>\n11e place du classement du championnat du monde <a href=\"https:\/\/www.motogp.com\/\" target=\"_blank\" rel=\"noopener nofollow\">MotoGP<\/a>, mais le Fran\u00e7ais est impatient de commencer<br \/>\nle week-end au Sachsenring, esp\u00e9rant que les caract\u00e9ristiques<br \/>\nuniques du circuit joueront en sa faveur.<\/strong><\/p>\n<p>Le circuit \u00e9troit et sinueux, qui accueille l\u2019\u00e9v\u00e8nement pour la<br \/>\n27e fois, pr\u00e9sente des d\u00e9nivel\u00e9s importants et des virages<br \/>\nprincipalement \u00e0 gauche. Il ne convient pas \u00e0 tout le monde, mais<br \/>\n<strong>El Diablo<\/strong> y a d\u00e9j\u00e0 connu le succ\u00e8s, avec une<br \/>\nsuperbe victoire sur le sol allemand en 2022 (malgr\u00e9 une forme<br \/>\nphysique d\u00e9faillante \u00e0 l\u2019\u00e9poque) et une troisi\u00e8me place en 2021,<br \/>\nqui soulignent que le num\u00e9ro 20 poss\u00e8de les comp\u00e9tences n\u00e9cessaires<br \/>\npour ce circuit technique. Il s\u2019y est qualifi\u00e9 en deuxi\u00e8me position<br \/>\npour ses trois premi\u00e8res courses MotoGP sur ce circuit (2019, 2021<br \/>\net 2022).<\/p>\n<p>En 2024, il y a termin\u00e9 onzi\u00e8me, depuis la 14e place sur la<br \/>\ngrille. Sa vitesse d\u00e9montr\u00e9e cette ann\u00e9e en qualification pourrait<br \/>\nl\u2019aider \u00e0 finir bien mieux, sur un trac\u00e9 o\u00f9 les zones de<br \/>\nd\u00e9passements sont tr\u00e8s peu nombreuses\u2026<\/p>\n<p>Curieusement absent du test priv\u00e9 auquel son co\u00e9quipier<br \/>\n<strong>\u00c1lex Rins<\/strong> a particip\u00e9 \u00e0 Brno la semaine derni\u00e8re,<br \/>\n<strong>Fabio Quartararo<\/strong> semble s\u2019\u00eatre concentr\u00e9 sur sa<br \/>\npr\u00e9paration physique avant d\u2019entamer les deux derni\u00e8res manches du<br \/>\nMotoGP avant la pause estivale : le Grand Prix d\u2019Allemagne et le<br \/>\nGrand Prix de R\u00e9publique tch\u00e8que, qui se d\u00e9rouleront coup sur<br \/>\ncoup.<\/p>\n<p><strong>Fabio Quartararo<\/strong>, pilote Monster Energy Yamaha<br \/>\nMotoGP : \u00ab Le Grand Prix des Pays-Bas ne s\u2019est pas d\u00e9roul\u00e9<br \/>\ncomme nous l\u2019esp\u00e9rions. J\u2019ai surtout senti que j\u2019avais plus de<br \/>\nrythme dans la seconde moiti\u00e9 de la course, mais le fait d\u2019\u00eatre<br \/>\nbloqu\u00e9 derri\u00e8re d\u2019autres pilotes m\u2019a compliqu\u00e9 la t\u00e2che. Nous<br \/>\nallons examiner les donn\u00e9es des essais priv\u00e9s pour voir ce que nous<br \/>\npouvons en tirer. Cela pourra peut-\u00eatre nous aider un peu lors des<br \/>\ndeux prochains week-ends de course. J\u2019ai d\u00e9j\u00e0 gagn\u00e9 au Sachsenring,<br \/>\nmais en g\u00e9n\u00e9ral, ce circuit a toujours \u00e9t\u00e9 un peu difficile pour<br \/>\nnous, en particulier dans les secteurs 2 et 3. Mais nous allons<br \/>\nnous concentrer sur les aspects positifs et donner le meilleur de<br \/>\nnous-m\u00eames, comme toujours. \u00bb<\/p>\n<p><strong>Massimo Meregalli<\/strong>, Directeur de l\u2019\u00e9quipe<br \/>\nMonster Energy Yamaha MotoGP : \u00ab M\u00eame si nous avons eu une<br \/>\nsemaine de pause entre deux week-ends intenses avec deux courses<br \/>\ncons\u00e9cutives, Yamaha est rest\u00e9 pleinement engag\u00e9. \u00c1lex a particip\u00e9<br \/>\n\u00e0 un test priv\u00e9 productif \u00e0 Brno, tandis que les ing\u00e9nieurs Yamaha<br \/>\nont poursuivi leur travail acharn\u00e9 en coulisses, analysant les<br \/>\ndonn\u00e9es. Fabio a \u00e9galement maintenu son programme d\u2019entra\u00eenement<br \/>\nintensif tout au long de la semaine. Alors que nous entrons dans la<br \/>\nderni\u00e8re ligne droite avant la pause estivale, nous sommes tr\u00e8s<br \/>\nmotiv\u00e9s pour donner un coup de pouce suppl\u00e9mentaire. Le Sachsenring<br \/>\npr\u00e9sente des d\u00e9fis uniques : son trac\u00e9 rend les d\u00e9passements<br \/>\nparticuli\u00e8rement difficiles, il sera donc encore plus crucial que<br \/>\nd\u2019habitude de se qualifier pour la Q2 et d\u2019obtenir une bonne<br \/>\nposition sur la grille de d\u00e9part. Nous nous attendons \u00e0 un week-end<br \/>\ndifficile, mais nous l\u2019abordons avec la d\u00e9termination d\u2019obtenir les<br \/>\nmeilleurs r\u00e9sultats possibles. \u00bb<\/p>\n<p><img loading=\"lazy\" decoding=\"async\" class=\"aligncenter size-full wp-image-1307835\" src=\"https:\/\/www.europesays.com\/fr\/wp-content\/uploads\/2025\/07\/Quartararo2.jpg\" alt=\"\" width=\"800\" height=\"533\"  \/><img loading=\"lazy\" decoding=\"async\" class=\"aligncenter size-full wp-image-1306967\" src=\"https:\/\/www.europesays.com\/fr\/wp-content\/uploads\/2025\/07\/tableauGP2025.jpg\" alt=\"\" width=\"1796\" height=\"1341\"  \/><\/p>\n<p>MotoGP Allemagne Fabio<br \/>\nQuartararo<\/p>\n","protected":false},"excerpt":{"rendered":"D\u00e9bord\u00e9 par Maverick Vinales \u00e0 Assen, Fabio Quartararo arrive en Allemagne dor\u00e9navant \u00e0 la 11e place du classement&hellip;\n","protected":false},"author":2,"featured_media":239885,"comment_status":"","ping_status":"","sticky":false,"template":"","format":"standard","meta":{"footnotes":""},"categories":[1587],"tags":[11,672,1804,1805,1803,1777,674,1801,12,1802],"class_list":{"0":"post-239884","1":"post","2":"type-post","3":"status-publish","4":"format-standard","5":"has-post-thumbnail","7":"category-allemagne","8":"tag-actualites","9":"tag-allemagne","10":"tag-bundesrepublik-deutschland","11":"tag-de","12":"tag-deutschland","13":"tag-eu","14":"tag-europe","15":"tag-germany","16":"tag-news","17":"tag-republique-federale-dallemagne"},"share_on_mastodon":{"url":"https:\/\/pubeurope.com\/@fr\/114828654948817078","error":""},"_links":{"self":[{"href":"https:\/\/www.europesays.com\/fr\/wp-json\/wp\/v2\/posts\/239884","targetHints":{"allow":["GET"]}}],"collection":[{"href":"https:\/\/www.europesays.com\/fr\/wp-json\/wp\/v2\/posts"}],"about":[{"href":"https:\/\/www.europesays.com\/fr\/wp-json\/wp\/v2\/types\/post"}],"author":[{"embeddable":true,"href":"https:\/\/www.europesays.com\/fr\/wp-json\/wp\/v2\/users\/2"}],"replies":[{"embeddable":true,"href":"https:\/\/www.europesays.com\/fr\/wp-json\/wp\/v2\/comments?post=239884"}],"version-history":[{"count":0,"href":"https:\/\/www.europesays.com\/fr\/wp-json\/wp\/v2\/posts\/239884\/revisions"}],"wp:featuredmedia":[{"embeddable":true,"href":"https:\/\/www.europesays.com\/fr\/wp-json\/wp\/v2\/media\/239885"}],"wp:attachment":[{"href":"https:\/\/www.europesays.com\/fr\/wp-json\/wp\/v2\/media?parent=239884"}],"wp:term":[{"taxonomy":"category","embeddable":true,"href":"https:\/\/www.europesays.com\/fr\/wp-json\/wp\/v2\/categories?post=239884"},{"taxonomy":"post_tag","embeddable":true,"href":"https:\/\/www.europesays.com\/fr\/wp-json\/wp\/v2\/tags?post=239884"}],"curies":[{"name":"wp","href":"https:\/\/api.w.org\/{rel}","templated":true}]}}