{"id":239892,"date":"2025-07-10T11:19:12","date_gmt":"2025-07-10T11:19:12","guid":{"rendered":"https:\/\/www.europesays.com\/fr\/239892\/"},"modified":"2025-07-10T11:19:12","modified_gmt":"2025-07-10T11:19:12","slug":"le-principal-suspect-aurait-fait-lobjet-dun-signalement-des-lage-de-15-ans","status":"publish","type":"post","link":"https:\/\/www.europesays.com\/fr\/239892\/","title":{"rendered":"le principal suspect aurait fait l\u2019objet d\u2019un signalement d\u00e8s l\u2019\u00e2ge de 15 ans"},"content":{"rendered":"<p>Une premi\u00e8re agression sexuelle commise \u00e0 la fin des ann\u00e9es 2000 sur un enfant \u00e2g\u00e9 de 4 ans n\u2019aurait fait l\u2019objet d\u2019aucune poursuite, malgr\u00e9 l\u2019alerte relay\u00e9e par la propre m\u00e8re du mis en cause, d\u00e9voile Le Parisien.<\/p>\n<p class=\"fig-paragraph\">Un ant\u00e9c\u00e9dent assez ancien. Pierre-Alain Cottineau,\u00a0<a href=\"http:\/\/www.lefigaro.fr\/nantes\/viols-avec-torture-d-une-fillette-handicapee-a-nantes-le-suspect-est-un-ancien-candidat-lfi-20241002\" target=\"_blank\" data-fig-type=\"NewsFlash\" rel=\"noopener\" data-gtm-custom-categorie=\"navigation\" data-gtm-custom-action=\"crossclick\" data-gtm-custom-label=\"Contextuel\" data-gtm-event=\"customEventSPE\" data-fig-domain=\"LEFIGARO\">l\u2019ancien candidat de La France insoumise<\/a>\u00a0mis en examen\u00a0<a href=\"https:\/\/www.lefigaro.fr\/nantes\" target=\"_blank\" data-fig-type=\"Section\" rel=\"sponsored noopener\" data-gtm-custom-categorie=\"navigation\" data-gtm-custom-action=\"crossclick\" data-gtm-custom-label=\"Contextuel\" data-gtm-event=\"customEventSPE\" data-fig-domain=\"LEFIGARO\">\u00e0 Nantes<\/a>\u00a0(Loire-Atlantique), en septembre 2024, pour\u00a0<a href=\"http:\/\/www.lefigaro.fr\/nantes\/nantes-un-assistant-familial-arrete-pour-viol-torture-et-barbarie-sur-une-fillette-de-4-ans-20240930\" target=\"_blank\" data-fig-type=\"NewsFlash\" rel=\"noopener\" data-gtm-custom-categorie=\"navigation\" data-gtm-custom-action=\"crossclick\" data-gtm-custom-label=\"Contextuel\" data-gtm-event=\"customEventSPE\" data-fig-domain=\"LEFIGARO\">des faits de viols avec torture sur plusieurs mineurs<\/a>, aurait fait l\u2019objet d\u2019un signalement d\u00e8s son adolescence. Cette premi\u00e8re alerte aurait \u00e9t\u00e9 rapport\u00e9e \u00e0 la suite d\u2019une agression sexuelle commise sur un enfant \u00e2g\u00e9 de quatre ans.<\/p>\n<p class=\"fig-paragraph\">Selon les informations\u00a0<a href=\"https:\/\/www.leparisien.fr\/faits-divers\/jai-des-enfants-a-disposition-revelations-sur-pierre-alain-cottineau-a-la-tete-dun-reseau-pedocriminel-09-07-2025-26FQXKLRDRFR3HYOC2XBQEBZKY.php\" target=\"_blank\" rel=\"noopener\" data-gtm-custom-categorie=\"navigation\" data-gtm-custom-action=\"crossclick\" data-gtm-custom-label=\"Contextuel\" data-gtm-event=\"customEventSPE\">du Parisien<\/a>, d\u00e9voil\u00e9es dans son \u00e9dition du 10 juillet, le mis en cause aurait \u00e9t\u00e9 signal\u00e9 vers \u00ab2007 ou 2008\u00bb par sa m\u00e8re au service de la Protection maternelle et infantile (PMI). Le jeune homme &#8211; alors \u00e2g\u00e9 de 15 ans &#8211; s\u2019en serait pris \u00e0 un mineur gard\u00e9 par sa famille. L\u2019avertissement dont il aurait fait l\u2019objet n\u2019a cependant pas \u00e9t\u00e9 suivi d\u2019un quelconque effet, rapportent nos confr\u00e8res, en citant l\u2019audition de la m\u00e8re du suspect, r\u00e9alis\u00e9e dans le cadre de l\u2019enqu\u00eate. Ni le parquet ni l\u2019avocat du mis en cause n\u2019ont souhait\u00e9 r\u00e9agir.<\/p>\n<p>                                    <a class=\"fig-a11y-skip a11y-hidden\" href=\"#fig-a11y-skip-main-inarticle\"><br \/>\n        Passer la publicit\u00e9<br \/>\n    <\/a><\/p>\n<p>Extr\u00eame brutalit\u00e9<\/p>\n<p class=\"fig-paragraph\">Alert\u00e9e en 2024 apr\u00e8s la d\u00e9couverte par la police n\u00e9erlandaise d\u2019une vid\u00e9o de viol \u00e0 caract\u00e8re p\u00e9dophile circulant\u00a0<a href=\"http:\/\/www.lefigaro.fr\/marseille\/marseille-un-ex-agent-de-la-dgsi-condamne-pour-avoir-vendu-des-informations-sur-le-darknet-20241018\" target=\"_blank\" data-fig-type=\"NewsFlash\" rel=\"noopener\" data-gtm-custom-categorie=\"navigation\" data-gtm-custom-action=\"crossclick\" data-gtm-custom-label=\"Contextuel\" data-gtm-event=\"customEventSPE\" data-fig-domain=\"LEFIGARO\">sur le darknet<\/a>, l\u2019Office mineurs (Ofmin) a remont\u00e9 le fil d\u2019un r\u00e9seau p\u00e9docriminel dont l\u2019acteur cl\u00e9, Pierre-Alain Cottineau, r\u00e9sidait \u00e0 Oudon, dans l\u2019agglom\u00e9ration d\u2019Ancenis, entre Nantes et Angers. Militant associatif au sein de la communaut\u00e9 LGBT+ et ancien candidat de La France insoumise sur le canton d\u2019Ancenis-Saint G\u00e9r\u00e9on, lors des \u00e9lections d\u00e9partementales de juin 2021, le mis en cause a abus\u00e9 de son agr\u00e9ment d\u2019assistant familial, obtenu en d\u00e9cembre 2023, pour se livrer \u00e0 des exactions d\u2019une extr\u00eame brutalit\u00e9 sur les jeunes enfants qu\u2019il \u00e9tait d\u00e9sormais habilit\u00e9 \u00e0 accueillir chez lui.<\/p>\n<p class=\"fig-body-link\">\n            \u00c0 lire aussi<br \/>\n        <a class=\"fig-body-link__link\" href=\"http:\/\/www.lefigaro.fr\/nantes\/ca-devient-de-plus-en-plus-dangereux-a-nantes-des-habitants-exasperes-s-alarment-de-la-cohabitation-avec-des-familles-roms-20250709\" target=\"_blank\" data-fig-type=\"NewsFlash\" rel=\"noopener\" data-gtm-custom-categorie=\"navigation\" data-gtm-custom-action=\"crossclick\" data-gtm-custom-label=\"Contextuel\" data-gtm-event=\"customEventSPE\" data-fig-domain=\"LEFIGARO\">\u00ab\u00c7a devient de plus en plus dangereux\u00bb\u00a0: \u00e0 Nantes, des habitants exasp\u00e9r\u00e9s s\u2019alarment de la cohabitation avec des familles Roms<br \/>\n    <\/a>\n<\/p>\n<p class=\"fig-paragraph\">D\u2019apr\u00e8s nos confr\u00e8res du Parisien, le principal suspect aurait assez rapidement organis\u00e9 des exactions, une fois son agr\u00e9ment valid\u00e9 par les antennes locales de\u00a0<a href=\"http:\/\/www.lefigaro.fr\/actualite-france\/pedopornographie-un-responsable-de-l-aide-sociale-a-l-enfance-condamne-a-du-sursis-20250701\" target=\"_blank\" data-fig-type=\"NewsFlash\" rel=\"noopener\" data-gtm-custom-categorie=\"navigation\" data-gtm-custom-action=\"crossclick\" data-gtm-custom-label=\"Contextuel\" data-gtm-event=\"customEventSPE\" data-fig-domain=\"LEFIGARO\">l\u2019aide sociale \u00e0 l\u2019enfance<\/a>, apr\u00e8s pr\u00e9sentation de son casier judiciaire vierge assorti d\u2019une formation d\u2019une soixantaine d\u2019heures. Contact\u00e9s via\u00a0<a href=\"http:\/\/www.lefigaro.fr\/actualite-france\/cinquante-cinq-hommes-arretes-en-france-apres-le-demantelement-d-un-reseau-de-pedocriminalite-via-telegram-20250522\" target=\"_blank\" data-fig-type=\"NewsFlash\" rel=\"noopener\" data-gtm-custom-categorie=\"navigation\" data-gtm-custom-action=\"crossclick\" data-gtm-custom-label=\"Contextuel\" data-gtm-event=\"customEventSPE\" data-fig-domain=\"LEFIGARO\">la messagerie crypt\u00e9e Telegram<\/a>, quatre hommes \u00e2g\u00e9s de 32 \u00e0 52 ans, dont un Belge, se sont rendus \u00e0 plusieurs reprises \u00e0 Oudon pour participer \u00e0 des viols collectifs. Au moins une partie des actes \u00e9taient film\u00e9s puis partag\u00e9s en ligne, sur des r\u00e9seaux p\u00e9dophiles.<\/p>\n<p class=\"fig-paragraph\">L\u2019instruction de l\u2019infirmation judiciaire ouverte en septembre 2024 est toujours en cours. Plusieurs victimes ont \u00e9t\u00e9 identifi\u00e9es par les enqu\u00eateurs. L\u2019une d\u2019elles est une fillette lourdement handicap\u00e9e, \u00e2g\u00e9e de 4 ans au moment des faits. Le parquet de Nantes a estim\u00e9 que les faits, \u00abd\u2019une extr\u00eame gravit\u00e9\u00bb, \u00e9taient suffisamment caract\u00e9ris\u00e9s pour justifier la qualification d\u2019actes de torture et de barbarie. Les cinq individus mis en cause dans le dossier ont \u00e9t\u00e9 plac\u00e9s en d\u00e9tention provisoire et encourent une condamnation \u00e0 perp\u00e9tuit\u00e9.<\/p>\n","protected":false},"excerpt":{"rendered":"Une premi\u00e8re agression sexuelle commise \u00e0 la fin des ann\u00e9es 2000 sur un enfant \u00e2g\u00e9 de 4 ans&hellip;\n","protected":false},"author":2,"featured_media":239893,"comment_status":"","ping_status":"","sticky":false,"template":"","format":"standard","meta":{"footnotes":""},"categories":[2],"tags":[11,1011,27,12,1974,25],"class_list":{"0":"post-239892","1":"post","2":"type-post","3":"status-publish","4":"format-standard","5":"has-post-thumbnail","7":"category-actualites","8":"tag-actualites","9":"tag-fr","10":"tag-france","11":"tag-news","12":"tag-pedocriminalite","13":"tag-republique-francaise"},"share_on_mastodon":{"url":"https:\/\/pubeurope.com\/@fr\/114828670791178578","error":""},"_links":{"self":[{"href":"https:\/\/www.europesays.com\/fr\/wp-json\/wp\/v2\/posts\/239892","targetHints":{"allow":["GET"]}}],"collection":[{"href":"https:\/\/www.europesays.com\/fr\/wp-json\/wp\/v2\/posts"}],"about":[{"href":"https:\/\/www.europesays.com\/fr\/wp-json\/wp\/v2\/types\/post"}],"author":[{"embeddable":true,"href":"https:\/\/www.europesays.com\/fr\/wp-json\/wp\/v2\/users\/2"}],"replies":[{"embeddable":true,"href":"https:\/\/www.europesays.com\/fr\/wp-json\/wp\/v2\/comments?post=239892"}],"version-history":[{"count":0,"href":"https:\/\/www.europesays.com\/fr\/wp-json\/wp\/v2\/posts\/239892\/revisions"}],"wp:featuredmedia":[{"embeddable":true,"href":"https:\/\/www.europesays.com\/fr\/wp-json\/wp\/v2\/media\/239893"}],"wp:attachment":[{"href":"https:\/\/www.europesays.com\/fr\/wp-json\/wp\/v2\/media?parent=239892"}],"wp:term":[{"taxonomy":"category","embeddable":true,"href":"https:\/\/www.europesays.com\/fr\/wp-json\/wp\/v2\/categories?post=239892"},{"taxonomy":"post_tag","embeddable":true,"href":"https:\/\/www.europesays.com\/fr\/wp-json\/wp\/v2\/tags?post=239892"}],"curies":[{"name":"wp","href":"https:\/\/api.w.org\/{rel}","templated":true}]}}