{"id":239894,"date":"2025-07-10T11:20:10","date_gmt":"2025-07-10T11:20:10","guid":{"rendered":"https:\/\/www.europesays.com\/fr\/239894\/"},"modified":"2025-07-10T11:20:10","modified_gmt":"2025-07-10T11:20:10","slug":"leglise-de-france-dit-son-effroi","status":"publish","type":"post","link":"https:\/\/www.europesays.com\/fr\/239894\/","title":{"rendered":"l\u2019\u00c9glise de France dit son \u00ab effroi \u00bb"},"content":{"rendered":"<p>L\u2019\u00c9glise de France a dit jeudi son \u00ab effroi \u00bb vingt-quatre heures apr\u00e8s la r\u00e9v\u00e9lation de nouveaux t\u00e9moignages accusant l&rsquo;<a href=\"https:\/\/www.vosgesmatin.fr\/p\/abbe-pierre\" target=\"_blank\" rel=\"nofollow noopener\">abb\u00e9 Pierre<\/a> de violences sexuelles : \u00ab La Conf\u00e9rence des \u00e9v\u00eaques de France (CEF) a re\u00e7u avec effroi le t\u00e9moignage de douze nouvelles personnes victimes de l&rsquo;abb\u00e9 Pierre, dont sept mineures au moment des faits. Les \u00e9v\u00eaques assurent ces personnes de leur proximit\u00e9 \u00bb, <a href=\"https:\/\/eglise.catholique.fr\/espace-presse\/communiques-de-presse\/565103-affaire-abbe-pierre-la-cef-et-emmaus-travaillent-conjointement-et-avec-determination-a-un-processus-de-reparation\/\" target=\"_blank\" rel=\"nofollow noopener\">d\u00e9clare l&rsquo;\u00e9piscopat dans un communiqu\u00e9<\/a>.<\/p>\n<p>Le cabinet sp\u00e9cialis\u00e9 Ega\u00e9, mandat\u00e9 par Emma\u00fcs pour faire toute la lumi\u00e8re sur cette affaire, a fait \u00e9tat mercredi de ces victimes <a href=\"https:\/\/www.vosgesmatin.fr\/faits-divers-justice\/2025\/07\/09\/affaire-abbe-pierre-douze-nouvelles-accusations-dont-sept-sur-mineurs\" target=\"_blank\" rel=\"nofollow noopener\">dans un rapport qui porte \u00e0 45 le nombre d&rsquo;accusations de violences sexuelles<\/a> visant l&rsquo;abb\u00e9 Pierre, d\u00e9c\u00e9d\u00e9 en 2007.<\/p>\n<p>\u00ab Un processus de r\u00e9paration\u00a0\u00bb lanc\u00e9<\/p>\n<p>\u00ab La CEF et Emma\u00fcs ont le souci de prendre en charge les personnes victimes afin de les aider dans leur reconstruction apr\u00e8s ce qu\u2019elles ont subi. Elles travaillent conjointement et avec d\u00e9termination \u00e0 <a href=\"https:\/\/www.vosgesmatin.fr\/faits-divers-justice\/2025\/03\/25\/pedocriminalite-dans-l-eglise-apres-betharram-un-sursaut-de-demandes-de-reparations\" target=\"_blank\" rel=\"nofollow noopener\">un processus de r\u00e9paration<\/a> \u00bb poursuit le communiqu\u00e9. Ce dispositif sera op\u00e9rationnel \u00e0 compter de septembre 2025. \u00ab Il s&rsquo;agit avant tout d&rsquo;un dispositif d&rsquo;accueil, d&rsquo;\u00e9coute, de reconnaissance, de r\u00e9paration financi\u00e8re et d&rsquo;accompagnement des personnes victimes pour les aider \u00e0 se reconstruire \u00bb.<\/p>\n<p>La CEF encourage \u00e9galement, \u00ab dans un souci de v\u00e9rit\u00e9 et de clart\u00e9 \u00bb toute personne ayant subi des violences par l&rsquo;abb\u00e9 Pierre \u00ab \u00e0 se rapprocher de l&rsquo;un des dispositifs d&rsquo;\u00e9coute et d&rsquo;accompagnement de l&rsquo;\u00c9glise \u00bb, notamment via un num\u00e9ro d&rsquo;appel d\u00e9di\u00e9 ou les cellules d&rsquo;\u00e9coute des dioc\u00e8ses.<\/p>\n<p>De nombreuses rues d\u00e9baptis\u00e9es<\/p>\n<p>Ce scandale, qui a grossi au fil des trois rapports publi\u00e9s en juillet 2024, septembre 2024 et janvier 2025, a eu des r\u00e9percussions profondes pour Emma\u00fcs comme pour l\u2019\u00c9glise de France. La Fondation Abb\u00e9 Pierre, que le pr\u00eatre avait cr\u00e9\u00e9e avec des proches en 1987, <a href=\"https:\/\/www.vosgesmatin.fr\/societe\/2025\/01\/25\/la-fondation-abbe-pierre-a-recu-le-feu-vert-officiel-a-un-changement-de-nom\" target=\"_blank\" rel=\"nofollow noopener\">a ainsi chang\u00e9 de nom le 25 janvier<\/a>, pour devenir la \u00ab Fondation pour le logement des d\u00e9favoris\u00e9s \u00bb, puis de logo en mars.<\/p>\n<p>Emma\u00fcs France a ferm\u00e9 d\u00e9finitivement le lieu de m\u00e9moire d\u00e9di\u00e9 au pr\u00eatre, \u00e0 Esteville (Seine-Maritime). Et des centaines de rues, places et b\u00e2timents ont \u00e9t\u00e9 d\u00e9baptis\u00e9s.<\/p>\n","protected":false},"excerpt":{"rendered":"L\u2019\u00c9glise de France a dit jeudi son \u00ab effroi \u00bb vingt-quatre heures apr\u00e8s la r\u00e9v\u00e9lation de nouveaux t\u00e9moignages&hellip;\n","protected":false},"author":2,"featured_media":239895,"comment_status":"","ping_status":"","sticky":false,"template":"","format":"standard","meta":{"footnotes":""},"categories":[4],"tags":[11,274,107,1011,27,329,12,5889,25],"class_list":{"0":"post-239894","1":"post","2":"type-post","3":"status-publish","4":"format-standard","5":"has-post-thumbnail","7":"category-france","8":"tag-actualites","9":"tag-faits-divers-justice","10":"tag-fil-info","11":"tag-fr","12":"tag-france","13":"tag-france-monde","14":"tag-news","15":"tag-religion-croyance","16":"tag-republique-francaise"},"share_on_mastodon":{"url":"https:\/\/pubeurope.com\/@fr\/114828674487972337","error":""},"_links":{"self":[{"href":"https:\/\/www.europesays.com\/fr\/wp-json\/wp\/v2\/posts\/239894","targetHints":{"allow":["GET"]}}],"collection":[{"href":"https:\/\/www.europesays.com\/fr\/wp-json\/wp\/v2\/posts"}],"about":[{"href":"https:\/\/www.europesays.com\/fr\/wp-json\/wp\/v2\/types\/post"}],"author":[{"embeddable":true,"href":"https:\/\/www.europesays.com\/fr\/wp-json\/wp\/v2\/users\/2"}],"replies":[{"embeddable":true,"href":"https:\/\/www.europesays.com\/fr\/wp-json\/wp\/v2\/comments?post=239894"}],"version-history":[{"count":0,"href":"https:\/\/www.europesays.com\/fr\/wp-json\/wp\/v2\/posts\/239894\/revisions"}],"wp:featuredmedia":[{"embeddable":true,"href":"https:\/\/www.europesays.com\/fr\/wp-json\/wp\/v2\/media\/239895"}],"wp:attachment":[{"href":"https:\/\/www.europesays.com\/fr\/wp-json\/wp\/v2\/media?parent=239894"}],"wp:term":[{"taxonomy":"category","embeddable":true,"href":"https:\/\/www.europesays.com\/fr\/wp-json\/wp\/v2\/categories?post=239894"},{"taxonomy":"post_tag","embeddable":true,"href":"https:\/\/www.europesays.com\/fr\/wp-json\/wp\/v2\/tags?post=239894"}],"curies":[{"name":"wp","href":"https:\/\/api.w.org\/{rel}","templated":true}]}}