{"id":239896,"date":"2025-07-10T11:23:09","date_gmt":"2025-07-10T11:23:09","guid":{"rendered":"https:\/\/www.europesays.com\/fr\/239896\/"},"modified":"2025-07-10T11:23:09","modified_gmt":"2025-07-10T11:23:09","slug":"top-14-les-bordelo-beglais-et-les-toulousains-en-force-votre-xv-de-lannee","status":"publish","type":"post","link":"https:\/\/www.europesays.com\/fr\/239896\/","title":{"rendered":"Top 14 \u2013 Les Bordelo-B\u00e9glais et les Toulousains en force\u2026 Votre XV de l\u2019ann\u00e9e"},"content":{"rendered":"<p>\n                Depuis plusieurs jours, Rugbyrama vous permet d\u2019\u00e9lire votre XV de la saison des joueurs \u00e9voluant en Top 14. Vous avez d\u00e9cid\u00e9 d\u2019honorer les Bordelo-B\u00e9glais et les Toulousains, qui occupent 13 des 15 positions. D\u00e9couvrez votre XV !\n            <\/p>\n<p>Pour ouvrir ce XV type de l\u2019ann\u00e9e <strong>Jean-Baptiste Gros<\/strong> n\u2019a pas laiss\u00e9 beaucoup de place \u00e0 la concurrence et r\u00e9colte 83\u00a0% des voix. De l\u2019autre c\u00f4t\u00e9 de votre\u00a0m\u00eal\u00e9e, le champion d\u2019Europe <strong>Ben Tameifuna<\/strong> (43\u00a0%) devance la Bayonnais Tevita Tatafu (19\u00a0%), Uini Atonio (18\u00a0%) et Kyle Sinckler (17\u00a0%).<\/p>\n<p>Les deux piliers sont accompagn\u00e9s par le capitaine des Toulousains, <strong>Julien Marchand<\/strong> (41\u00a0%) qui remporte le combat face \u00e0 Maxime Lamothe (34\u00a0%) et son co\u00e9quipier Peato Mauvaka (20\u00a0%).<\/p>\n<p>Une troisi\u00e8me ligne rouge et noire<\/p>\n<p>La deuxi\u00e8me ligne est 100\u00a0% bleue, puisque pour accompagner <strong>Thibaud Flament<\/strong> largement en t\u00eate chez les num\u00e9ros\u00a04 (76\u00a0%), vous avez choisi <strong>Micka\u00ebl Guillard<\/strong> (49\u00a0%), devant Cyril Cazeaux (31\u00a0%).<\/p>\n<p>En troisi\u00e8me ligne c\u2019est simple, les Toulousains sont pl\u00e9biscit\u00e9s. <strong>Jack Willis<\/strong> (93\u00a0%) et <strong>Fran\u00e7ois Cros<\/strong> (65\u00a0%) sont vos flankers et<strong> Anthony Jelonch<\/strong> (25\u00a0%) devance de peu Abraham Papali\u2019i (21\u00a0%) pour le poste de 8.<\/p>\n<p>Une charni\u00e8re europ\u00e9enne<\/p>\n<p>Le moins que l\u2019on puisse dire c\u2019est que les arri\u00e8res bordelais sont \u00e0 la f\u00eate. \u00c0 la charni\u00e8re <strong>Maxime Lucu<\/strong> (73\u00a0%) et <strong>Matthieu Jalibert<\/strong> (53\u00a0%) sont largement en t\u00eate. Au centre, <strong>Yoram Moefana<\/strong> (70\u00a0%) est accompagn\u00e9 de <strong>Pierre-Louis Barassi<\/strong> (42\u00a0%). Ce dernier devance Sireli Maqala (23\u00a0%), Emilien Gailleton (16\u00a0%) et Nicolas\u00a0Depoortere (12\u00a0%).<\/p>\n<p>Les ailes aussi sont occup\u00e9es par la Gironde avec \u00e9videmment <strong>Louis Bielle-Biarrey<\/strong> (71\u00a0%) et <strong>Damian Penaud<\/strong> (61\u00a0%). Derri\u00e8re, <strong>Thomas Ramos<\/strong>\u00a0ne laisse aucune chance \u00e0 la concurence avec 83\u00a0% des voix\u00a0obtenues.<\/p>\n<p>    Votre XV de l\u2019ann\u00e9e<\/p>\n<p>1. Gros, 2. Marchand, 3. Tameifuna\u00a0; 4 Flament, 5. Guillard\u00a0; 6. Cros, 8. Jelonch, Willis\u00a0; 9. Lucu, 10. Jalibert\u00a0; 11. Bielle-Biarrey, 12. Moefana, 13. Barassi, 14. Penaud\u00a0; 15. Ramos.<\/p>\n","protected":false},"excerpt":{"rendered":"Depuis plusieurs jours, Rugbyrama vous permet d\u2019\u00e9lire votre XV de la saison des joueurs \u00e9voluant en Top 14.&hellip;\n","protected":false},"author":2,"featured_media":239897,"comment_status":"","ping_status":"","sticky":false,"template":"","format":"standard","meta":{"footnotes":""},"categories":[1416],"tags":[1011,27,479,1468,60],"class_list":{"0":"post-239896","1":"post","2":"type-post","3":"status-publish","4":"format-standard","5":"has-post-thumbnail","7":"category-rugby","8":"tag-fr","9":"tag-france","10":"tag-rugby","11":"tag-rugby-football","12":"tag-sports"},"share_on_mastodon":{"url":"https:\/\/pubeurope.com\/@fr\/114828686311369495","error":""},"_links":{"self":[{"href":"https:\/\/www.europesays.com\/fr\/wp-json\/wp\/v2\/posts\/239896","targetHints":{"allow":["GET"]}}],"collection":[{"href":"https:\/\/www.europesays.com\/fr\/wp-json\/wp\/v2\/posts"}],"about":[{"href":"https:\/\/www.europesays.com\/fr\/wp-json\/wp\/v2\/types\/post"}],"author":[{"embeddable":true,"href":"https:\/\/www.europesays.com\/fr\/wp-json\/wp\/v2\/users\/2"}],"replies":[{"embeddable":true,"href":"https:\/\/www.europesays.com\/fr\/wp-json\/wp\/v2\/comments?post=239896"}],"version-history":[{"count":0,"href":"https:\/\/www.europesays.com\/fr\/wp-json\/wp\/v2\/posts\/239896\/revisions"}],"wp:featuredmedia":[{"embeddable":true,"href":"https:\/\/www.europesays.com\/fr\/wp-json\/wp\/v2\/media\/239897"}],"wp:attachment":[{"href":"https:\/\/www.europesays.com\/fr\/wp-json\/wp\/v2\/media?parent=239896"}],"wp:term":[{"taxonomy":"category","embeddable":true,"href":"https:\/\/www.europesays.com\/fr\/wp-json\/wp\/v2\/categories?post=239896"},{"taxonomy":"post_tag","embeddable":true,"href":"https:\/\/www.europesays.com\/fr\/wp-json\/wp\/v2\/tags?post=239896"}],"curies":[{"name":"wp","href":"https:\/\/api.w.org\/{rel}","templated":true}]}}