{"id":239898,"date":"2025-07-10T11:24:11","date_gmt":"2025-07-10T11:24:11","guid":{"rendered":"https:\/\/www.europesays.com\/fr\/239898\/"},"modified":"2025-07-10T11:24:11","modified_gmt":"2025-07-10T11:24:11","slug":"jai-fait-du-bon-travail-pour-arriver-jusquici-affirme-cobolli-apres-sa-defaite-contre-djokovic-a-wimbledon","status":"publish","type":"post","link":"https:\/\/www.europesays.com\/fr\/239898\/","title":{"rendered":"\u00ab J\u2019ai fait du bon travail pour arriver jusqu\u2019ici \u00bb, affirme Cobolli apr\u00e8s sa d\u00e9faite contre Djokovic \u00e0 Wimbledon"},"content":{"rendered":"<p>                <img decoding=\"async\" src=\"https:\/\/www.europesays.com\/fr\/wp-content\/uploads\/2025\/07\/R81T.jpg\" alt=\"\u00ab J\u2019ai fait du bon travail pour arriver jusqu\u2019ici \u00bb, affirme Cobolli apr\u00e8s sa d\u00e9faite contre Djokovic \u00e0 Wimbledon\"\/><\/p>\n<p>Malgr\u00e9 une belle r\u00e9sistance, Flavio Cobolli a fini par s\u2019incliner contre Novak Djokovic en quarts de finale de Wimbledon. Apr\u00e8s avoir gagn\u00e9 le premier set, l\u2019Italien, 24e mondial, a c\u00e9d\u00e9 apr\u00e8s plus de trois heures de combat (6-7, 6-2, 7-5, 6-4 en 3h10).<\/p>\n<p>Apr\u00e8s la rencontre, le joueur de 23 ans, qui disputait son premier quart de finale en Grand Chelem, a r\u00e9agi \u00e0 son \u00e9limination, et estime que le match aurait m\u00eame d\u00fb se poursuivre encore plus longtemps.<\/p>\n<p>\u00ab Je crois que j\u2019ai tr\u00e8s bien jou\u00e9. Je suis tr\u00e8s fier de mon attitude sur le court. Cela n\u2019a pas \u00e9t\u00e9 facile de jouer sur le Court Central pour la premi\u00e8re fois. Le premier set que j\u2019ai fait, je ne pense pas avoir aussi bien jou\u00e9 de toute ma vie. J\u2019ai fait du bon travail pour arriver jusqu\u2019ici.<\/p>\n<p>J\u2019ai tout donn\u00e9 sur le court, je suis content de mon tournoi et de mon niveau de jeu. Je suis un peu triste, parce que je pense que je m\u00e9ritais de jouer un cinqui\u00e8me set, mais le tournoi reste tr\u00e8s positif. J\u2019ai besoin de bien r\u00e9cup\u00e9rer pour pr\u00e9parer au mieux la tourn\u00e9e am\u00e9ricaine.<\/p>\n<p>J\u2019ai essay\u00e9 d\u2019\u00eatre agressif avec mon coup droit d\u00e8s le d\u00e9but. Je l\u2019ai plut\u00f4t bien fait aujourd\u2019hui, mais cela n\u2019a pas \u00e9t\u00e9 suffisant parce que Novak (Djokovic) est une l\u00e9gende de ce sport. Il a \u00e9t\u00e9 meilleur que moi sur les points importants, et c\u2019est ce qui a fait la diff\u00e9rence.<\/p>\n<p>Il te pousse toujours dans tes retranchements. Je suis content d\u2019avoir partag\u00e9 le court avec lui. Au filet, il m\u2019a dit que j\u2019avais fait un grand match et que j\u2019avais eu le bon \u00e9tat d\u2019esprit sur le court. Il m\u2019a aussi dit que je serai rapidement dans le top 10 et que j\u2019y resterai de nombreuses ann\u00e9es.<\/p>\n<p>Apr\u00e8s la fin du premier set, je n\u2019avais plus la m\u00eame adr\u00e9naline qu\u2019en d\u00e9but de match et je l\u2019ai senti dans le deuxi\u00e8me, mais il fallait que je r\u00e9agisse. C\u2019\u00e9tait mieux dans le troisi\u00e8me, m\u00eame s\u2019il faudra que je m\u2019interroge sur ce qui m\u2019est arriv\u00e9 dans le deuxi\u00e8me.<\/p>\n<p>Je pense que cela peut \u00eatre d\u00fb \u00e0 mon manque d\u2019exp\u00e9rience \u00e0 ce stade de la comp\u00e9tition en Grand Chelem. Le fait de jouer plus de matchs comme celui-l\u00e0 \u00e0 l\u2019avenir m\u2019aidera s\u00fbrement \u00e0 mieux g\u00e9rer cet aspect \u00bb, a d\u00e9velopp\u00e9 Cobolli pour Punto De Break.<\/p>\n","protected":false},"excerpt":{"rendered":"Malgr\u00e9 une belle r\u00e9sistance, Flavio Cobolli a fini par s\u2019incliner contre Novak Djokovic en quarts de finale de&hellip;\n","protected":false},"author":2,"featured_media":239899,"comment_status":"","ping_status":"","sticky":false,"template":"","format":"standard","meta":{"footnotes":""},"categories":[1415],"tags":[1011,27,60,1467],"class_list":{"0":"post-239898","1":"post","2":"type-post","3":"status-publish","4":"format-standard","5":"has-post-thumbnail","7":"category-tennis","8":"tag-fr","9":"tag-france","10":"tag-sports","11":"tag-tennis"},"share_on_mastodon":{"url":"https:\/\/pubeurope.com\/@fr\/114828690259086783","error":""},"_links":{"self":[{"href":"https:\/\/www.europesays.com\/fr\/wp-json\/wp\/v2\/posts\/239898","targetHints":{"allow":["GET"]}}],"collection":[{"href":"https:\/\/www.europesays.com\/fr\/wp-json\/wp\/v2\/posts"}],"about":[{"href":"https:\/\/www.europesays.com\/fr\/wp-json\/wp\/v2\/types\/post"}],"author":[{"embeddable":true,"href":"https:\/\/www.europesays.com\/fr\/wp-json\/wp\/v2\/users\/2"}],"replies":[{"embeddable":true,"href":"https:\/\/www.europesays.com\/fr\/wp-json\/wp\/v2\/comments?post=239898"}],"version-history":[{"count":0,"href":"https:\/\/www.europesays.com\/fr\/wp-json\/wp\/v2\/posts\/239898\/revisions"}],"wp:featuredmedia":[{"embeddable":true,"href":"https:\/\/www.europesays.com\/fr\/wp-json\/wp\/v2\/media\/239899"}],"wp:attachment":[{"href":"https:\/\/www.europesays.com\/fr\/wp-json\/wp\/v2\/media?parent=239898"}],"wp:term":[{"taxonomy":"category","embeddable":true,"href":"https:\/\/www.europesays.com\/fr\/wp-json\/wp\/v2\/categories?post=239898"},{"taxonomy":"post_tag","embeddable":true,"href":"https:\/\/www.europesays.com\/fr\/wp-json\/wp\/v2\/tags?post=239898"}],"curies":[{"name":"wp","href":"https:\/\/api.w.org\/{rel}","templated":true}]}}