{"id":239900,"date":"2025-07-10T11:26:09","date_gmt":"2025-07-10T11:26:09","guid":{"rendered":"https:\/\/www.europesays.com\/fr\/239900\/"},"modified":"2025-07-10T11:26:09","modified_gmt":"2025-07-10T11:26:09","slug":"pedro-acosta-le-clone-de-rossi-pour-empecher-marquez-denregistrer","status":"publish","type":"post","link":"https:\/\/www.europesays.com\/fr\/239900\/","title":{"rendered":"Pedro Acosta, le clone de Rossi pour emp\u00eacher marquez d\u2019enregistrer"},"content":{"rendered":"<p>AKARTA \u2013 Le adolescent Pedro Acosta est consid\u00e9r\u00e9 comme la seule cl\u00e9 pour Valentino Rossi d\u2019emp\u00eacher son rival Marc Marquez d\u2019obtenir le 10e titre de championnat du monde.<\/p>\n<p>Marquez est actuellement proche du titre mondial MotoGP 2022 apr\u00e8s avoir \u00e9t\u00e9 impressionnant depuis le d\u00e9but de la saison. S\u2019il r\u00e9ussit \u00e0 devenir champion du monde, il \u00e9quivaut un record de neuf titres de Rossi.<\/p>\n<p>eroul, responsable principal du MotoGP, Carlo Pernat, affirme que Rossi est pr\u00eat \u00e0 recruter Pedro Acosta pour l\u2019\u00e9quipe de course VR46 afin que les chances de Marquez de d\u00e9passer le record puissent \u00eatre r\u00e9duites.<\/p>\n<p>ero Acosta sera certainement pour Ducati. Bien s\u00fbr, tous deux Ducati et Valentino Rossi le accueilliront avec des mains ouvertes \u00bb, a d\u00e9clar\u00e9 Penat, cit\u00e9 par Crash.<\/p>\n<p>Pedro Acosta a r\u00e9cemment continu\u00e9 d\u2019\u00eatre associ\u00e9 au transfert \u00e0 l\u2019\u00e9quipe Pertamina Enduro VR46 de Rossi. La l\u00e9gende italienne serait tr\u00e8s int\u00e9ress\u00e9e par le coureur espagnol.<\/p>\n<p>ero, \u201cJe pense que Vale a vu Pedro Acosta comme il l\u2019a vu Marc Marquez, un jeune coureur qui emp\u00eachera le champion (Marquez) d\u2019atteindre son 10e titre mondial,\u201d a d\u00e9clar\u00e9 Pernat.<\/p>\n<p>Rossi visant \u00e0 obtenir Pedro est susceptible de faire face \u00e0 de graves d\u00e9fis. La raison en est que KTM en tant qu\u2019\u00e9quipe d\u00e9tenue par Acosta tentera de faire \u00e9quipe avec leurs coureurs jusqu\u2019en 2027.<\/p>\n<p>\u00bb Le contrat n\u2019est pas un contrat difficile \u00e0 r\u00e9silier. Nous devons comprendre ce que KTM fera dans un proche avenir parce que la situation est assez compliqu\u00e9e \u00bb, a d\u00e9clar\u00e9 Pernat.<\/p>\n<p>Rossi a remport\u00e9 sept titres de premi\u00e8re classe du Grand Prix 500cc\/MotoGP, un titre 125cc et un titre 250cc. D\u2019autre part, Marquez a r\u00e9colt\u00e9 six titres du monde MotoGP, un 125cc et un titre Moto2.<\/p>\n<p>marquez a des chances d\u2019\u00e9galiser Rossi sont abondantes parce qu\u2019il domine cette saison et s\u2019est assis en haut du classement. Cette domination se poursuivra probablement jusqu\u2019\u00e0 la saison prochaine.<\/p>\n<p>si la saison prochaine r\u00e9ussit \u00e0 remporter \u00e0 nouveau le titre, Marquez d\u00e9passera automatiquement Rossi. Pedro Acosta est \u00e9galement consid\u00e9r\u00e9 comme le seul potentiel qui peut emp\u00eacher cette opportunit\u00e9.<\/p>\n<p>C\u2019est devenu un secret g\u00e9n\u00e9ral pour que la relation entre Rossi et Marquez ne soit pas harmonieuse jusqu\u2019\u00e0 pr\u00e9sent. Par cons\u00e9quent, Rossi ne veut certainement pas voir son rival d\u00e9passer ses records.<\/p>\n<p>The English, Chinese, Japanese, Arabic, and French versions are automatically generated by the AI. So there may still be inaccuracies in translating, please always see Indonesian as our main language.<br \/>\n                                    (system supported by DigitalSiber.id)<\/p>\n","protected":false},"excerpt":{"rendered":"AKARTA \u2013 Le adolescent Pedro Acosta est consid\u00e9r\u00e9 comme la seule cl\u00e9 pour Valentino Rossi d\u2019emp\u00eacher son rival&hellip;\n","protected":false},"author":2,"featured_media":239901,"comment_status":"","ping_status":"","sticky":false,"template":"","format":"standard","meta":{"footnotes":""},"categories":[1413],"tags":[1011,27,1579,1457,1456,1458,19713,3070,60,5929,27850],"class_list":{"0":"post-239900","1":"post","2":"type-post","3":"status-publish","4":"format-standard","5":"has-post-thumbnail","7":"category-moto","8":"tag-fr","9":"tag-france","10":"tag-ktm","11":"tag-moto","12":"tag-motocycle","13":"tag-motogp","14":"tag-motogp-2025","15":"tag-pedro-acosta","16":"tag-sports","17":"tag-valentino-rossi","18":"tag-vr46"},"share_on_mastodon":{"url":"https:\/\/pubeurope.com\/@fr\/114828698132436709","error":""},"_links":{"self":[{"href":"https:\/\/www.europesays.com\/fr\/wp-json\/wp\/v2\/posts\/239900","targetHints":{"allow":["GET"]}}],"collection":[{"href":"https:\/\/www.europesays.com\/fr\/wp-json\/wp\/v2\/posts"}],"about":[{"href":"https:\/\/www.europesays.com\/fr\/wp-json\/wp\/v2\/types\/post"}],"author":[{"embeddable":true,"href":"https:\/\/www.europesays.com\/fr\/wp-json\/wp\/v2\/users\/2"}],"replies":[{"embeddable":true,"href":"https:\/\/www.europesays.com\/fr\/wp-json\/wp\/v2\/comments?post=239900"}],"version-history":[{"count":0,"href":"https:\/\/www.europesays.com\/fr\/wp-json\/wp\/v2\/posts\/239900\/revisions"}],"wp:featuredmedia":[{"embeddable":true,"href":"https:\/\/www.europesays.com\/fr\/wp-json\/wp\/v2\/media\/239901"}],"wp:attachment":[{"href":"https:\/\/www.europesays.com\/fr\/wp-json\/wp\/v2\/media?parent=239900"}],"wp:term":[{"taxonomy":"category","embeddable":true,"href":"https:\/\/www.europesays.com\/fr\/wp-json\/wp\/v2\/categories?post=239900"},{"taxonomy":"post_tag","embeddable":true,"href":"https:\/\/www.europesays.com\/fr\/wp-json\/wp\/v2\/tags?post=239900"}],"curies":[{"name":"wp","href":"https:\/\/api.w.org\/{rel}","templated":true}]}}