{"id":239904,"date":"2025-07-10T11:28:10","date_gmt":"2025-07-10T11:28:10","guid":{"rendered":"https:\/\/www.europesays.com\/fr\/239904\/"},"modified":"2025-07-10T11:28:10","modified_gmt":"2025-07-10T11:28:10","slug":"cyclisme-transfert-le-dossier-kevin-vauquelin-ineos-grenadiers-en-pole-position","status":"publish","type":"post","link":"https:\/\/www.europesays.com\/fr\/239904\/","title":{"rendered":"Cyclisme. Transfert &#8211; Le dossier K\u00e9vin Vauquelin&#8230; INEOS Grenadiers en p\u00f4le position ?"},"content":{"rendered":"<p>En fin de contrat avec son \u00e9quipe <strong>Ark\u00e9a-B&amp;B Hotels<\/strong>, <a href=\"https:\/\/www.cyclismactu.net\/..\/news-tour-de-france-route-kevin-vauquelin-je-savoure-c-est-peine-croyable-88826.html\" target=\"_blank\" rel=\"nofollow noopener\"><strong>K\u00e9vin Vauquelin<\/strong><\/a> est l&rsquo;un des coureurs les plus convoit\u00e9s sur ce mercato. 10e au classement <strong>UCI <\/strong>sur la saison 2025, le Fran\u00e7ais de 24 ans a encore pass\u00e9 un cap cette ann\u00e9e, \u00e0 l&rsquo;image de son d\u00e9but de <strong>Tour de France<\/strong> \u00e9tincelant. Plusieurs \u00e9quipes se sont avanc\u00e9es sur le dossier, <strong>Decathlon AG2R La Mondiale<\/strong>,<strong> Lidl-Trek <\/strong>et d&rsquo;autres, mais c&rsquo;est finalement<strong> INEOS Grenadiers<\/strong> qui serait en p\u00f4le position pour s&rsquo;octroyer les services du Normand. C&rsquo;est en tout cas ce qu&rsquo;indiquent nos confr\u00e8res de <a href=\"https:\/\/x.com\/cirogazzetta\/status\/1943003071333761352\" target=\"_blank\" rel=\"nofollow\">La Gazzetta dello Sport<\/a>.<\/p>\n<p>Vid\u00e9o &#8211; K\u00e9vin Vauquelin, auteur d&rsquo;un excellent d\u00e9but de Tour Lire la suite de l&rsquo;article&#13;<\/p>\n<p>\u00a0<\/p>\n<p>&#13;<br \/>\nINEOS Grenadiers dans un nouveau cycle&#13;<\/p>\n<p>En perte de vitesse ces derni\u00e8res ann\u00e9es, la formation <strong>INEOS Grenadiers <\/strong>est tr\u00e8s active sur le march\u00e9 des transferts et a l&rsquo;air de vouloir lancer un nouveau cycle \u00e0 partir de la saison 2026. R\u00e9cemment rejoint par <strong>TotalEnergies <\/strong>en tant que nouveau sponsor, qui prendra d&rsquo;ailleurs plus d&rsquo;ampleur d\u00e8s l&rsquo;ann\u00e9e prochaine, l&rsquo;\u00e9quipe britannique aura sans doute une hausse de budget et esp\u00e8re attirer de gros poissons.<\/p>\n<p>&#13;<\/p>\n<p>Hormis <strong>K\u00e9vin Vauquelin<\/strong>, d&rsquo;autres beaux noms sont annonc\u00e9s du c\u00f4t\u00e9 d&rsquo;<strong>INEOS Grenadiers<\/strong>, \u00e0 l&rsquo;image de <strong>Sam Welsford<\/strong> (Red Bull-BORA-hansgrohe), <strong>Dorian Godon <\/strong>(Decathlon AG2R), ou encore les co\u00e9quipiers actuels de <strong>K\u00e9vin Vauquelin<\/strong>,<strong> Ewen Costiou <\/strong>et\u00a0<strong>Embret Svestad-Bardseng<\/strong> (Ark\u00e9a-B&amp;B Hotels).<\/p>\n","protected":false},"excerpt":{"rendered":"En fin de contrat avec son \u00e9quipe Ark\u00e9a-B&amp;B Hotels, K\u00e9vin Vauquelin est l&rsquo;un des coureurs les plus convoit\u00e9s&hellip;\n","protected":false},"author":2,"featured_media":239905,"comment_status":"","ping_status":"","sticky":false,"template":"","format":"standard","meta":{"footnotes":""},"categories":[1411],"tags":[1154,207,211,1011,27,209,60,210,969,212,208,213],"class_list":{"0":"post-239904","1":"post","2":"type-post","3":"status-publish","4":"format-standard","5":"has-post-thumbnail","7":"category-cyclisme","8":"tag-cycling","9":"tag-cyclisme","10":"tag-ffc","11":"tag-fr","12":"tag-france","13":"tag-route","14":"tag-sports","15":"tag-tour-de-france","16":"tag-transfert","17":"tag-uci","18":"tag-velo","19":"tag-world-tour"},"share_on_mastodon":{"url":"https:\/\/pubeurope.com\/@fr\/114828705996594997","error":""},"_links":{"self":[{"href":"https:\/\/www.europesays.com\/fr\/wp-json\/wp\/v2\/posts\/239904","targetHints":{"allow":["GET"]}}],"collection":[{"href":"https:\/\/www.europesays.com\/fr\/wp-json\/wp\/v2\/posts"}],"about":[{"href":"https:\/\/www.europesays.com\/fr\/wp-json\/wp\/v2\/types\/post"}],"author":[{"embeddable":true,"href":"https:\/\/www.europesays.com\/fr\/wp-json\/wp\/v2\/users\/2"}],"replies":[{"embeddable":true,"href":"https:\/\/www.europesays.com\/fr\/wp-json\/wp\/v2\/comments?post=239904"}],"version-history":[{"count":0,"href":"https:\/\/www.europesays.com\/fr\/wp-json\/wp\/v2\/posts\/239904\/revisions"}],"wp:featuredmedia":[{"embeddable":true,"href":"https:\/\/www.europesays.com\/fr\/wp-json\/wp\/v2\/media\/239905"}],"wp:attachment":[{"href":"https:\/\/www.europesays.com\/fr\/wp-json\/wp\/v2\/media?parent=239904"}],"wp:term":[{"taxonomy":"category","embeddable":true,"href":"https:\/\/www.europesays.com\/fr\/wp-json\/wp\/v2\/categories?post=239904"},{"taxonomy":"post_tag","embeddable":true,"href":"https:\/\/www.europesays.com\/fr\/wp-json\/wp\/v2\/tags?post=239904"}],"curies":[{"name":"wp","href":"https:\/\/api.w.org\/{rel}","templated":true}]}}