{"id":239910,"date":"2025-07-10T11:31:16","date_gmt":"2025-07-10T11:31:16","guid":{"rendered":"https:\/\/www.europesays.com\/fr\/239910\/"},"modified":"2025-07-10T11:31:16","modified_gmt":"2025-07-10T11:31:16","slug":"une-injustice-artistique-plus-que-reparee-macommune-info","status":"publish","type":"post","link":"https:\/\/www.europesays.com\/fr\/239910\/","title":{"rendered":"une \u201dinjustice artistique plus que r\u00e9par\u00e9e\u201d \u2022 macommune.info"},"content":{"rendered":"<p>    Victor Hugo nu debout install\u00e9 \u00e0 Besan\u00e7on : une \u201dinjustice artistique plus que r\u00e9par\u00e9e\u201d \u2022 macommune.info<\/p>\n<p>    <a class=\"cd-back\" href=\"https:\/\/www.macommune.info\/victor-hugo-nu-debout-installe-a-besancon-une-injustice-artistique-plus-que-reparee\/javascript:history.back();\" rel=\"nofollow noopener\" target=\"_blank\">\u00a0<\/a><\/p>\n","protected":false},"excerpt":{"rendered":"Victor Hugo nu debout install\u00e9 \u00e0 Besan\u00e7on : une \u201dinjustice artistique plus que r\u00e9par\u00e9e\u201d \u2022 macommune.info \u00a0\n","protected":false},"author":2,"featured_media":239911,"comment_status":"","ping_status":"","sticky":false,"template":"","format":"standard","meta":{"footnotes":""},"categories":[1358],"tags":[1348,1384,1385,1386,58,59,1011,27],"class_list":{"0":"post-239910","1":"post","2":"type-post","3":"status-publish","4":"format-standard","5":"has-post-thumbnail","7":"category-arts-et-design","8":"tag-arts","9":"tag-arts-and-design","10":"tag-arts-et-design","11":"tag-design","12":"tag-divertissement","13":"tag-entertainment","14":"tag-fr","15":"tag-france"},"share_on_mastodon":{"url":"https:\/\/pubeurope.com\/@fr\/114828717753482987","error":""},"_links":{"self":[{"href":"https:\/\/www.europesays.com\/fr\/wp-json\/wp\/v2\/posts\/239910","targetHints":{"allow":["GET"]}}],"collection":[{"href":"https:\/\/www.europesays.com\/fr\/wp-json\/wp\/v2\/posts"}],"about":[{"href":"https:\/\/www.europesays.com\/fr\/wp-json\/wp\/v2\/types\/post"}],"author":[{"embeddable":true,"href":"https:\/\/www.europesays.com\/fr\/wp-json\/wp\/v2\/users\/2"}],"replies":[{"embeddable":true,"href":"https:\/\/www.europesays.com\/fr\/wp-json\/wp\/v2\/comments?post=239910"}],"version-history":[{"count":0,"href":"https:\/\/www.europesays.com\/fr\/wp-json\/wp\/v2\/posts\/239910\/revisions"}],"wp:featuredmedia":[{"embeddable":true,"href":"https:\/\/www.europesays.com\/fr\/wp-json\/wp\/v2\/media\/239911"}],"wp:attachment":[{"href":"https:\/\/www.europesays.com\/fr\/wp-json\/wp\/v2\/media?parent=239910"}],"wp:term":[{"taxonomy":"category","embeddable":true,"href":"https:\/\/www.europesays.com\/fr\/wp-json\/wp\/v2\/categories?post=239910"},{"taxonomy":"post_tag","embeddable":true,"href":"https:\/\/www.europesays.com\/fr\/wp-json\/wp\/v2\/tags?post=239910"}],"curies":[{"name":"wp","href":"https:\/\/api.w.org\/{rel}","templated":true}]}}