{"id":239912,"date":"2025-07-10T11:32:13","date_gmt":"2025-07-10T11:32:13","guid":{"rendered":"https:\/\/www.europesays.com\/fr\/239912\/"},"modified":"2025-07-10T11:32:13","modified_gmt":"2025-07-10T11:32:13","slug":"lecture-de-plage-1-6-le-nouveau-de-keigo-higashino","status":"publish","type":"post","link":"https:\/\/www.europesays.com\/fr\/239912\/","title":{"rendered":"Lecture de plage (1\/6) : \u00ab Le Nouveau \u00bb de Keigo Higashino"},"content":{"rendered":"<p>Prendre du bon temps et se pr\u00e9lasser au soleil un bouquin \u00e0 la main. Mais lequel prendre au moment de boucler ses valises ? La r\u00e9daction de RTN vous propose chaque jeudi des vacances scolaires de d\u00e9couvrir un ouvrage dans le cadre de notre s\u00e9rie \u00ab Lecture de plage \u00bb. Mathias Jaquenod, libraire chez Payot Neuch\u00e2tel, a \u00e9t\u00e9 invit\u00e9 \u00e0 partager ses go\u00fbts personnels et \u00e0 choisir six livres coups de c\u0153ur. <\/p>\n<p>Pour ce premier volet, direction Tokyo avec un roman sign\u00e9 Keigo Higashino qui s\u2019intitule \u00ab Le Nouveau \u00bb. C\u2019est l\u2019histoire d\u2019un policier fra\u00eechement mut\u00e9 au commissariat de Nihonbashi qui doit enqu\u00eater sur le meurtre d\u2019une femme retrouv\u00e9e \u00e9trangl\u00e9e dans son appartement. \u00ab L\u2019inspecteur Kaga travaille selon une technique diff\u00e9rente de ses coll\u00e8gues. Il va se rendre dans les commerces du quartier pour interroger les commer\u00e7ants. Il ne va pas les amener au poste de police, mais dans un caf\u00e9, toujours le m\u00eame. C\u2019est sa mani\u00e8re humaniste de travailler, de poser des questions pour que les gens se sentent \u00e0 l\u2019aise. Il va beaucoup s\u2019axer sur les d\u00e9tails, insignifiants pour la plupart. \u00bb\u00a0<\/p>\n<p>Mathias Jaquenod ne tarit pas d\u2019\u00e9loges sur cet ouvrage : \u00ab J\u2019ai vraiment ador\u00e9 le style de l\u2019auteur qui est l\u00e9ger, qui nous entra\u00eene rapidement dans l\u2019histoire, \u00e7a va vite. \u00bb<\/p>\n<p>Keigo Higashino, \u00ab c\u2019est l\u2019un des plus grands auteurs contemporains japonais de polars. Il a gagn\u00e9 plusieurs prix internationaux \u00bb, souligne Mathias Jaquenod.<\/p>\n<p>Jeudi prochain, Mathias Jaquenod proposera un nouvel ouvrage dans le deuxi\u00e8me volet de notre s\u00e9rie d&rsquo;\u00e9t\u00e9 \u00ab Lecture de plage \u00bb. \/jpp<\/p>\n","protected":false},"excerpt":{"rendered":"Prendre du bon temps et se pr\u00e9lasser au soleil un bouquin \u00e0 la main. Mais lequel prendre au&hellip;\n","protected":false},"author":2,"featured_media":239913,"comment_status":"","ping_status":"","sticky":false,"template":"","format":"standard","meta":{"footnotes":""},"categories":[1357],"tags":[1829,1832,1836,1379,1827,58,59,1011,27,1830,1831,1826,1844,1840,1380,1839,1841,1838,1843,1828,1834,1825,1833,1822,1823,1824,1837,1835,1842],"class_list":{"0":"post-239912","1":"post","2":"type-post","3":"status-publish","4":"format-standard","5":"has-post-thumbnail","7":"category-livres","8":"tag-ajoie","9":"tag-animation","10":"tag-bienne","11":"tag-books","12":"tag-delemont","13":"tag-divertissement","14":"tag-entertainment","15":"tag-fr","16":"tag-france","17":"tag-franches-montagnes","18":"tag-frequence","19":"tag-jura","20":"tag-jura-bernois","21":"tag-la-chaux-de-fonds","22":"tag-livres","23":"tag-moutier","24":"tag-neuchatel","25":"tag-neuveville","26":"tag-payerne","27":"tag-porrentruy","28":"tag-publicite","29":"tag-radio","30":"tag-redaction","31":"tag-rfj","32":"tag-rjb","33":"tag-rtn","34":"tag-tavannes","35":"tag-vallon-de-st-imier","36":"tag-yverdon"},"share_on_mastodon":{"url":"https:\/\/pubeurope.com\/@fr\/114828721754938724","error":""},"_links":{"self":[{"href":"https:\/\/www.europesays.com\/fr\/wp-json\/wp\/v2\/posts\/239912","targetHints":{"allow":["GET"]}}],"collection":[{"href":"https:\/\/www.europesays.com\/fr\/wp-json\/wp\/v2\/posts"}],"about":[{"href":"https:\/\/www.europesays.com\/fr\/wp-json\/wp\/v2\/types\/post"}],"author":[{"embeddable":true,"href":"https:\/\/www.europesays.com\/fr\/wp-json\/wp\/v2\/users\/2"}],"replies":[{"embeddable":true,"href":"https:\/\/www.europesays.com\/fr\/wp-json\/wp\/v2\/comments?post=239912"}],"version-history":[{"count":0,"href":"https:\/\/www.europesays.com\/fr\/wp-json\/wp\/v2\/posts\/239912\/revisions"}],"wp:featuredmedia":[{"embeddable":true,"href":"https:\/\/www.europesays.com\/fr\/wp-json\/wp\/v2\/media\/239913"}],"wp:attachment":[{"href":"https:\/\/www.europesays.com\/fr\/wp-json\/wp\/v2\/media?parent=239912"}],"wp:term":[{"taxonomy":"category","embeddable":true,"href":"https:\/\/www.europesays.com\/fr\/wp-json\/wp\/v2\/categories?post=239912"},{"taxonomy":"post_tag","embeddable":true,"href":"https:\/\/www.europesays.com\/fr\/wp-json\/wp\/v2\/tags?post=239912"}],"curies":[{"name":"wp","href":"https:\/\/api.w.org\/{rel}","templated":true}]}}