{"id":239914,"date":"2025-07-10T11:33:09","date_gmt":"2025-07-10T11:33:09","guid":{"rendered":"https:\/\/www.europesays.com\/fr\/239914\/"},"modified":"2025-07-10T11:33:09","modified_gmt":"2025-07-10T11:33:09","slug":"jai-deja-eu-ma-dose","status":"publish","type":"post","link":"https:\/\/www.europesays.com\/fr\/239914\/","title":{"rendered":"J\u2019ai d\u00e9j\u00e0 eu ma dose"},"content":{"rendered":"<p>Depuis plus de deux d\u00e9cennies, Karine Le Marchand s\u2019est impos\u00e9e<br \/>\ncomme l\u2019une des animatrices les plus appr\u00e9ci\u00e9es du petit \u00e9cran.<br \/>\nConnue pour son empathie et son humour, elle a su <strong>conqu\u00e9rir<br \/>\nle c\u0153ur du public,<\/strong> gr\u00e2ce \u00e0 <a href=\"https:\/\/www.melty.fr\/tele\/lamour-est-dans-le-pre-2025-karine-le-marchand-alarmiste-face-a-un-nouveau-candidat-elle-va-tout-quitter-2210488.html\" target=\"_blank\" rel=\"noopener\"><br \/>\ndes \u00e9missions phares telles que L\u2019Amour est dans le<br \/>\npr\u00e9<\/a> ou Une ambition intime. Sa carri\u00e8re est<br \/>\nmarqu\u00e9e par un engagement constant en faveur de l\u2019authenticit\u00e9 et<br \/>\ndu dialogue. \u00c0 travers ses programmes, elle met en lumi\u00e8re des<br \/>\nparcours de vie singuliers. L\u00a0\u00bbanimatrice aborde aussi des sujets de<br \/>\nsoci\u00e9t\u00e9 parfois d\u00e9licats.<\/p>\n<p>La t\u00e9l\u00e9vision fran\u00e7aise a longtemps \u00e9t\u00e9 marqu\u00e9e par une certaine<br \/>\nretenue lorsqu\u2019il s\u2019agissait d\u2019aborder la sexualit\u00e9. Cependant, ces<br \/>\nderni\u00e8res ann\u00e9es, de plus en plus de personnalit\u00e9s m\u00e9diatiques<br \/>\nchoisissent de s\u2019exprimer sans tabou sur ce sujet. Elles contribue<br \/>\n\u00e0 <strong>lib\u00e9rer la parole<\/strong> et \u00e0 briser certains clich\u00e9s.<br \/>\nDans notre soci\u00e9t\u00e9, l\u2019authenticit\u00e9 et la transparence sont de plus<br \/>\nen plus valoris\u00e9es, notamment sur les plateaux de talk-shows ou<br \/>\ndans les \u00e9missions de divertissement.<\/p>\n<p>La curiosit\u00e9 m\u00e9diatique autour des personnalit\u00e9s<\/p>\n<p>\u00catre une figure publique implique souvent de devoir r\u00e9pondre \u00e0<br \/>\n<strong>des questions intimes, parfois indiscr\u00e8tes<\/strong>, sur sa<br \/>\nvie priv\u00e9e. Les animateurs et chroniqueurs n\u2019h\u00e9sitent plus \u00e0<br \/>\naborder <a href=\"https:\/\/www.melty.fr\/conseils-couple\/longtemps-taboue-cette-pratique-sexuelle-fait-un-carton-chez-les-francais-et-libere-enfin-la-parole-2236772.html\" target=\"_blank\" rel=\"noopener\"><br \/>\ndes sujets autrefois jug\u00e9s sensibles<\/a>. Dans leur qu\u00eate de<br \/>\nproximit\u00e9 avec le public, ils se montrent de plus en plus<br \/>\nsinc\u00e8res.<\/p>\n<p>Cette tendance peut mettre mal \u00e0 l\u2019aise certains invit\u00e9s.<br \/>\nToutefois, elle permet aussi d\u2019ouvrir le d\u00e9bat sur des th\u00e8mes<br \/>\nimportants comme l\u2019acceptation de soi. Les r\u00e9actions des<br \/>\npersonnalit\u00e9s \u00e0 ces questions r\u00e9v\u00e8lent souvent leur capacit\u00e9 \u00e0<br \/>\nfixer des limites et <strong>\u00e0 affirmer leurs convictions.<\/strong><br \/>\nSi certains ont donc plus de difficult\u00e9s \u00e0 se livrer, ce n&rsquo;est pas<br \/>\nle cas de Karine Le Marchand !<\/p>\n<p>La r\u00e9ponse franche de Karine Le Marchand sur Yoann Riou<\/p>\n<p>En 2019, Karine Le Marchand avait \u00e9t\u00e9 cibl\u00e9e par une remarque de<br \/>\nLaurent Ruquier lors d\u2019une \u00e9mission des Grosses T\u00eates. L&rsquo;animateur<br \/>\nde RTL avait fait r\u00e9f\u00e9rence aux tromperies de JoeyStarr envers<br \/>\nl&rsquo;animatrice : \u00ab\u00a0Karine, <strong>je vous conseille Yoann<br \/>\nRiou<\/strong>. Vous \u00eates s\u00fbre que lui, il ne pourra pas vous<br \/>\ntromper avec qui que ce soit\u202f!\u00a0\u00bb, avait-il l\u00e2ch\u00e9.<\/p>\n<p>Avec beaucoup de r\u00e9partie, <a href=\"https:\/\/www.melty.fr\/people\/karine-le-marchand-annonce-faire-une-pause-dans-sa-carriere-je-suis-fatiguee-2238568.html\" target=\"_blank\" rel=\"noopener\"><br \/>\nla pr\u00e9sentatrice de 56 ans<\/a>\u00a0avait alors r\u00e9pondu : \u00ab\u00a0Moi<br \/>\nje ne suis pas certaine qu\u2019il faut se remettre en selle avec un<br \/>\ngar\u00e7on qui n\u2019a rien fait depuis deux ans parce qu\u2019\u00e0 mon avis\u2026<br \/>\nMoi j\u2019ai d\u00e9j\u00e0 eu <strong>ma dose d\u2019\u00e9jaculateurs pr\u00e9coces,<\/strong><br \/>\nil va pas cartonner vite\u2026\u00a0\u00bb Des propos francs qui avait provoqu\u00e9<br \/>\nl&rsquo;hilarit\u00e9 sur le plateau de l&rsquo;\u00e9mission.<\/p>\n<p>Karine Le Marchand : \u00ab\u00a0Je suis<br \/>\nd\u00e9sinhib\u00e9e\u00a0\u00bb<\/p>\n<p>Karine Le Marchand a toujours assum\u00e9 son humour corrosif. Connue<br \/>\npour ses blagues coquines, elle a toujours clam\u00e9 haut et fort que<br \/>\nle sujet de l\u2019amour et de la sexualit\u00e9 n\u2019a pas vocation \u00e0 \u00eatre un<br \/>\ntabou.<\/p>\n<p>Elle a ainsi expliqu\u00e9 son point de vue sur le sujet : \u00ab\u00a0Je<br \/>\ndis tout haut ce que <strong>tout le monde pense tout bas<\/strong><br \/>\n! Je suis d\u00e9sinhib\u00e9e (\u2026) Je ne montre pas mes fesses \u00e0 tout le<br \/>\nmonde, j\u2019ai pas fait de sextape. Vous ne me trouvez pas dans des<br \/>\npositions pas possible, mais je trouve que faire l\u2019amour et les<br \/>\nchoses de l\u2019amour, ce n\u2019est pas sale\u00a0\u00bb, a-t-elle conclu.<\/p>\n","protected":false},"excerpt":{"rendered":"Depuis plus de deux d\u00e9cennies, Karine Le Marchand s\u2019est impos\u00e9e comme l\u2019une des animatrices les plus appr\u00e9ci\u00e9es du&hellip;\n","protected":false},"author":2,"featured_media":239915,"comment_status":"","ping_status":"","sticky":false,"template":"","format":"standard","meta":{"footnotes":""},"categories":[1356],"tags":[905,58,59,1011,27,5413,252,1364],"class_list":{"0":"post-239914","1":"post","2":"type-post","3":"status-publish","4":"format-standard","5":"has-post-thumbnail","7":"category-television","8":"tag-a-la-une-melty","9":"tag-divertissement","10":"tag-entertainment","11":"tag-fr","12":"tag-france","13":"tag-karine-le-marchand","14":"tag-television","15":"tag-tv"},"share_on_mastodon":{"url":"https:\/\/pubeurope.com\/@fr\/114828726040317292","error":""},"_links":{"self":[{"href":"https:\/\/www.europesays.com\/fr\/wp-json\/wp\/v2\/posts\/239914","targetHints":{"allow":["GET"]}}],"collection":[{"href":"https:\/\/www.europesays.com\/fr\/wp-json\/wp\/v2\/posts"}],"about":[{"href":"https:\/\/www.europesays.com\/fr\/wp-json\/wp\/v2\/types\/post"}],"author":[{"embeddable":true,"href":"https:\/\/www.europesays.com\/fr\/wp-json\/wp\/v2\/users\/2"}],"replies":[{"embeddable":true,"href":"https:\/\/www.europesays.com\/fr\/wp-json\/wp\/v2\/comments?post=239914"}],"version-history":[{"count":0,"href":"https:\/\/www.europesays.com\/fr\/wp-json\/wp\/v2\/posts\/239914\/revisions"}],"wp:featuredmedia":[{"embeddable":true,"href":"https:\/\/www.europesays.com\/fr\/wp-json\/wp\/v2\/media\/239915"}],"wp:attachment":[{"href":"https:\/\/www.europesays.com\/fr\/wp-json\/wp\/v2\/media?parent=239914"}],"wp:term":[{"taxonomy":"category","embeddable":true,"href":"https:\/\/www.europesays.com\/fr\/wp-json\/wp\/v2\/categories?post=239914"},{"taxonomy":"post_tag","embeddable":true,"href":"https:\/\/www.europesays.com\/fr\/wp-json\/wp\/v2\/tags?post=239914"}],"curies":[{"name":"wp","href":"https:\/\/api.w.org\/{rel}","templated":true}]}}