{"id":239932,"date":"2025-07-10T11:45:11","date_gmt":"2025-07-10T11:45:11","guid":{"rendered":"https:\/\/www.europesays.com\/fr\/239932\/"},"modified":"2025-07-10T11:45:11","modified_gmt":"2025-07-10T11:45:11","slug":"saint-etienne-la-metropole-debloque-12-million-deuros-pour-les-impayes-denergie","status":"publish","type":"post","link":"https:\/\/www.europesays.com\/fr\/239932\/","title":{"rendered":"Saint-\u00c9tienne. La M\u00e9tropole d\u00e9bloque 1,2\u00a0million d\u2019euros pour les impay\u00e9s d\u2019\u00e9nergie"},"content":{"rendered":"<p>Ils sont plusieurs dizaines de milliers \u00e0 subir des coupures d\u2019\u00e9lectricit\u00e9, de gaz ou d\u2019eau, faute d\u2019impay\u00e9s, sur la zone de Saint-\u00c9tienne M\u00e9tropole. Chaque semaine, une cinquantaine de dossiers sont \u00e9pluch\u00e9s par une commission, pour leur accorder un soutien et un accompagnement. C\u2019est pour r\u00e9pondre \u00e0 ces besoins que le Fonds de Solidarit\u00e9 est approvisionn\u00e9 \u00e0 hauteur de 1,2\u00a0million d\u2019euros par S\u00c9M, et \u00e0 hauteur de 20\u00a0000\u00a0euros par Total \u00c9nergies, qui compte 45\u00a0000 clients sur le d\u00e9partement de la Loire.<\/p>\n<p>  Exclure les coupures d\u2019\u00e9nergies<\/p>\n<p>\u00ab\u00a0Cette convention relative \u00e0 ce Fonds de solidarit\u00e9 est mise en \u0153uvre pour aider les publics les plus fragiles et lutter contre la pr\u00e9carit\u00e9 \u00e9nerg\u00e9tique. Nous mettons en place un accompagnement pour \u00e9viter que les situations d\u2019impay\u00e9s se reproduisent si elles peuvent \u00eatre \u00e9vit\u00e9es, et pour apporter toute l\u2019aide possible \u00e0 ces foyers pour emp\u00eacher qu\u2019ils se retrouvent sans \u00e9lectricit\u00e9 ou sans eau\u00a0\u00bb, explique Siham Labich, vice-pr\u00e9sidente de Saint-\u00c9tienne M\u00e9tropole.<\/p>\n<p>Thierry Dutilloy, directeur r\u00e9gional Auvergne-Rh\u00f4ne-Alpes de Total Energies souhaite \u00ab\u00a0garantir \u00e0 chacun un acc\u00e8s digne et durable \u00e0 l\u2019\u00e9nergie. Notre r\u00f4le de fournisseur nous permet d\u2019accompagner les plus pr\u00e9caires, c\u2019est dans cet esprit que nous avons cr\u00e9\u00e9 notre p\u00f4le pr\u00e9carit\u00e9. Gr\u00e2ce \u00e0 cette convention notamment, nous pourrons proposer des plans de paiements personnalis\u00e9s et adapt\u00e9s. Elle permet aussi de maintenir la fourniture en \u00e9lectricit\u00e9 et gaz pour \u00e9viter ces fameuses coupures.\u00a0\u00bb En 2024, ce sont 110 demandes accord\u00e9es sur les 120 concernant une aide pour les impay\u00e9s d\u2019\u00e9nergie.<\/p>\n<p>Total Energies, comme EDF ou Engie , sont des entreprises faisant partie du CAC 40, qui s\u2019inscrivent dans les solidarit\u00e9s actives de la M\u00e9tropole. \u00ab\u00a0Une grande avanc\u00e9e\u00a0\u00bb, selon Siham Labich.<\/p>\n","protected":false},"excerpt":{"rendered":"Ils sont plusieurs dizaines de milliers \u00e0 subir des coupures d\u2019\u00e9lectricit\u00e9, de gaz ou d\u2019eau, faute d\u2019impay\u00e9s, sur&hellip;\n","protected":false},"author":2,"featured_media":239933,"comment_status":"","ping_status":"","sticky":false,"template":"","format":"standard","meta":{"footnotes":""},"categories":[9653],"tags":[1111,11,2430,33,7539,893,1777,674,1011,27,12,25,4001,7538],"class_list":{"0":"post-239932","1":"post","2":"type-post","3":"status-publish","4":"format-standard","5":"has-post-thumbnail","7":"category-saint-etienne","8":"tag-actu","9":"tag-actualites","10":"tag-auvergne-rhone-alpes","11":"tag-economie","12":"tag-edition-loire-sud","13":"tag-energie","14":"tag-eu","15":"tag-europe","16":"tag-fr","17":"tag-france","18":"tag-news","19":"tag-republique-francaise","20":"tag-saint-etienne","21":"tag-saint-etienne-ville"},"share_on_mastodon":{"url":"https:\/\/pubeurope.com\/@fr\/114828772930373406","error":""},"_links":{"self":[{"href":"https:\/\/www.europesays.com\/fr\/wp-json\/wp\/v2\/posts\/239932","targetHints":{"allow":["GET"]}}],"collection":[{"href":"https:\/\/www.europesays.com\/fr\/wp-json\/wp\/v2\/posts"}],"about":[{"href":"https:\/\/www.europesays.com\/fr\/wp-json\/wp\/v2\/types\/post"}],"author":[{"embeddable":true,"href":"https:\/\/www.europesays.com\/fr\/wp-json\/wp\/v2\/users\/2"}],"replies":[{"embeddable":true,"href":"https:\/\/www.europesays.com\/fr\/wp-json\/wp\/v2\/comments?post=239932"}],"version-history":[{"count":0,"href":"https:\/\/www.europesays.com\/fr\/wp-json\/wp\/v2\/posts\/239932\/revisions"}],"wp:featuredmedia":[{"embeddable":true,"href":"https:\/\/www.europesays.com\/fr\/wp-json\/wp\/v2\/media\/239933"}],"wp:attachment":[{"href":"https:\/\/www.europesays.com\/fr\/wp-json\/wp\/v2\/media?parent=239932"}],"wp:term":[{"taxonomy":"category","embeddable":true,"href":"https:\/\/www.europesays.com\/fr\/wp-json\/wp\/v2\/categories?post=239932"},{"taxonomy":"post_tag","embeddable":true,"href":"https:\/\/www.europesays.com\/fr\/wp-json\/wp\/v2\/tags?post=239932"}],"curies":[{"name":"wp","href":"https:\/\/api.w.org\/{rel}","templated":true}]}}