{"id":23995,"date":"2025-04-14T09:57:13","date_gmt":"2025-04-14T09:57:13","guid":{"rendered":"https:\/\/www.europesays.com\/fr\/23995\/"},"modified":"2025-04-14T09:57:13","modified_gmt":"2025-04-14T09:57:13","slug":"nucleaire-le-chef-de-la-diplomatie-iranienne-prend-rendez-vous-avec-la-russie-pour-des-consultations","status":"publish","type":"post","link":"https:\/\/www.europesays.com\/fr\/23995\/","title":{"rendered":"Nucl\u00e9aire. Le chef de la diplomatie iranienne prend rendez-vous avec la Russie pour des consultations"},"content":{"rendered":"<p>L&rsquo;Iran et les \u00c9tats-Unis, qui n&rsquo;ont plus de relations diplomatiques depuis 1980, <a href=\"https:\/\/www.ledauphine.com\/defense-guerre-conflit\/2025\/04\/12\/nucleaire-l-iran-ne-s-attend-pas-a-de-longues-discussions-avec-les-etats-unis-a-oman\" target=\"_blank\" rel=\"nofollow noopener\">ont \u00e9chang\u00e9 samedi dernier<\/a> sous la m\u00e9diation du sultanat d&rsquo;Oman sur la question \u00e9pineuse du nucl\u00e9aire iranien. Les pays occidentaux, \u00c9tats-Unis en t\u00eate, soup\u00e7onnent de longue date l&rsquo;Iran de vouloir se doter de l&rsquo;arme nucl\u00e9aire. T\u00e9h\u00e9ran rejette ces all\u00e9gations et d\u00e9fend un droit au nucl\u00e9aire \u00e0 des fins civiles, notamment pour l&rsquo;\u00e9nergie.<\/p>\n<p><a href=\"https:\/\/www.ledauphine.com\/politique\/2025\/04\/11\/l-iran-veut-donner-une-veritable-chance-a-la-diplomatie-avec-les-etats-unis\" target=\"_blank\" rel=\"nofollow noopener\">L&rsquo;Iran et les \u00c9tats-Unis sont convenus de poursuivre les pourparlers<\/a> le 19 avril. Ils se tiendront en Europe, selon l&rsquo;agence de presse officielle Irna, qui n&rsquo;a pas pr\u00e9cis\u00e9 le lieu. Avant ce nouveau cycle de pourparlers, le chef de la diplomatie iranienne se rendra \u00e0 Moscou, a indiqu\u00e9 lundi T\u00e9h\u00e9ran.\u00ab Je tiens \u00e0 pr\u00e9ciser qu&rsquo;il s&rsquo;agit d&rsquo;un d\u00e9placement qui \u00e9tait d\u00e9j\u00e0 pr\u00e9vu \u00bb, a soulign\u00e9 le porte-parole de la diplomatie iranienne, Esma\u00efl Bagha\u00ef, pr\u00e9cisant que cette visite \u00ab en fin de semaine \u00bb serait \u00ab l&rsquo;occasion d&rsquo;aborder les derniers d\u00e9veloppements li\u00e9s aux n\u00e9gociations \u00bb.<\/p>\n<p class=\"insetTitle\">La prochaine session de pourparlers Iran-Etats-Unis aura lieu \u00e0 Rome<\/p>\n<p>La prochaine session de pourparlers entre l&rsquo;Iran et les \u00c9tats-Unis aura lieu samedi prochain. Le ministre n\u00e9erlandais des Affaires \u00e9trang\u00e8res, Caspar Veldkamp, a d\u00e9clar\u00e9 lors d&rsquo;une r\u00e9union de l&rsquo;UE que les pourparlers auraient lieu \u00e0 Rome. \u00ab La seconde session de discussions indirectes entre l&rsquo;Iran et les \u00c9tats-Unis est pr\u00e9vue samedi dans la capitale italienne \u00bb, ont \u00e9galement confirm\u00e9 deux sources diplomatiques bas\u00e9es \u00e0 Rome. Le chef de l&rsquo;Agence internationale de l&rsquo;\u00e9nergie atomique (AIEA), Rafael Grossi, a annonc\u00e9 lundi qu&rsquo;il se rendrait \u00e0 T\u00e9h\u00e9ran \u00ab plus tard cette semaine \u00bb. <\/p>\n<p>La Russie est partie d&rsquo;un accord international sur le nucl\u00e9aire conclu avec l&rsquo;Iran en 2015, mais aujourd&rsquo;hui caduc depuis la d\u00e9cision des Etats-Unis de s&rsquo;en retirer en 2018. La France, le Royaume-Uni, la Chine et l&rsquo;Allemagne font \u00e9galement partie du pacte. Le texte pr\u00e9voyait la lev\u00e9e de certaines sanctions internationales visant l&rsquo;Iran en \u00e9change d&rsquo;un encadrement de son programme nucl\u00e9aire par l&rsquo;Agence internationale de l&rsquo;\u00e9nergie atomique (AIEA). Selon l&rsquo;AIEA, l&rsquo;Iran respectait ses engagements.<\/p>\n<p>\u00ab Lignes rouges \u00bb<\/p>\n<p>En 2018, <a href=\"https:\/\/www.ledauphine.com\/defense-guerre-conflit\/2025\/04\/08\/sur-le-nucleaire-la-difficile-negociation-de-trump-avec-l-iran\" target=\"_blank\" rel=\"nofollow noopener\">Donald Trump a retir\u00e9 unilat\u00e9ralement son pays de l&rsquo;accord<\/a> et r\u00e9tabli des sanctions. En repr\u00e9sailles, l&rsquo;Iran a depuis progressivement pris ses distances avec ses engagements. Le pays a ainsi augment\u00e9 le nombre et la performance de ses centrifugeuses, ces machines utilis\u00e9es pour enrichir l&rsquo;uranium, afin de produire davantage, mieux et plus vite sur ses sites de Natanz et Fordo (centre).<\/p>\n<p>La d\u00e9cision de <a href=\"https:\/\/www.ledauphine.com\/p\/donald-trump\" target=\"_blank\" rel=\"nofollow noopener\">Donald Trump<\/a> de se retirer de l&rsquo;accord avait en partie \u00e9t\u00e9 motiv\u00e9e par l&rsquo;absence de mesures contre le programme balistique de T\u00e9h\u00e9ran, per\u00e7u comme une menace pour son alli\u00e9 isra\u00e9lien. \u00ab Le seul sujet des discussions sera le nucl\u00e9aire et la lev\u00e9e des sanctions \u00bb, a assur\u00e9 dimanche Esma\u00efl Bagha\u00ef. L&rsquo;influence r\u00e9gionale de l&rsquo;Iran et ses capacit\u00e9s en mati\u00e8re de missiles figurent parmi \u00ab les lignes rouges \u00bb de l&rsquo;Iran, a pour sa part averti l&rsquo;agence Irna. <\/p>\n<p>L&rsquo;Iran est le seul \u00c9tat non dot\u00e9 d&rsquo;armes nucl\u00e9aires \u00e0 enrichir de l&rsquo;uranium \u00e0 un niveau \u00e9lev\u00e9 (60%), tout en continuant \u00e0 accumuler d&rsquo;importants stocks de mati\u00e8re fissile, selon l&rsquo;AIEA. Un seuil de 90% permet de fabriquer une arme atomique, selon le gendarme onusien du nucl\u00e9aire. L&rsquo;accord de 2015 plafonnait ce taux \u00e0 3,67%. Le porte-parole de la diplomatie iranienne n&rsquo;a pas \u00e9cart\u00e9 lundi une visite dans les prochains jours en Iran du chef de l&rsquo;AIEA, Rafael Grossi, apr\u00e8s un pr\u00e9c\u00e9dent d\u00e9placement en novembre.<\/p>\n","protected":false},"excerpt":{"rendered":"L&rsquo;Iran et les \u00c9tats-Unis, qui n&rsquo;ont plus de relations diplomatiques depuis 1980, ont \u00e9chang\u00e9 samedi dernier sous la&hellip;\n","protected":false},"author":2,"featured_media":23996,"comment_status":"","ping_status":"","sticky":false,"template":"","format":"standard","meta":{"footnotes":""},"categories":[1591],"tags":[11,3206,893,1887,107,329,12,316,1885,1886,132],"class_list":{"0":"post-23995","1":"post","2":"type-post","3":"status-publish","4":"format-standard","5":"has-post-thumbnail","7":"category-russie","8":"tag-actualites","9":"tag-defense-guerre-conflit","10":"tag-energie","11":"tag-federation-de-russie","12":"tag-fil-info","13":"tag-france-monde","14":"tag-news","15":"tag-politique","16":"tag-russia","17":"tag-russian-federation","18":"tag-russie"},"share_on_mastodon":{"url":"https:\/\/pubeurope.com\/@fr\/114335727197714831","error":""},"_links":{"self":[{"href":"https:\/\/www.europesays.com\/fr\/wp-json\/wp\/v2\/posts\/23995","targetHints":{"allow":["GET"]}}],"collection":[{"href":"https:\/\/www.europesays.com\/fr\/wp-json\/wp\/v2\/posts"}],"about":[{"href":"https:\/\/www.europesays.com\/fr\/wp-json\/wp\/v2\/types\/post"}],"author":[{"embeddable":true,"href":"https:\/\/www.europesays.com\/fr\/wp-json\/wp\/v2\/users\/2"}],"replies":[{"embeddable":true,"href":"https:\/\/www.europesays.com\/fr\/wp-json\/wp\/v2\/comments?post=23995"}],"version-history":[{"count":0,"href":"https:\/\/www.europesays.com\/fr\/wp-json\/wp\/v2\/posts\/23995\/revisions"}],"wp:featuredmedia":[{"embeddable":true,"href":"https:\/\/www.europesays.com\/fr\/wp-json\/wp\/v2\/media\/23996"}],"wp:attachment":[{"href":"https:\/\/www.europesays.com\/fr\/wp-json\/wp\/v2\/media?parent=23995"}],"wp:term":[{"taxonomy":"category","embeddable":true,"href":"https:\/\/www.europesays.com\/fr\/wp-json\/wp\/v2\/categories?post=23995"},{"taxonomy":"post_tag","embeddable":true,"href":"https:\/\/www.europesays.com\/fr\/wp-json\/wp\/v2\/tags?post=23995"}],"curies":[{"name":"wp","href":"https:\/\/api.w.org\/{rel}","templated":true}]}}