{"id":239954,"date":"2025-07-10T11:58:23","date_gmt":"2025-07-10T11:58:23","guid":{"rendered":"https:\/\/www.europesays.com\/fr\/239954\/"},"modified":"2025-07-10T11:58:23","modified_gmt":"2025-07-10T11:58:23","slug":"feux-dartifice-en-bretagne-pour-le-14-juillet-ou-en-voir-en-2025-carte","status":"publish","type":"post","link":"https:\/\/www.europesays.com\/fr\/239954\/","title":{"rendered":"Feux d\u2019artifice en Bretagne pour le 14-Juillet\u00a0: o\u00f9 en voir en 2025\u00a0? [Carte]"},"content":{"rendered":"<p>C\u2019est un traditionnel du 14-Juillet : les feux d\u2019artifice. Cette ann\u00e9e encore, de nombreux spectacles sont programm\u00e9s en Bretagne. De <strong>Landerneau<\/strong> \u00e0 <strong>Brest<\/strong>, en passant par <strong>Hennebont<\/strong> et <strong>Ploufragan<\/strong>, les habitants et les touristes pourront admirer de somptueux spectacles lumineux.<\/p>\n<p>Toutes les municipalit\u00e9s n\u2019organisent pas leur spectacle pyrotechnique le 14 juillet : certaines ont plut\u00f4t opt\u00e9 pour le samedi 12 ou le dimanche 13 juillet, comme en t\u00e9moigne notre recensement de feux ci-dessous. Finist\u00e8re, Morbihan, C\u00f4tes-d\u2019Armor, Ille-et-Vilaine : voici les dates et le programme des feux d\u2019artifice pour la F\u00eate nationale dans les villes de Bretagne.<\/p>\n<p><a href=\"https:\/\/www.letelegramme.fr\/agenda\/\" target=\"_blank\" rel=\"noopener\">Nos id\u00e9es sorties de l\u2019\u00e9t\u00e9<\/a>O\u00f9 voir un feu d\u2019artifice du 14-Juillet en Bretagne en 2025 ?<\/p>\n<p>Qu\u2019ils soient programm\u00e9s le 12, le 13 ou le 14 juillet, retrouvez ci-dessous la <strong>carte des feux d\u2019artifice de la F\u00eate nationale 2025 en Bretagne<\/strong>. Attention : la carte n\u2019est pas exhaustive et ne repose que sur les \u00e9v\u00e9nements qui ont \u00e9t\u00e9 communiqu\u00e9s express\u00e9ment par les organisateurs au T\u00e9l\u00e9gramme.<\/p>\n<p><strong>Annulation de feux d\u2019artifice<\/strong><br \/>Si les conditions m\u00e9t\u00e9o sont d\u00e9favorables, les municipalit\u00e9s peuvent \u00eatre amen\u00e9es \u00e0 annuler les feux d\u2019artifice au dernier moment. Notre carte ci-dessous n\u2019est pas forc\u00e9ment \u00e0 jour de ces informations de derni\u00e8re minute. Pour savoir si le feu d\u2019artifice est maintenu en cas de mauvais temps, consultez le site Internet de la commune ou contactez la mairie.<\/p>\n<p>Notre s\u00e9lection de feux d\u2019artifice le samedi 12 juillet<\/p>\n<ul>\n<li><b>Feu d&rsquo;artifice \u00e0 Pont l&rsquo;Abb\u00e9<\/b> : samedi 12 juillet \u00e0 23h15, quai Saint-Laurent, Bois Saint-Laurent<\/li>\n<li><b><a href=\"https:\/\/www.letelegramme.fr\/finistere\/bannalec-29380\/la-soiree-moules-frites-et-le-feu-dartifice-auront-lieu-samedi-a-bannalec-6852506.php\" target=\"_blank\" rel=\"noopener\">Feu d&rsquo;artifice \u00e0 Bannalec<\/a><\/b> : samedi 12 juillet, Halle Andr\u00e9-Duval, Lieu-dit L\u2019\u00cele, feu d\u2019artifice \u00e0 23 h 15, tir\u00e9 du skate park ; \u00e0 partir de 23 h, soir\u00e9e en musique jusqu\u2019\u00e0 1 h avec DJ Max Derman<\/li>\n<li><b>Feu d&rsquo;artifice \u00e0 Plougonvelin<\/b> : samedi 12 juillet, centre-ville et plage du Trez-Hir. Au programme : \u00e0 21 h, Delpero ; \u00e0 21 h 30, d\u00e9ambulation avec l\u2019orchestre Jahiner ; \u00e0 22 h, Micka\u00ebl Guerrand ; \u00e0 23 h, feu d\u2019artifice sur la plage, suivi du concert avec Micka\u00ebl Guerrand<\/li>\n<li><b><a href=\"https:\/\/www.letelegramme.fr\/morbihan\/sene-56860\/a-sene-feu-dartifice-bagad-de-vannes-et-village-de-la-mer-pour-celebrer-la-fete-nationale-des-samedi-6852162.php\" target=\"_blank\" rel=\"noopener\">Feu d&rsquo;artifice \u00e0 S\u00e9n\u00e9<\/a><\/b> : samedi 12 juillet, Place de l\u2019\u00c9glise. A 20 h 45, trio de sonneurs ; \u00e0 21 h 30, le bagad de Vannes au th\u00e9\u00e2tre de verdure ; \u00e0 23 h 15, tir du feu d\u2019artifice au th\u00e9\u00e2tre de verdure<\/li>\n<li><b>Feu d&rsquo;artifice \u00e0 Loud\u00e9ac<\/b> : samedi 12 juillet, \u00e0 20 h 30, concert avec Opium Minded ; \u00e0 23 h 30, feu d\u2019artifice sur l\u2019\u00e9tang suivi du bal des pompiers avec DJ Set<\/li>\n<li><b>Feu d&rsquo;artifice \u00e0 Guerl\u00e9dan<\/b> : samedi 12 juillet, feu d\u2019artifice et animations musicales \u00e0 partir de 21h<\/li>\n<\/ul>\n<p>Notre s\u00e9lection de feux d\u2019artifice le dimanche 13 juillet<\/p>\n<ul>\n<li><b>Feu d&rsquo;artifice \u00e0 Brest<\/b> : dimanche 13 juillet \u00e0 23h, le feu d\u2019artifice sera tir\u00e9 du port de commerce<\/li>\n<li><b>Feu d&rsquo;artifice \u00e0 Rennes<\/b> : dimanche 13 juillet \u00e0 23h, stade la Bellangerais<\/li>\n<li><b>Feu d&rsquo;artifice \u00e0 Plouarzel<\/b> : dimanche 13 juillet, base nautique du Porsman, feu d\u2019artifice tir\u00e9 vers 23 h<\/li>\n<li><b>Feu d&rsquo;artifice \u00e0 Landerneau<\/b> : dimanche 13 juillet, de 21 h \u00e0 22 h 45, concert avec DJ Matt\u2019Anim. Entre ces deux animations, il faudra battre le record de la plus grande chenille humaine. \u00c0 23 h 15, feu d\u2019artifice sonoris\u00e9<\/li>\n<li><b>Feu d&rsquo;artifice \u00e0 Saint-Pabu<\/b> : dimanche 13 juillet, d\u00e8s 20 h, concerts avec Dirty, Old Mat et Distribil ; d\u00e8s 23 h, feu d\u2019artifice et DJ set<\/li>\n<li><b><a href=\"https:\/\/www.letelegramme.fr\/finistere\/douarnenez-29100\/dimanche-a-douarnenez-feu-dartifice-et-grand-retour-du-bal-populaire-a-treboul-6852650.php\" target=\"_blank\" rel=\"noopener\">Feu d&rsquo;artifice \u00e0 Douarnenez<\/a><\/b> : dimanche, feu d\u2019artifice \u00e0 23 h visible depuis le port de plaisance jusqu\u2019au Flimiou<\/li>\n<li><b>Feu d&rsquo;artifice \u00e0 Quimper<\/b> : dimanche 13 juillet \u00e0 19h, cntre nautique de Cr\u00e9ac\u2019h-Gwen, \u00e0 21 h, bal populaire ; \u00e0 23 h, feu d\u2019artifice<\/li>\n<li><b>Feu d&rsquo;artifice \u00e0 Concarneau<\/b> : dimanche 13 juillet, place Jean-Jaur\u00e8s. En premi\u00e8re partie, concert d\u2019un groupe accompagn\u00e9 par 4 Ass\u2019et Plus puis concert du groupe Les P\u2019tits fils de Jeanine. Feu d\u2019artifice, \u00e0 23 h 15 au quai Nul, suivi d\u2019un DJ set de DJ Bapt et Van Laz by Trancylvania<\/li>\n<li><b>Feu d&rsquo;artifice \u00e0 Lorient<\/b> : dimanche 13 juillet, feu d\u2019artifice tir\u00e9 depuis la Place de l\u2019H\u00f4tel de Ville \u00e0 23h<\/li>\n<li><b>Feu d&rsquo;artifice \u00e0 Auray<\/b> : feu d\u2019artifice tir\u00e9 vers 23 h depuis Saint-Goustan par la ville<\/li>\n<li><b>Feu d&rsquo;artifice \u00e0 Dinan<\/b> : dimanche 13 juillet \u00e0 23h, au port<\/li>\n<li><b>Feu d&rsquo;artifice \u00e0 Lannion<\/b> : quai d\u2019Aiguillon, de 20 h 30 \u00e0 22 h, fest-noz avec Startijenn ; de 22 h \u00e0 1 h, bal des pompiers anim\u00e9 par DJ tom : \u00e0 23 h 30, feu d\u2019artifice<\/li>\n<li><b><a href=\"https:\/\/www.letelegramme.fr\/cotes-d-armor\/perros-guirec-22700\/jeux-bal-feu-dartifice-a-perros-guirec-les-pompiers-prets-a-enflammer-trestraou-dimanche-13-juillet-6852347.php\" target=\"_blank\" rel=\"noopener\">Feu d&rsquo;artifice \u00e0 Perros-Guirec<\/a><\/b> : soir\u00e9e anim\u00e9e par Lorna, Soul Kitchen, DJ set Faber au Palais des congr\u00e8s. Feu d\u2019artifice vers 23 h 30, show surprise et bal des pompiers dans le jardin du Palais des congr\u00e8s<\/li>\n<li><b>Feu d&rsquo;artifice \u00e0 Ploufragan<\/b> : dimanche, feu d\u2019artifice offert par la ville tir\u00e9 par Vos nuits \u00e9toil\u00e9es au complexe sportif du Haut-Champ \u00e0 23 h 15<\/li>\n<li><b>Feu d&rsquo;artifice \u00e0 Lamballe<\/b> : dimanche 13 juillet, \u00e0 22h, retraite aux flambeaux \u00e0 travers le village associ\u00e9e \u00e0 des d\u00e9monstrations de danses bretonnes, jusqu\u2019\u00e0 Lanmorin pour le feu d\u2019artifice de la baie de Saint-Brieuc<\/li>\n<\/ul>\n<p>Notre s\u00e9lection de feux d\u2019artifice le lundi 14 juillet<\/p>\n","protected":false},"excerpt":{"rendered":"C\u2019est un traditionnel du 14-Juillet : les feux d\u2019artifice. Cette ann\u00e9e encore, de nombreux spectacles sont programm\u00e9s en&hellip;\n","protected":false},"author":2,"featured_media":239955,"comment_status":"","ping_status":"","sticky":false,"template":"","format":"standard","meta":{"footnotes":""},"categories":[2821],"tags":[1111,11,829,2171,872,1777,674,3321,1011,27,848,3729,12,584,25,602],"class_list":{"0":"post-239954","1":"post","2":"type-post","3":"status-publish","4":"format-standard","5":"has-post-thumbnail","7":"category-rennes","8":"tag-actu","9":"tag-actualites","10":"tag-bretagne","11":"tag-cotes-darmor","12":"tag-culture-et-loisirs","13":"tag-eu","14":"tag-europe","15":"tag-finistere","16":"tag-fr","17":"tag-france","18":"tag-ille-et-vilaine","19":"tag-morbihan","20":"tag-news","21":"tag-rennes","22":"tag-republique-francaise","23":"tag-tourisme"},"share_on_mastodon":{"url":"https:\/\/pubeurope.com\/@fr\/114828823918716296","error":""},"_links":{"self":[{"href":"https:\/\/www.europesays.com\/fr\/wp-json\/wp\/v2\/posts\/239954","targetHints":{"allow":["GET"]}}],"collection":[{"href":"https:\/\/www.europesays.com\/fr\/wp-json\/wp\/v2\/posts"}],"about":[{"href":"https:\/\/www.europesays.com\/fr\/wp-json\/wp\/v2\/types\/post"}],"author":[{"embeddable":true,"href":"https:\/\/www.europesays.com\/fr\/wp-json\/wp\/v2\/users\/2"}],"replies":[{"embeddable":true,"href":"https:\/\/www.europesays.com\/fr\/wp-json\/wp\/v2\/comments?post=239954"}],"version-history":[{"count":0,"href":"https:\/\/www.europesays.com\/fr\/wp-json\/wp\/v2\/posts\/239954\/revisions"}],"wp:featuredmedia":[{"embeddable":true,"href":"https:\/\/www.europesays.com\/fr\/wp-json\/wp\/v2\/media\/239955"}],"wp:attachment":[{"href":"https:\/\/www.europesays.com\/fr\/wp-json\/wp\/v2\/media?parent=239954"}],"wp:term":[{"taxonomy":"category","embeddable":true,"href":"https:\/\/www.europesays.com\/fr\/wp-json\/wp\/v2\/categories?post=239954"},{"taxonomy":"post_tag","embeddable":true,"href":"https:\/\/www.europesays.com\/fr\/wp-json\/wp\/v2\/tags?post=239954"}],"curies":[{"name":"wp","href":"https:\/\/api.w.org\/{rel}","templated":true}]}}