{"id":239966,"date":"2025-07-10T12:04:34","date_gmt":"2025-07-10T12:04:34","guid":{"rendered":"https:\/\/www.europesays.com\/fr\/239966\/"},"modified":"2025-07-10T12:04:34","modified_gmt":"2025-07-10T12:04:34","slug":"un-helicoptere-sur-la-route-un-bouchon-se-forme-2","status":"publish","type":"post","link":"https:\/\/www.europesays.com\/fr\/239966\/","title":{"rendered":"un h\u00e9licopt\u00e8re sur la route, un bouchon se forme"},"content":{"rendered":"<p>            Par<br \/>\n        <strong><br \/>\n            <a href=\"https:\/\/actu.fr\/auteur\/gwendal-lepriellec\" title=\"Consulter tous les articles de Gwendal Le Priellec\" target=\"_blank\" rel=\"noopener\">Gwendal Le Priellec<\/a><br \/>\n        <\/strong><\/p>\n<p>        Publi\u00e9 le<\/p>\n<p>            9 juil. 2025 \u00e0 13h03        <\/p>\n<p>Un <b>grave accident<\/b> s\u2019est produit \u00e0 hauteur de <b>Derval <\/b>(Loire-Atlantique), sur la RN137 entre <b>Nantes <\/b>(Loire-Atlantique) et <b>Rennes <\/b>(Ille-et-Vilaine), ce mercredi 9\u00a0juillet 2025 dans la matin\u00e9e.<\/p>\n<p>Accident entre Nantes et Rennes\u2009: l\u2019h\u00e9licopt\u00e8re s\u2019est pos\u00e9 sur la voie<\/p>\n<p class=\" wall-content\">L\u2019accident s\u2019est produit, selon Bison Fut\u00e9, dans le sens Rennes-Nantes. Une voiture s\u2019est retrouv\u00e9e sur le toit. La circulation est depuis coup\u00e9e sur l\u2019axe.<\/p>\n<blockquote class=\"ac-article-quote wall-content\">\n<p>L\u2019accident n\u00e9cessite une coupure temporaire de la circulation pour l\u2019intervention des \u00e9quipes de secours et la pose de l\u2019h\u00e9licopt\u00e8re du Smur.<\/p>\n<p>Bison Fut\u00e9<\/p><\/blockquote>\n<p class=\" wall-content\">Des <b>bouchons <\/b>se sont form\u00e9s \u00e0 la suite de l\u2019accident. \u00ab\u2009Les usagers sont invit\u00e9s \u00e0 la<b> plus grande prudence<\/b> \u00e0 l\u2019approche de secteur et \u00e0 suivre les consignes du gestionnaire routier\u2009\u00bb, pr\u00e9cise Bison Fut\u00e9.<\/p>\n<p>Deux personnes bless\u00e9es<\/p>\n<p class=\" wall-content\">Au total <b>deux personnes ont \u00e9t\u00e9 bless\u00e9es<\/b> dans l\u2019accident. Un homme de 76 ans a \u00e9t\u00e9 <b>gravement bless\u00e9<\/b> et \u00e9vacu\u00e9 \u00e0 l\u2019aide de <b>l\u2019h\u00e9licopt\u00e8re <\/b>vers le CHU (centre hospitalier universitaire) de <b>Nantes<\/b>.<\/p>\n<p>Vid\u00e9os : en ce moment sur Actu<\/p>\n<p class=\" wall-content\">Un homme \u00e2g\u00e9 de 78 ans a quant \u00e0 lui \u00e9t\u00e9 <b>l\u00e9g\u00e8rement bless\u00e9<\/b>. Il a aussi pris la direction des urgences du CHU de Nantes.<\/p>\n<p class=\" wall-content\">Suivez toute l\u2019actualit\u00e9 de vos villes et m\u00e9dias favoris en vous inscrivant \u00e0 <a href=\"https:\/\/moncompte.actu.fr\" title=\"D\u00e9couvez Mon Actu\" rel=\"nofollow noopener\" data-trk=\"{&quot;cta&quot;:{&quot;action&quot;:&quot;https:\\\/\\\/moncompte.actu.fr&quot;,&quot;category&quot;:&quot;mon compte&quot;,&quot;from&quot;:&quot;article footer&quot;,&quot;name&quot;:&quot;Mon actu&quot;,&quot;type&quot;:&quot;cta&quot;}}\" target=\"_blank\">Mon Actu<\/a>.<\/p>\n","protected":false},"excerpt":{"rendered":"Par Gwendal Le Priellec Publi\u00e9 le 9 juil. 2025 \u00e0 13h03 Un grave accident s\u2019est produit \u00e0 hauteur&hellip;\n","protected":false},"author":2,"featured_media":237448,"comment_status":"","ping_status":"","sticky":false,"template":"","format":"standard","meta":{"footnotes":""},"categories":[2818],"tags":[119,1111,11,6427,1777,674,118,1011,27,766,12,2636,1311,25],"class_list":{"0":"post-239966","1":"post","2":"type-post","3":"status-publish","4":"format-standard","5":"has-post-thumbnail","7":"category-nantes","8":"tag-accident","9":"tag-actu","10":"tag-actualites","11":"tag-bison-fute","12":"tag-eu","13":"tag-europe","14":"tag-faits-divers","15":"tag-fr","16":"tag-france","17":"tag-nantes","18":"tag-news","19":"tag-pays-de-la-loire","20":"tag-pompiers","21":"tag-republique-francaise"},"share_on_mastodon":{"url":"https:\/\/pubeurope.com\/@fr\/114828847540084116","error":""},"_links":{"self":[{"href":"https:\/\/www.europesays.com\/fr\/wp-json\/wp\/v2\/posts\/239966","targetHints":{"allow":["GET"]}}],"collection":[{"href":"https:\/\/www.europesays.com\/fr\/wp-json\/wp\/v2\/posts"}],"about":[{"href":"https:\/\/www.europesays.com\/fr\/wp-json\/wp\/v2\/types\/post"}],"author":[{"embeddable":true,"href":"https:\/\/www.europesays.com\/fr\/wp-json\/wp\/v2\/users\/2"}],"replies":[{"embeddable":true,"href":"https:\/\/www.europesays.com\/fr\/wp-json\/wp\/v2\/comments?post=239966"}],"version-history":[{"count":0,"href":"https:\/\/www.europesays.com\/fr\/wp-json\/wp\/v2\/posts\/239966\/revisions"}],"wp:featuredmedia":[{"embeddable":true,"href":"https:\/\/www.europesays.com\/fr\/wp-json\/wp\/v2\/media\/237448"}],"wp:attachment":[{"href":"https:\/\/www.europesays.com\/fr\/wp-json\/wp\/v2\/media?parent=239966"}],"wp:term":[{"taxonomy":"category","embeddable":true,"href":"https:\/\/www.europesays.com\/fr\/wp-json\/wp\/v2\/categories?post=239966"},{"taxonomy":"post_tag","embeddable":true,"href":"https:\/\/www.europesays.com\/fr\/wp-json\/wp\/v2\/tags?post=239966"}],"curies":[{"name":"wp","href":"https:\/\/api.w.org\/{rel}","templated":true}]}}