{"id":239977,"date":"2025-07-10T12:10:13","date_gmt":"2025-07-10T12:10:13","guid":{"rendered":"https:\/\/www.europesays.com\/fr\/239977\/"},"modified":"2025-07-10T12:10:13","modified_gmt":"2025-07-10T12:10:13","slug":"il-est-interpelle-a-lille-sud","status":"publish","type":"post","link":"https:\/\/www.europesays.com\/fr\/239977\/","title":{"rendered":"il est interpell\u00e9 \u00e0 Lille-Sud"},"content":{"rendered":"<p>            Par<br \/>\n        <strong><br \/>\n            <a href=\"https:\/\/actu.fr\/auteur\/margot-nicodeme\" title=\"Consulter tous les articles de Margot Nicod\u00e8me\" rel=\"nofollow noopener\" target=\"_blank\">Margot Nicod\u00e8me<\/a><br \/>\n        <\/strong><\/p>\n<p>        Publi\u00e9 le<\/p>\n<p>            10 juil. 2025 \u00e0 13h00        <\/p>\n<p>Un homme de 48 ans a \u00e9t\u00e9 interpell\u00e9 \u00e0 son domicile, \u00e0 <a href=\"https:\/\/actu.fr\/hauts-de-france\/lille_59350\" rel=\"nofollow noopener\" target=\"_blank\">Lille<\/a> (Nord), apr\u00e8s avoir <b>vol\u00e9 <a href=\"https:\/\/actu.fr\/hauts-de-france\/lille_59350\/lille-la-premiere-en-france-cest-quoi-cette-boutique-van-rysel-qui-vient-douvrir-au-btwin-village_62501792.html\" rel=\"nofollow noopener\" target=\"_blank\">un v\u00e9lo \u00e9lectrique B\u2019twin<\/a>, un prototype de <a href=\"https:\/\/actu.fr\/tag\/decathlon\" rel=\"nofollow noopener\" target=\"_blank\">Decathlon<\/a><\/b>, le samedi 5 juillet 2025. Il est rest\u00e9 dans l\u2019impunit\u00e9 jusqu\u2019au mercredi 9 juillet, le temps que la police retrouve sa trace. Car l\u2019individu avait en effet omis un l\u00e9ger d\u00e9tail : le v\u00e9lo \u00e9tait \u00e9quip\u00e9 d\u2019<b>un syst\u00e8me de g\u00e9olocalisation\u2026 fiable au m\u00e8tre pr\u00e8s<\/b>.<\/p>\n<p>Il vole un v\u00e9lo B\u2019twin mais ne se doute pas qu\u2019il est g\u00e9olocalis\u00e9\u2026 au m\u00e8tre pr\u00e8s<\/p>\n<p class=\" wall-content\">Mercredi, les policiers qui avaient \u00e9t\u00e9 avertis par l\u2019entreprise du vol de d\u2019un v\u00e9lo prototype, parviennent \u00e0 identifier l\u2019emplacement du deux-roues.<b> Il borne dans une habitation<\/b> de la rue du Vaisseau le Vengeur, \u00e0 Lille-Sud.\u00a0<\/p>\n<p class=\" wall-content\">Ils se rendent sur place et un occupant du logement leur explique que c\u2019est un membre de sa famille qui a d\u00e9pos\u00e9 le v\u00e9lo dans le garage. L\u2019engin y est en effet retrouv\u00e9, et le voleur ne tarde pas \u00e0 pointer le bout de son nez. \u00c2g\u00e9 de 48 ans, il a \u00e9t\u00e9 interpell\u00e9 sans heurt et plac\u00e9 en garde \u00e0 vue.<\/p>\n<p class=\" wall-content\">Suivez toute l\u2019actualit\u00e9 de vos villes et m\u00e9dias favoris en vous inscrivant \u00e0 <a href=\"https:\/\/moncompte.actu.fr\" title=\"D\u00e9couvez Mon Actu\" rel=\"nofollow noopener\" data-trk=\"{&quot;cta&quot;:{&quot;action&quot;:&quot;https:\\\/\\\/moncompte.actu.fr&quot;,&quot;category&quot;:&quot;mon compte&quot;,&quot;from&quot;:&quot;article footer&quot;,&quot;name&quot;:&quot;Mon actu&quot;,&quot;type&quot;:&quot;cta&quot;}}\" target=\"_blank\">Mon Actu<\/a>.<\/p>\n","protected":false},"excerpt":{"rendered":"Par Margot Nicod\u00e8me Publi\u00e9 le 10 juil. 2025 \u00e0 13h00 Un homme de 48 ans a \u00e9t\u00e9 interpell\u00e9&hellip;\n","protected":false},"author":2,"featured_media":239978,"comment_status":"","ping_status":"","sticky":false,"template":"","format":"standard","meta":{"footnotes":""},"categories":[2815],"tags":[1111,11,7200,1777,674,118,1011,27,811,1307,12,25,208],"class_list":{"0":"post-239977","1":"post","2":"type-post","3":"status-publish","4":"format-standard","5":"has-post-thumbnail","7":"category-lille","8":"tag-actu","9":"tag-actualites","10":"tag-decathlon","11":"tag-eu","12":"tag-europe","13":"tag-faits-divers","14":"tag-fr","15":"tag-france","16":"tag-hauts-de-france","17":"tag-lille","18":"tag-news","19":"tag-republique-francaise","20":"tag-velo"},"share_on_mastodon":{"url":"https:\/\/pubeurope.com\/@fr\/114828871345307761","error":""},"_links":{"self":[{"href":"https:\/\/www.europesays.com\/fr\/wp-json\/wp\/v2\/posts\/239977","targetHints":{"allow":["GET"]}}],"collection":[{"href":"https:\/\/www.europesays.com\/fr\/wp-json\/wp\/v2\/posts"}],"about":[{"href":"https:\/\/www.europesays.com\/fr\/wp-json\/wp\/v2\/types\/post"}],"author":[{"embeddable":true,"href":"https:\/\/www.europesays.com\/fr\/wp-json\/wp\/v2\/users\/2"}],"replies":[{"embeddable":true,"href":"https:\/\/www.europesays.com\/fr\/wp-json\/wp\/v2\/comments?post=239977"}],"version-history":[{"count":0,"href":"https:\/\/www.europesays.com\/fr\/wp-json\/wp\/v2\/posts\/239977\/revisions"}],"wp:featuredmedia":[{"embeddable":true,"href":"https:\/\/www.europesays.com\/fr\/wp-json\/wp\/v2\/media\/239978"}],"wp:attachment":[{"href":"https:\/\/www.europesays.com\/fr\/wp-json\/wp\/v2\/media?parent=239977"}],"wp:term":[{"taxonomy":"category","embeddable":true,"href":"https:\/\/www.europesays.com\/fr\/wp-json\/wp\/v2\/categories?post=239977"},{"taxonomy":"post_tag","embeddable":true,"href":"https:\/\/www.europesays.com\/fr\/wp-json\/wp\/v2\/tags?post=239977"}],"curies":[{"name":"wp","href":"https:\/\/api.w.org\/{rel}","templated":true}]}}