{"id":239981,"date":"2025-07-10T12:12:11","date_gmt":"2025-07-10T12:12:11","guid":{"rendered":"https:\/\/www.europesays.com\/fr\/239981\/"},"modified":"2025-07-10T12:12:11","modified_gmt":"2025-07-10T12:12:11","slug":"dans-les-quartiers-nord-de-marseille-un-homme-fait-exploser-un-radar-de-chantier","status":"publish","type":"post","link":"https:\/\/www.europesays.com\/fr\/239981\/","title":{"rendered":"dans les quartiers nord de Marseille, un homme fait exploser un radar de chantier"},"content":{"rendered":"<p>La sc\u00e8ne a fait le tour des r\u00e9seaux sociaux. Sur le terre-plein central du <a href=\"https:\/\/www.laprovence.com\/article\/faits-divers-justice\/2031042026736415\/un-motard-de-23-ans-sest-tue-sur-le-chemin-du-littoral-a-marseille\" target=\"_blank\" rel=\"noopener\">chemin du Littoral<\/a>, \u00e0 Marseille (16e), on y voit un homme s\u2019approcher du radar de chantier r\u00e9cemment pos\u00e9, y d\u00e9poser un engin explosif et l\u2019enflammer. L\u2019individu s\u2019enfuit en courant, et quelques secondes plus tard, l\u2019appareil de contr\u00f4le de la vitesse explose. Avec la puissance de l\u2019explosion, son capot s\u2019ouvre, dans un panache de fum\u00e9e. Sur l\u2019image, la personne qui poste la vid\u00e9o a \u00e9crit \u00ab\u00a0radar fini\u00a0\u00bb, suivi d\u2019un emoji qui se marre.<\/p>\n<p>La vid\u00e9o, partag\u00e9e sur TikTok, X et Facebook, est authentique. La pr\u00e9fecture de police des Bouches-du-Rh\u00f4ne \u00ab\u00a0confirme la d\u00e9gradation de type lourd\u00a0\u00bb de ce radar de chantier, \u00ab\u00a0situ\u00e9 au 400 chemin du Littoral\u00a0\u00bb, sur la RD5.<\/p>\n<p>Vandalis\u00e9 quelques heures apr\u00e8s son installation<\/p>\n<p>Install\u00e9 depuis le 7\u00a0mai dernier \u00e0 proximit\u00e9 d\u2019une <a href=\"https:\/\/www.laprovence.com\/article\/societe\/1128339905929415\/il-y-a-une-tendance-a-la-baisse-pourquoi-les-stations-service-de-ville-disparaissent-a-marseille-et-en-provence\" target=\"_blank\" rel=\"noopener\">station-service<\/a>, ce radar autonome flashait jusqu\u2019ici les automobilistes circulant en direction de <a href=\"https:\/\/www.laprovence.com\/article\/faits-divers-justice\/6678073378214214\/soudain-le-feu-etait-a-la-porte-de-la-maison-a-lestaque-les-voisins-face-aux-flammes\" target=\"_blank\" rel=\"noopener\">l\u2019Estaque<\/a>, sur cet axe routier limit\u00e9 \u00e0 50\u00a0km\/h.<\/p>\n<p>Le radar \u00ab\u00a0avait d\u00e9j\u00e0 fait l\u2019objet de d\u00e9gradation le lendemain de sa premi\u00e8re installation\u00a0\u00bb, indique par ailleurs la pr\u00e9fecture de police. Malgr\u00e9 ce premier acte de vandalisme, l\u2019appareil avait \u00e9t\u00e9 \u00ab\u00a0repos\u00e9\u00a0\u00bb mardi 8\u00a0juillet.<\/p>\n<p><img alt=\"Install\u00e9 sur le chemin du Littoral, dans le 16e arrondissement marseillais, ce radar de chantier flashait les automobilistes circulant en direction de l\u2019Estaque, s\u2019ils d\u00e9passaient les 50 km\/h.\" loading=\"lazy\" decoding=\"async\" data-nimg=\"fill\" class=\" TwicCore_img__i9TC1 undefined  undefined\" style=\"position:absolute;height:100%;width:100%;left:0;top:0;right:0;bottom:0;color:transparent;background-size:cover;background-position:50% 50%;background-repeat:no-repeat;background-image:url(&quot;data:image\/svg+xml;charset=utf-8,%3Csvg xmlns='http:\/\/www.w3.org\/2000\/svg' %3E%3Cfilter id='b' color-interpolation-filters='sRGB'%3E%3CfeGaussianBlur stdDeviation='20'\/%3E%3CfeColorMatrix values='1 0 0 0 0 0 1 0 0 0 0 0 1 0 0 0 0 0 100 -1' result='s'\/%3E%3CfeFlood x='0' y='0' width='100%25' height='100%25'\/%3E%3CfeComposite operator='out' in='s'\/%3E%3CfeComposite in2='SourceGraphic'\/%3E%3CfeGaussianBlur stdDeviation='20'\/%3E%3C\/filter%3E%3Cimage width='100%25' height='100%25' x='0' y='0' preserveAspectRatio='none' style='filter: url(%23b);' href='https:\/\/pictures.laprovence.com\/cdn-cgi\/image\/blur=250\/media\/melody\/2025\/07\/10\/installe-sur-le-chemin-du-littoral-dans-le-16e-arrondissement-marseillais-ce-radar-de-chantier-flash-1752148279_79e97405af68689f97405af686df97v_.jpg'\/%3E%3C\/svg%3E&quot;)\"   src=\"https:\/\/www.europesays.com\/fr\/wp-content\/uploads\/2025\/07\/installe-sur-le-chemin-du-littoral-dans-le-16e-arrondissement-marseillais-ce-radar-de-chantier-flash.jpeg\"\/>Install\u00e9 sur le chemin du Littoral, dans le 16e arrondissement marseillais, ce radar de chantier flashait les automobilistes circulant en direction de l\u2019Estaque, s\u2019ils d\u00e9passaient les 50 km\/h. \/ PHOTO FRANCK PENNANT<\/p>\n<p>Quelques heures apr\u00e8s cette r\u00e9installation, dans la nuit du mardi\u00a08 au mercredi 9\u00a0juillet, il a donc de nouveau \u00e9t\u00e9 vandalis\u00e9. Une enqu\u00eate a \u00e9t\u00e9 ouverte.<\/p>\n<p>Une multiplication des radars de chantiers dans les Bouches-du-Rh\u00f4ne<\/p>\n<p>Plusieurs radars de ce type sont en service dans les Bouches-du-Rh\u00f4ne, alors que <a href=\"https:\/\/www.laprovence.com\/article\/region\/193505217593414\/nouveaux-radars-plus-de-controles-un-nouveau-plan-contre-linsecurite-routiere-dans-les-bouches-du-rhone\" target=\"_blank\" rel=\"noopener\">la pr\u00e9fecture de police a durci le ton ces derniers mois sur les questions de s\u00e9curit\u00e9 routi\u00e8re<\/a>. D\u00e9but mai, <a href=\"https:\/\/www.laprovence.com\/article\/region\/1432254313916215\/installe-sur-une-route-tres-frequentee-a-marseille-ce-nouveau-radar-mobile-flashe-les-automobilistes-des-30-km-h\" target=\"_blank\" rel=\"noopener\">un autre radar chantier a \u00e9t\u00e9 install\u00e9 \u00e0 Marseille<\/a>, sur le chemin des Goudes. Il avait lui aussi \u00e9t\u00e9 vandalis\u00e9, quelques jours apr\u00e8s sa mise en service.<\/p>\n<p>Un troisi\u00e8me a \u00e9galement \u00e9t\u00e9 plac\u00e9 sur la RD9, \u00e0 Ensu\u00e8s-la-Redonne. Enfin, un radar de ce type est pr\u00e9sent sur la Gineste depuis plusieurs ann\u00e9es, et a r\u00e9cemment <a href=\"https:\/\/www.laprovence.com\/article\/region\/63044978556584\/radars-dans-les-bouches-du-rhone-le-radar-chantier-de-la-gineste-deplace-il-flashe-a-la-sortie-de-marseille\" target=\"_blank\" rel=\"noopener\">vu son emplacement changer<\/a>.<\/p>\n<p><img alt=\"\" loading=\"lazy\" width=\"18\" height=\"18\" decoding=\"async\" data-nimg=\"1\" class=\"mx-[8px]\" style=\"color:transparent\" src=\"https:\/\/www.laprovence.com\/_next\/static\/media\/comment.b95dda91.svg\"\/>D\u00e9marrez la conversation<\/p>\n<p class=\"text-[1.8rem] mt-[32px]\">Votre opinion compte pour nous. Rejoignez la communaut\u00e9 laprovence.com en r\u00e9agissant sur l&rsquo;article Un radar de chantier se fait exploser dans les quartiers nord de Marseille, les images deviennent virales.<\/p>\n","protected":false},"excerpt":{"rendered":"La sc\u00e8ne a fait le tour des r\u00e9seaux sociaux. Sur le terre-plein central du chemin du Littoral, \u00e0&hellip;\n","protected":false},"author":2,"featured_media":239982,"comment_status":"","ping_status":"","sticky":false,"template":"","format":"standard","meta":{"footnotes":""},"categories":[2814],"tags":[17,1111,11,1102,4107,1446,1777,674,37940,21,1011,27,151,884,12,882,5116,27760,16,25],"class_list":{"0":"post-239981","1":"post","2":"type-post","3":"status-publish","4":"format-standard","5":"has-post-thumbnail","7":"category-marseille","8":"tag-17","9":"tag-actu","10":"tag-actualites","11":"tag-breakingnews","12":"tag-chantier","13":"tag-dans","14":"tag-eu","15":"tag-europe","16":"tag-exploser","17":"tag-fait","18":"tag-fr","19":"tag-france","20":"tag-les","21":"tag-marseille","22":"tag-news","23":"tag-provence-alpes-cote-dazur","24":"tag-quartiers","25":"tag-radar","26":"tag-region","27":"tag-republique-francaise"},"share_on_mastodon":{"url":"https:\/\/pubeurope.com\/@fr\/114828879098546137","error":""},"_links":{"self":[{"href":"https:\/\/www.europesays.com\/fr\/wp-json\/wp\/v2\/posts\/239981","targetHints":{"allow":["GET"]}}],"collection":[{"href":"https:\/\/www.europesays.com\/fr\/wp-json\/wp\/v2\/posts"}],"about":[{"href":"https:\/\/www.europesays.com\/fr\/wp-json\/wp\/v2\/types\/post"}],"author":[{"embeddable":true,"href":"https:\/\/www.europesays.com\/fr\/wp-json\/wp\/v2\/users\/2"}],"replies":[{"embeddable":true,"href":"https:\/\/www.europesays.com\/fr\/wp-json\/wp\/v2\/comments?post=239981"}],"version-history":[{"count":0,"href":"https:\/\/www.europesays.com\/fr\/wp-json\/wp\/v2\/posts\/239981\/revisions"}],"wp:featuredmedia":[{"embeddable":true,"href":"https:\/\/www.europesays.com\/fr\/wp-json\/wp\/v2\/media\/239982"}],"wp:attachment":[{"href":"https:\/\/www.europesays.com\/fr\/wp-json\/wp\/v2\/media?parent=239981"}],"wp:term":[{"taxonomy":"category","embeddable":true,"href":"https:\/\/www.europesays.com\/fr\/wp-json\/wp\/v2\/categories?post=239981"},{"taxonomy":"post_tag","embeddable":true,"href":"https:\/\/www.europesays.com\/fr\/wp-json\/wp\/v2\/tags?post=239981"}],"curies":[{"name":"wp","href":"https:\/\/api.w.org\/{rel}","templated":true}]}}