{"id":23999,"date":"2025-04-14T09:59:15","date_gmt":"2025-04-14T09:59:15","guid":{"rendered":"https:\/\/www.europesays.com\/fr\/23999\/"},"modified":"2025-04-14T09:59:15","modified_gmt":"2025-04-14T09:59:15","slug":"les-etats-unis-et-la-russie-prolongent-leur-covoiturage-spatial-vers-liss","status":"publish","type":"post","link":"https:\/\/www.europesays.com\/fr\/23999\/","title":{"rendered":"Les Etats-Unis et la Russie prolongent leur covoiturage spatial vers l\u2019ISS"},"content":{"rendered":"<p>Des Am\u00e9ricains en Soyouz, et des Russes en Crew Dragon, jusqu\u2019en 2027. Entre la NASA et Roscosmos, l\u2019heure est au prolongement des accords pour les voyages spatiaux en direction de la Station spatiale internationale. Toutefois, la capsule russe r\u00e9duira sa fr\u00e9quence d\u2019allers-retours.<\/p>\n<p>Les \u00c9tats-Unis et la Russie continueront d\u2019envoyer leurs astronautes dans les m\u00eames capsules spatiales jusqu\u2019en 2027. Leur entente sur la question du renouvellement des astronautes \u00e0 bord de la Station spatiale internationale a \u00e9t\u00e9 prolong\u00e9e de deux ans, alors que les doutes persistaient depuis novembre 2024 sur cet accord d\u2019\u00e9change de si\u00e8ges.<\/p>\n<p>Au d\u00e9but de l\u2019hiver dernier, l\u2019agence spatiale russe Roscosmos n\u2019avait affect\u00e9 que des astronautes russes dans les si\u00e8ges de ses prochains lancements en vaisseau Soyouz. Bill Nelson, l\u2019ancien administrateur de la <a href=\"https:\/\/www.01net.com\/actualites\/elon-musk-gouvernement-consequences-spacex-nasa.html\" target=\"_blank\" rel=\"noopener\">NASA<\/a>, avait d\u00e9clar\u00e9 qu\u2019il s\u2019attendait que l\u2019accord soit prolong\u00e9 \u00ab\u00a0en temps voulu\u00a0\u00bb.<\/p>\n<p>Le retard de la d\u00e9cision am\u00e9ricaine faisait certainement suite aux changements c\u00f4t\u00e9 pr\u00e9sidence et politique \u00e0 la t\u00eate de l\u2019agence spatiale (Bill Nelson sera remplac\u00e9 <a href=\"https:\/\/www.01net.com\/actualites\/lune-mars-patron-nasa-jared-isaacman-reve-elon-musk.html\" target=\"_blank\" rel=\"noopener\">par Jared Isaacman<\/a>, un proche d\u2019Elon Musk et de SpaceX). En janvier, des m\u00e9dias russes avan\u00e7aient que la prolongation du contrat avec les Am\u00e9ricains avait bien \u00e9t\u00e9 finalis\u00e9e, mais la NASA avait refus\u00e9 de confirmer la nouvelle.<\/p>\n<p>Il aura finalement fallu attendre que la NASA puisse affecter son astronaute Chris Williams dans un vaisseau Soyouz, le MS-28, dont le lancement est pr\u00e9vu vers l\u2019ISS au mois de novembre prochain. Il embarquera dans la capsule pour un voyage aux c\u00f4t\u00e9s des astronautes russes Sergue\u00ef Kud-Sverchkov et Sergue\u00ef Mika\u00efev.<\/p>\n<p>Pour les lancements en Crew Dragon (SpaceX), il faudra attendre 2027 avant qu\u2019un Russe n\u2019embarque de nouveau \u00e0 bord de la capsule. Reste \u00e0 voir encore si d\u2019ici l\u00e0, la NASA s\u2019appuiera aussi Starliner, la capsule d\u00e9velopp\u00e9e par Boeing, qui a transform\u00e9 son premier vol d\u2019essai <a href=\"https:\/\/www.01net.com\/actualites\/verite-vol-boeing-starliner-astronautes-bloques-iss-nasa.html\" target=\"_blank\" rel=\"noopener\">en v\u00e9ritable cauchemar pour deux astronautes<\/a>.<\/p>\n<p> R\u00e9duction du nombre de Soyouz russes <\/p>\n<p>Sur les deux prochaines ann\u00e9es pourtant, les Russes n\u2019enverront plus de Soyouz vers l\u2019ISS \u00e0 la m\u00eame fr\u00e9quence qu\u2019auparavant. Au lieu d\u2019un aller-retour tous les 6 mois, il sera d\u00e9sormais question de rester 8 mois avant de renouveler les \u00e9quipages. Au bout de deux ans, il y aura donc un lancement de moins du c\u00f4t\u00e9 de Roscosmos.<\/p>\n<p>Il faut rappeler que ces missions sont parmi les derni\u00e8res pr\u00e9vues par les cinq agences spatiales poss\u00e9dant des modules sur l\u2019ISS (\u00c9tats-Unis, Europe, Canada, Japon et Russie). La fin de la Station spatiale internationale approche, et la NASA pr\u00e9voit de d\u00e9sorbiter celle-ci d\u2019ici 2030 dans un processus en plusieurs \u00e9tapes, <a href=\"https:\/\/www.01net.com\/actualites\/18-mois-1-semaine-et-4-jours-recit-du-futur-crash-de-liss-sur-la-terre.html\" target=\"_blank\" rel=\"noopener\">qui prendra en tout 18 mois, 1 semaine et 4 jours<\/a>.<\/p>\n<blockquote>\n<p class=\"text-base text-neutral-700 dark:text-neutral-300\">\ud83d\udd34 Pour ne manquer aucune actualit\u00e9 de 01net, suivez-nous sur <a href=\"https:\/\/news.google.com\/publications\/CAAqBwgKMJPsvAswoIfUAw?hl=fr&amp;gl=FR&amp;ceid=FR%3Afr\" target=\"_blank\" rel=\"noopener\">Google Actualit\u00e9s<\/a> et <a href=\"https:\/\/whatsapp.com\/channel\/0029VaH5gKg6xCSG9nQQhQ1Z\" target=\"_blank\" rel=\"noopener\">WhatsApp<\/a>.<\/p>\n<\/blockquote>\n<p class=\"post-source\">\n            Source :<br \/>\n            <a href=\"https:\/\/spacenews.com\/nasa-extends-seat-barter-agreement-with-roscosmos-into-2027\/\" target=\"_blank\" rel=\"noopener\"><br \/>\n              SpaceNews<br \/>\n            <\/a>\n          <\/p>\n","protected":false},"excerpt":{"rendered":"Des Am\u00e9ricains en Soyouz, et des Russes en Crew Dragon, jusqu\u2019en 2027. Entre la NASA et Roscosmos, l\u2019heure&hellip;\n","protected":false},"author":2,"featured_media":24000,"comment_status":"","ping_status":"","sticky":false,"template":"","format":"standard","meta":{"footnotes":""},"categories":[1589],"tags":[11,386,73,1866,889,333,12,132,890,1864,1865,1863,308],"class_list":{"0":"post-23999","1":"post","2":"type-post","3":"status-publish","4":"format-standard","5":"has-post-thumbnail","7":"category-etats-unis","8":"tag-actualites","9":"tag-espace","10":"tag-etats-unis","11":"tag-etats-unis-damerique","12":"tag-fusee","13":"tag-nasa","14":"tag-news","15":"tag-russie","16":"tag-station-spatiale-internationale","17":"tag-united-states","18":"tag-united-states-of-america","19":"tag-us","20":"tag-usa"},"share_on_mastodon":{"url":"https:\/\/pubeurope.com\/@fr\/114335735080941416","error":""},"_links":{"self":[{"href":"https:\/\/www.europesays.com\/fr\/wp-json\/wp\/v2\/posts\/23999","targetHints":{"allow":["GET"]}}],"collection":[{"href":"https:\/\/www.europesays.com\/fr\/wp-json\/wp\/v2\/posts"}],"about":[{"href":"https:\/\/www.europesays.com\/fr\/wp-json\/wp\/v2\/types\/post"}],"author":[{"embeddable":true,"href":"https:\/\/www.europesays.com\/fr\/wp-json\/wp\/v2\/users\/2"}],"replies":[{"embeddable":true,"href":"https:\/\/www.europesays.com\/fr\/wp-json\/wp\/v2\/comments?post=23999"}],"version-history":[{"count":0,"href":"https:\/\/www.europesays.com\/fr\/wp-json\/wp\/v2\/posts\/23999\/revisions"}],"wp:featuredmedia":[{"embeddable":true,"href":"https:\/\/www.europesays.com\/fr\/wp-json\/wp\/v2\/media\/24000"}],"wp:attachment":[{"href":"https:\/\/www.europesays.com\/fr\/wp-json\/wp\/v2\/media?parent=23999"}],"wp:term":[{"taxonomy":"category","embeddable":true,"href":"https:\/\/www.europesays.com\/fr\/wp-json\/wp\/v2\/categories?post=23999"},{"taxonomy":"post_tag","embeddable":true,"href":"https:\/\/www.europesays.com\/fr\/wp-json\/wp\/v2\/tags?post=23999"}],"curies":[{"name":"wp","href":"https:\/\/api.w.org\/{rel}","templated":true}]}}