{"id":239991,"date":"2025-07-10T12:18:10","date_gmt":"2025-07-10T12:18:10","guid":{"rendered":"https:\/\/www.europesays.com\/fr\/239991\/"},"modified":"2025-07-10T12:18:10","modified_gmt":"2025-07-10T12:18:10","slug":"deux-hommes-interpelles-apres-avoir-saute-en-parachute-du-haut-de-la-tour-eiffel","status":"publish","type":"post","link":"https:\/\/www.europesays.com\/fr\/239991\/","title":{"rendered":"deux hommes interpell\u00e9s apr\u00e8s avoir saut\u00e9 en parachute du haut de la tour Eiffel"},"content":{"rendered":"<p>            Par<br \/>\n        <strong><br \/>\n            <a href=\"https:\/\/actu.fr\/auteur\/redaction-paris\" title=\"Consulter tous les articles de R\u00e9daction Paris\" target=\"_blank\" rel=\"noopener\">R\u00e9daction Paris<\/a><br \/>\n        <\/strong><\/p>\n<p>        Publi\u00e9 le<\/p>\n<p>            10 juil. 2025 \u00e0 13h45        <\/p>\n<p>Les passants qui ont assist\u00e9 \u00e0 la sc\u00e8ne n\u2019ont pas d\u00fb en croire leurs yeux.\u00a0Ce jeudi 10\u00a0juillet 2025, deux hommes ont \u00e9t\u00e9 <strong>interpell\u00e9s<\/strong> et plac\u00e9s en garde \u00e0 vue apr\u00e8s avoir saut\u00e9 en parachute du haut de la <a href=\"https:\/\/actu.fr\/tag\/tour-eiffel\" target=\"_blank\" rel=\"noopener\">Tour Eiffel<\/a> \u00e0 Paris, a-t-on appris de source polici\u00e8re.<\/p>\n<p>Une plainte d\u00e9pos\u00e9e<\/p>\n<p class=\" wall-content\">Il \u00e9tait aux alentours de 04h30 lorsque des agents de s\u00e9curit\u00e9 ont vu deux personnes escalader le c\u00e9l\u00e8bre monument, portant <strong>parachutes et cagoules<\/strong>, et ont contact\u00e9 les forces de l\u2019ordre, ainsi que les <a href=\"https:\/\/actu.fr\/tag\/brigade-de-sapeurs-pompiers-de-paris\" target=\"_blank\" rel=\"noopener\">pompiers<\/a>.<\/p>\n<p class=\" wall-content\">Les policiers et les secours ont voulu prendre contact avec les deux grimpeurs, qui leur ont r\u00e9pondu <strong>vouloir sauter<\/strong>, ce qu\u2019ils ont fait vers 06\u00a0heures, d\u00e9taille la source polici\u00e8re. Une fois les pieds sur terre, les deux parachutistes ont \u00e9t\u00e9 interpell\u00e9s, l\u2019un vers le pont d\u2019I\u00e9na, l\u2019autre sur le Champs de Mars en face de la tour Eiffel.<\/p>\n<p class=\" wall-content\">Les policiers ont \u00e9galement interpell\u00e9 un <strong>troisi\u00e8me homme<\/strong> qui n\u2019\u00e9tait pas mont\u00e9 dans le monument mais avait \u00e9t\u00e9 rep\u00e9r\u00e9 \u00e0 ses abords par les agents de s\u00e9curit\u00e9. Le directeur d\u2019exploitation du monument va porter plainte, pr\u00e9cise la source polici\u00e8re.<\/p>\n<p class=\" wall-content\">Une enqu\u00eate a \u00e9t\u00e9 ouverte pour \u00ab\u00a0intrusion dans un lieu historique ou culturel et mise en danger d\u2019autrui par <strong>violation manifestement d\u00e9lib\u00e9r\u00e9e<\/strong> d\u2019une obligation r\u00e8glementaire de s\u00e9curit\u00e9 ou de prudence\u00a0\u00bb, a fait savoir le <a href=\"https:\/\/actu.fr\/tag\/tribunal-de-paris\" target=\"_blank\" rel=\"noopener\">parquet de Paris<\/a> \u00e0 actu.\u00a0<\/p>\n<p>Vid\u00e9os : en ce moment sur Actu<\/p>\n<p class=\" wall-content\">Avec AFP.<\/p>\n<p class=\" wall-content\">Suivez toute l\u2019actualit\u00e9 de vos villes et m\u00e9dias favoris en vous inscrivant \u00e0 <a href=\"https:\/\/moncompte.actu.fr\" title=\"D\u00e9couvez Mon Actu\" rel=\"nofollow noopener\" data-trk=\"{&quot;cta&quot;:{&quot;action&quot;:&quot;https:\\\/\\\/moncompte.actu.fr&quot;,&quot;category&quot;:&quot;mon compte&quot;,&quot;from&quot;:&quot;article footer&quot;,&quot;name&quot;:&quot;Mon actu&quot;,&quot;type&quot;:&quot;cta&quot;}}\" target=\"_blank\">Mon Actu<\/a>.<\/p>\n","protected":false},"excerpt":{"rendered":"Par R\u00e9daction Paris Publi\u00e9 le 10 juil. 2025 \u00e0 13h45 Les passants qui ont assist\u00e9 \u00e0 la sc\u00e8ne&hellip;\n","protected":false},"author":2,"featured_media":218017,"comment_status":"","ping_status":"","sticky":false,"template":"","format":"standard","meta":{"footnotes":""},"categories":[1888],"tags":[1111,1928,11,1927,1777,674,118,1011,27,12,1926,626,1925,25,7184],"class_list":{"0":"post-239991","1":"post","2":"type-post","3":"status-publish","4":"format-standard","5":"has-post-thumbnail","7":"category-paris","8":"tag-actu","9":"tag-actu-paris","10":"tag-actualites","11":"tag-actualites-paris","12":"tag-eu","13":"tag-europe","14":"tag-faits-divers","15":"tag-fr","16":"tag-france","17":"tag-news","18":"tag-news-paris","19":"tag-paris","20":"tag-paris-news","21":"tag-republique-francaise","22":"tag-tour-eiffel"},"share_on_mastodon":{"url":"https:\/\/pubeurope.com\/@fr\/114828902610696456","error":""},"_links":{"self":[{"href":"https:\/\/www.europesays.com\/fr\/wp-json\/wp\/v2\/posts\/239991","targetHints":{"allow":["GET"]}}],"collection":[{"href":"https:\/\/www.europesays.com\/fr\/wp-json\/wp\/v2\/posts"}],"about":[{"href":"https:\/\/www.europesays.com\/fr\/wp-json\/wp\/v2\/types\/post"}],"author":[{"embeddable":true,"href":"https:\/\/www.europesays.com\/fr\/wp-json\/wp\/v2\/users\/2"}],"replies":[{"embeddable":true,"href":"https:\/\/www.europesays.com\/fr\/wp-json\/wp\/v2\/comments?post=239991"}],"version-history":[{"count":0,"href":"https:\/\/www.europesays.com\/fr\/wp-json\/wp\/v2\/posts\/239991\/revisions"}],"wp:featuredmedia":[{"embeddable":true,"href":"https:\/\/www.europesays.com\/fr\/wp-json\/wp\/v2\/media\/218017"}],"wp:attachment":[{"href":"https:\/\/www.europesays.com\/fr\/wp-json\/wp\/v2\/media?parent=239991"}],"wp:term":[{"taxonomy":"category","embeddable":true,"href":"https:\/\/www.europesays.com\/fr\/wp-json\/wp\/v2\/categories?post=239991"},{"taxonomy":"post_tag","embeddable":true,"href":"https:\/\/www.europesays.com\/fr\/wp-json\/wp\/v2\/tags?post=239991"}],"curies":[{"name":"wp","href":"https:\/\/api.w.org\/{rel}","templated":true}]}}