{"id":239992,"date":"2025-07-10T12:19:10","date_gmt":"2025-07-10T12:19:10","guid":{"rendered":"https:\/\/www.europesays.com\/fr\/239992\/"},"modified":"2025-07-10T12:19:10","modified_gmt":"2025-07-10T12:19:10","slug":"cetait-juste-triste-un-symbole-de-paris-reprend-ses-droits-apres-un-accident-malheureux-il-y-a-14-mois","status":"publish","type":"post","link":"https:\/\/www.europesays.com\/fr\/239992\/","title":{"rendered":"\u00ab\u00a0C\u2019\u00e9tait juste triste\u00a0\u00bb\u00a0: un symbole de Paris reprend ses droits apr\u00e8s un accident malheureux il y a 14 mois"},"content":{"rendered":"<p>  \tSymbole de Paris, les ailes du Moulin Rouge tourneront \u00e0 nouveau apr\u00e8s 14 mois d\u2019arr\u00eat, d\u00e8s ce jeudi soir.<\/p>\n<p>&#13;<br \/>\n&#13;<\/p>\n<p>Quatorze mois apr\u00e8s leur chute accidentelle, les ailes du Moulin Rouge vont recommencer \u00e0 tourner jeudi soir, renouant avec une tradition de plus de 135 ans devenue l\u2019un des symboles touristiques de Paris.\u00a0\u00c0 22h45, ces d\u00e9corations, d\u2019un diam\u00e8tre de plus de douze m\u00e8tres, s\u2019animeront dans le ciel de la capitale fran\u00e7aise gr\u00e2ce \u00e0 la mise en marche d\u2019un moteur \u00e9lectrique flambant neuf et r\u00e9alis\u00e9 sur mesure pour le cabaret parisien.<\/p>\n<p>Pour l\u2019occasion, la troupe du Moulin Rouge se produira devant l\u2019\u00e9tablissement, dans une profusion de plumes rouges virevoltantes symbolisant le r\u00e9veil des ailes.\u00a0Le 25 avril 2024, le cabaret immortalis\u00e9 par le peintre Toulouse-Lautrec s\u2019\u00e9tait r\u00e9veill\u00e9 sans ses ailes, tomb\u00e9es dans la nuit sans faire de bless\u00e9s, en raison d\u2019une d\u00e9faillance au niveau de l\u2019axe central, cr\u00e9ant la stupeur parmi les habitants du quartier et au-del\u00e0.<\/p>\n<p>&#13;<br \/>\n&#13;<\/p>\n<p>&#13;<br \/>\n&#13;<\/p>\n<p>Dans leur chute, elles avaient entra\u00een\u00e9 les trois premi\u00e8res lettres du nom du lieu accroch\u00e9es sur sa fa\u00e7ade dans le 18e arrondissement de Paris, au pied de la Butte Montmartre (nord de Paris).<\/p>\n<p>\u00ab\u00a0Le Moulin Rouge a \u00e9t\u00e9 tr\u00e8s \u00e9mu par tous les messages de soutien et de bienveillance du monde entier re\u00e7us \u00e0 la suite de l\u2019\u00e9v\u00e9nement survenu cette nuit-l\u00e0\u00a0\u00bb, avait indiqu\u00e9 la direction du cabaret, connu dans le monde entier et immortalis\u00e9 notamment par le film de Baz Luhrmann en 2001, avec Nicole Kidman.<\/p>\n<p>Rest\u00e9 ouvert depuis l\u2019accident, il est particuli\u00e8rement renomm\u00e9 pour son French Cancan, la danse traditionnelle endiabl\u00e9e des op\u00e9rettes d\u2019Offenbach du d\u00e9but du XIXe si\u00e8cle.<\/p>\n<p>&#13;<br \/>\n&#13;<\/p>\n<p>&#13;<br \/>\n&#13;<br \/>\nQuatre pales rouge et or<\/p>\n<p>Le 5 juillet 2024, une semaine avant le passage de la flamme olympique, le Moulin Rouge avait inaugur\u00e9 quatre nouvelles ailes, m\u00e9lange d\u2019aluminium et d\u2019acier, mais le nouveau moteur n\u00e9cessaire \u00e0 leur rotation n\u2019avait pas \u00e9t\u00e9 pr\u00eat \u00e0 temps.<\/p>\n<p>\u00ab\u00a0Le Moulin sans ses ailes, c\u2019\u00e9tait juste triste\u2026 On a mis tout en \u0153uvre pour les remettre en place. L\u2019id\u00e9e \u00e9tait d\u2019\u00eatre au rendez-vous des Jeux olympiques\u00a0\u00bb, a expliqu\u00e9 son directeur g\u00e9n\u00e9ral Jean-Victor Cl\u00e9rico, \u00e0 la t\u00eate de l\u2019\u00e9tablissement qui attire chaque ann\u00e9e 600.000 visiteurs.\u00a0D\u00e9sormais, elles tourneront chaque jour de 16h \u00e0 2h du matin.<\/p>\n<p>  &#13;<br \/>\n  \u00c0 lire aussi&#13;<br \/>\n  &#13;<\/p>\n<p>  <img decoding=\"async\" class=\"r-img\"  typeof=\"foaf:Image\" src=\"https:\/\/www.europesays.com\/fr\/wp-content\/uploads\/2025\/07\/14228786.jpg\" alt=\"\u00c0 Paris, le Moulin Rouge accueille ses nouvelles ailes\"\/><br \/>\n        <a class=\"r-stories--link\" href=\"https:\/\/www.rtl.be\/actu\/belgique\/faits-divers\/paris-le-moulin-rouge-accueille-ses-nouvelles-ailes\/2024-06-24\/article\/683330\" rel=\"nofollow noopener\" target=\"_blank\">\u00c0 Paris, le Moulin Rouge accueille ses nouvelles ailes<\/a>&#13;<br \/>\n  &#13;<br \/>\n&#13;<\/p>\n<p>Illumin\u00e9es par des centaines d\u2019ampoules rouge et or, d\u00e9sormais des LED basse \u00e9nergie, les ailes du Moulin Rouge ont tourn\u00e9 pour la premi\u00e8re fois le 6 octobre 1889, \u00e0 l\u2019ouverture du cabaret.<\/p>\n<p>Avec ses 90 artistes de 18 nationalit\u00e9s, le cabaret \u00e0 plumes propose deux repr\u00e9sentations 365 soirs par an, dans un tourbillon de plumes, de strass et de paillettes, r\u00e9unissent au total 1.700 spectateurs, dont la moiti\u00e9 d\u2019\u00e9trangers.<\/p>\n<p>&#13;<br \/>\n&#13;<\/p>\n<p>&#13;<br \/>\n&#13;<\/p>\n","protected":false},"excerpt":{"rendered":"Symbole de Paris, les ailes du Moulin Rouge tourneront \u00e0 nouveau apr\u00e8s 14 mois d\u2019arr\u00eat, d\u00e8s ce jeudi&hellip;\n","protected":false},"author":2,"featured_media":239993,"comment_status":"","ping_status":"","sticky":false,"template":"","format":"standard","meta":{"footnotes":""},"categories":[1888],"tags":[29950,1111,1928,11,1927,1777,674,1011,27,12,1926,626,1925,25],"class_list":{"0":"post-239992","1":"post","2":"type-post","3":"status-publish","4":"format-standard","5":"has-post-thumbnail","7":"category-paris","8":"tag-nodefield_freetags","9":"tag-actu","10":"tag-actu-paris","11":"tag-actualites","12":"tag-actualites-paris","13":"tag-eu","14":"tag-europe","15":"tag-fr","16":"tag-france","17":"tag-news","18":"tag-news-paris","19":"tag-paris","20":"tag-paris-news","21":"tag-republique-francaise"},"share_on_mastodon":{"url":"https:\/\/pubeurope.com\/@fr\/114828906541651502","error":""},"_links":{"self":[{"href":"https:\/\/www.europesays.com\/fr\/wp-json\/wp\/v2\/posts\/239992","targetHints":{"allow":["GET"]}}],"collection":[{"href":"https:\/\/www.europesays.com\/fr\/wp-json\/wp\/v2\/posts"}],"about":[{"href":"https:\/\/www.europesays.com\/fr\/wp-json\/wp\/v2\/types\/post"}],"author":[{"embeddable":true,"href":"https:\/\/www.europesays.com\/fr\/wp-json\/wp\/v2\/users\/2"}],"replies":[{"embeddable":true,"href":"https:\/\/www.europesays.com\/fr\/wp-json\/wp\/v2\/comments?post=239992"}],"version-history":[{"count":0,"href":"https:\/\/www.europesays.com\/fr\/wp-json\/wp\/v2\/posts\/239992\/revisions"}],"wp:featuredmedia":[{"embeddable":true,"href":"https:\/\/www.europesays.com\/fr\/wp-json\/wp\/v2\/media\/239993"}],"wp:attachment":[{"href":"https:\/\/www.europesays.com\/fr\/wp-json\/wp\/v2\/media?parent=239992"}],"wp:term":[{"taxonomy":"category","embeddable":true,"href":"https:\/\/www.europesays.com\/fr\/wp-json\/wp\/v2\/categories?post=239992"},{"taxonomy":"post_tag","embeddable":true,"href":"https:\/\/www.europesays.com\/fr\/wp-json\/wp\/v2\/tags?post=239992"}],"curies":[{"name":"wp","href":"https:\/\/api.w.org\/{rel}","templated":true}]}}