{"id":239996,"date":"2025-07-10T12:21:09","date_gmt":"2025-07-10T12:21:09","guid":{"rendered":"https:\/\/www.europesays.com\/fr\/239996\/"},"modified":"2025-07-10T12:21:09","modified_gmt":"2025-07-10T12:21:09","slug":"bac-francais-2025-enfin-les-resultats-pour-paris-creteil-et-versailles","status":"publish","type":"post","link":"https:\/\/www.europesays.com\/fr\/239996\/","title":{"rendered":"Bac fran\u00e7ais 2025\u00a0: enfin les r\u00e9sultats pour Paris, Cr\u00e9teil et Versailles\u00a0!"},"content":{"rendered":"<p class=\"paragraph lpe text_align_left lp-f-body-02\">Apr\u00e8s une attente qui a sembl\u00e9 interminable, les lyc\u00e9ens de premi\u00e8re des acad\u00e9mies de Paris, Cr\u00e9teil et Versailles peuvent enfin souffler : les r\u00e9sultats des \u00e9preuves anticip\u00e9es de fran\u00e7ais sont disponibles depuis 14 heures.<\/p>\n<p class=\"paragraph lpe text_align_left lp-f-body-02\">Les \u00e9l\u00e8ves d\u2019autres acad\u00e9mies ont d\u00e9j\u00e0 pu se faire une id\u00e9e de leur niveau, <a href=\"https:\/\/www.leparisien.fr\/etudiant\/lycee\/bac\/resultats-du-bac-de-francais-2025-les-premiers-resultats-sont-disponibles-57YDHZW2V5BKLLDEJWCY7ZHTNY.php\" target=\"_blank\" rel=\"nofollow noopener\">les premiers r\u00e9sultats du bac fran\u00e7ais ayant \u00e9t\u00e9 partag\u00e9 lundi<\/a> pour la Corse et Nice par exemple\u2026 Les \u00e9l\u00e8ves de premi\u00e8re pour Paris Cr\u00e9teil et Versailles ont d\u00fb prendre leur mal en patience. <\/p>\n<p>Comment consulter vos r\u00e9sultats du bac fran\u00e7ais ?<\/p>\n<p class=\"paragraph lpe text_align_left lp-f-body-02\">Rien de plus simple, maintenant que l\u2019attente est termin\u00e9e :<\/p>\n<ol class=\"margin_bottom_md fs_18_26 fs_20_28_ad purple-number\">\n<li class=\"mb_150 pl_325\">Rendez-vous sur le site officiel Cyclades du Minist\u00e8re &#8211; Site Internet\u00a0: <a href=\"https:\/\/resultats.examens-concours.gouv.fr\/\" target=\"_blank\" rel=\"nofollow noopener\">resultats.examens-concours.gouv.fr<\/a>,<\/li>\n<li class=\"mb_150 pl_325\">S\u00e9lectionner l\u2019examen dans le menu d\u00e9roulant tout en bas\u00a0: \u00ab\u00a0\u00c9preuves anticip\u00e9es du baccalaur\u00e9at\u00a0\u00bb<\/li>\n<li class=\"mb_150 pl_325\">Indiquez votre identifiant et mot de passe (pr\u00e9sent sur votre convocation)<\/li>\n<\/ol>\n<p class=\"paragraph lpe text_align_left lp-f-body-02\">Nous ne publions pas sur notre site ces r\u00e9sultats, car il s\u2019agit de notes interm\u00e9diaires et non de d\u00e9cisions finales pour un examen. Seuls les candidats peuvent conna\u00eetre ces notes.<\/p>\n<p>Pourquoi cette attente ?<\/p>\n<p class=\"paragraph lpe text_align_left lp-f-body-02\">Comme chaque ann\u00e9e, la <a href=\"https:\/\/www.leparisien.fr\/etudiant\/examens\/bac\/resultats-du-bac-francais-les-dates-et-heures-de-publication-des-academies-3DDC346VLVM6DDOIHBITNKJUIU.php\" target=\"_self\" rel=\"nofollow noopener\">publication des r\u00e9sultats du bac de fran\u00e7ais<\/a> se fait de mani\u00e8re \u00e9chelonn\u00e9e. Pour les acad\u00e9mies de Paris, Cr\u00e9teil et Versailles, il faut souvent attendre un peu plus longtemps. Les deniers oraux de fran\u00e7ais ont pu avoir lieu jusqu\u2019au 4 juillet dernier : les jurys de professeurs doivent ensuite se r\u00e9unir avant de valider d\u00e9finitivement les notes et les saisir.<\/p>\n<p class=\"paragraph lpe text_align_left lp-f-body-02\">Une tension palpable, car cette note de fran\u00e7ais compte pour le pr\u00e9cieux s\u00e9same du bac 2026. Pour d\u2019autres \u00e9l\u00e8ves l\u2019attente sera encore plus longue : 7 acad\u00e9mies publieront leurs r\u00e9sultats ce vendredi 11 juillet.<\/p>\n<p>Et apr\u00e8s le bac fran\u00e7ais ?<\/p>\n<p class=\"paragraph lpe text_align_left lp-f-body-02\">Que le r\u00e9sultat soit \u00e0 la hauteur de vos esp\u00e9rances ou non, pas de panique ! Faites vos calculs sur les points d\u2019avance ou de retard que vous avez pour l\u2019an prochain. Ce n\u2019est qu\u2019une \u00e9tape. Profitez bien de vos vacances pour recharger les batteries avant d\u2019attaquer la terminale.<\/p>\n<p class=\"paragraph lpe text_align_left lp-f-body-02\">Et surtout, gardez en t\u00eate que le <a href=\"https:\/\/www.leparisien.fr\/etudiant\/examens\/bac\/bac-francais-GBGVA2DVTZKV7CML5YKAJV7MCM.php\" target=\"_self\" rel=\"nofollow noopener\">bac de fran\u00e7ais<\/a> n\u2019est qu\u2019un \u00e9l\u00e9ment parmi d\u2019autres dans votre parcours scolaire.<\/p>\n","protected":false},"excerpt":{"rendered":"Apr\u00e8s une attente qui a sembl\u00e9 interminable, les lyc\u00e9ens de premi\u00e8re des acad\u00e9mies de Paris, Cr\u00e9teil et Versailles&hellip;\n","protected":false},"author":2,"featured_media":239997,"comment_status":"","ping_status":"","sticky":false,"template":"","format":"standard","meta":{"footnotes":""},"categories":[1888],"tags":[11,3050,1777,674,1011,27,2684,2633,12,626,25],"class_list":{"0":"post-239996","1":"post","2":"type-post","3":"status-publish","4":"format-standard","5":"has-post-thumbnail","7":"category-paris","8":"tag-actualites","9":"tag-bac","10":"tag-eu","11":"tag-europe","12":"tag-fr","13":"tag-france","14":"tag-le-parisien-etudiant","15":"tag-lycee","16":"tag-news","17":"tag-paris","18":"tag-republique-francaise"},"share_on_mastodon":{"url":"https:\/\/pubeurope.com\/@fr\/114828914352924106","error":""},"_links":{"self":[{"href":"https:\/\/www.europesays.com\/fr\/wp-json\/wp\/v2\/posts\/239996","targetHints":{"allow":["GET"]}}],"collection":[{"href":"https:\/\/www.europesays.com\/fr\/wp-json\/wp\/v2\/posts"}],"about":[{"href":"https:\/\/www.europesays.com\/fr\/wp-json\/wp\/v2\/types\/post"}],"author":[{"embeddable":true,"href":"https:\/\/www.europesays.com\/fr\/wp-json\/wp\/v2\/users\/2"}],"replies":[{"embeddable":true,"href":"https:\/\/www.europesays.com\/fr\/wp-json\/wp\/v2\/comments?post=239996"}],"version-history":[{"count":0,"href":"https:\/\/www.europesays.com\/fr\/wp-json\/wp\/v2\/posts\/239996\/revisions"}],"wp:featuredmedia":[{"embeddable":true,"href":"https:\/\/www.europesays.com\/fr\/wp-json\/wp\/v2\/media\/239997"}],"wp:attachment":[{"href":"https:\/\/www.europesays.com\/fr\/wp-json\/wp\/v2\/media?parent=239996"}],"wp:term":[{"taxonomy":"category","embeddable":true,"href":"https:\/\/www.europesays.com\/fr\/wp-json\/wp\/v2\/categories?post=239996"},{"taxonomy":"post_tag","embeddable":true,"href":"https:\/\/www.europesays.com\/fr\/wp-json\/wp\/v2\/tags?post=239996"}],"curies":[{"name":"wp","href":"https:\/\/api.w.org\/{rel}","templated":true}]}}