{"id":240002,"date":"2025-07-10T12:24:11","date_gmt":"2025-07-10T12:24:11","guid":{"rendered":"https:\/\/www.europesays.com\/fr\/240002\/"},"modified":"2025-07-10T12:24:11","modified_gmt":"2025-07-10T12:24:11","slug":"les-etats-unis-suspendent-de-nouveau-les-importations-de-bovins-mexicains-en-raison-du-parasite-ver-de-la-vis","status":"publish","type":"post","link":"https:\/\/www.europesays.com\/fr\/240002\/","title":{"rendered":"Les \u00c9tats-Unis suspendent de nouveau les importations de bovins mexicains en raison du parasite ver de la vis"},"content":{"rendered":"<p>Le d\u00e9partement am\u00e9ricain de l&rsquo;Agriculture (USDA) a une nouvelle fois suspendu les importations de bovins en provenance du Mexique vers les \u00c9tats-Unis, en raison de la propagation du dangereux parasite du b\u00e9tail, le ver de la vis du Nouveau Monde, au Mexique.<\/p>\n<p>Les vers de la vis sont des mouches parasites dont les femelles pondent leurs \u0153ufs dans les plaies d&rsquo;animaux \u00e0 sang chaud, principalement le b\u00e9tail et les animaux sauvages. Une fois \u00e9clos, des centaines de larves de ver de la vis, dot\u00e9es d&rsquo;une bouche ac\u00e9r\u00e9e, s&rsquo;enfoncent dans la chair vivante de leur h\u00f4te, pouvant provoquer sa mort si aucune intervention n&rsquo;est men\u00e9e.<\/p>\n<p>Dans un communiqu\u00e9 publi\u00e9 tard mercredi, l&rsquo;USDA a annonc\u00e9 avoir ordonn\u00e9 la fermeture imm\u00e9diate du commerce de b\u00e9tail via les postes frontaliers du sud, apr\u00e8s la d\u00e9tection du parasite \u00e0 environ 600 kilom\u00e8tres au sud de la fronti\u00e8re, \u00e0 Ixhuatl\u00e1n de Madero, dans l&rsquo;\u00c9tat de Veracruz.<\/p>\n<p>Cette d\u00e9cision marque un revirement rapide, alors que l&rsquo;USDA avait annonc\u00e9 la semaine derni\u00e8re la reprise des importations de bovins mexicains d\u00e8s lundi, via un poste frontalier situ\u00e9 \u00e0 Douglas, en Arizona, dans le cadre d&rsquo;une r\u00e9ouverture progressive de la fronti\u00e8re.<\/p>\n<p>Washington avait suspendu les importations de b\u00e9tail mexicain en mai, apr\u00e8s la d\u00e9tection du ver de la vis du Nouveau Monde dans des exploitations des \u00c9tats de Oaxaca et Veracruz, \u00e0 environ 1\u00a0100 kilom\u00e8tres de la fronti\u00e8re am\u00e9ricaine.<\/p>\n<p>\u00ab\u00a0Nous devons constater des avanc\u00e9es suppl\u00e9mentaires dans la lutte contre le ver de la vis du Nouveau Monde \u00e0 Veracruz et dans d&rsquo;autres \u00c9tats mexicains voisins avant de pouvoir rouvrir les postes frontaliers du sud au commerce de b\u00e9tail\u00a0\u00bb, a d\u00e9clar\u00e9 la secr\u00e9taire de l&rsquo;USDA, Brooke Rollins, dans un communiqu\u00e9.<\/p>\n","protected":false},"excerpt":{"rendered":"Le d\u00e9partement am\u00e9ricain de l&rsquo;Agriculture (USDA) a une nouvelle fois suspendu les importations de bovins en provenance du&hellip;\n","protected":false},"author":2,"featured_media":240003,"comment_status":"","ping_status":"","sticky":false,"template":"","format":"standard","meta":{"footnotes":""},"categories":[1589],"tags":[11,340,73,1866,12,1864,1865,1863,308],"class_list":{"0":"post-240002","1":"post","2":"type-post","3":"status-publish","4":"format-standard","5":"has-post-thumbnail","7":"category-etats-unis","8":"tag-actualites","9":"tag-bourse","10":"tag-etats-unis","11":"tag-etats-unis-damerique","12":"tag-news","13":"tag-united-states","14":"tag-united-states-of-america","15":"tag-us","16":"tag-usa"},"share_on_mastodon":{"url":"https:\/\/pubeurope.com\/@fr\/114828926172923869","error":""},"_links":{"self":[{"href":"https:\/\/www.europesays.com\/fr\/wp-json\/wp\/v2\/posts\/240002","targetHints":{"allow":["GET"]}}],"collection":[{"href":"https:\/\/www.europesays.com\/fr\/wp-json\/wp\/v2\/posts"}],"about":[{"href":"https:\/\/www.europesays.com\/fr\/wp-json\/wp\/v2\/types\/post"}],"author":[{"embeddable":true,"href":"https:\/\/www.europesays.com\/fr\/wp-json\/wp\/v2\/users\/2"}],"replies":[{"embeddable":true,"href":"https:\/\/www.europesays.com\/fr\/wp-json\/wp\/v2\/comments?post=240002"}],"version-history":[{"count":0,"href":"https:\/\/www.europesays.com\/fr\/wp-json\/wp\/v2\/posts\/240002\/revisions"}],"wp:featuredmedia":[{"embeddable":true,"href":"https:\/\/www.europesays.com\/fr\/wp-json\/wp\/v2\/media\/240003"}],"wp:attachment":[{"href":"https:\/\/www.europesays.com\/fr\/wp-json\/wp\/v2\/media?parent=240002"}],"wp:term":[{"taxonomy":"category","embeddable":true,"href":"https:\/\/www.europesays.com\/fr\/wp-json\/wp\/v2\/categories?post=240002"},{"taxonomy":"post_tag","embeddable":true,"href":"https:\/\/www.europesays.com\/fr\/wp-json\/wp\/v2\/tags?post=240002"}],"curies":[{"name":"wp","href":"https:\/\/api.w.org\/{rel}","templated":true}]}}