{"id":240004,"date":"2025-07-10T12:25:12","date_gmt":"2025-07-10T12:25:12","guid":{"rendered":"https:\/\/www.europesays.com\/fr\/240004\/"},"modified":"2025-07-10T12:25:12","modified_gmt":"2025-07-10T12:25:12","slug":"eutelsat-le-royaume-uni-sapprete-a-participer-au-projet-daugmentation-de-capital-10-07-2025-a-1410","status":"publish","type":"post","link":"https:\/\/www.europesays.com\/fr\/240004\/","title":{"rendered":"Eutelsat-Le Royaume-Uni s&rsquo;appr\u00eate \u00e0 participer au projet d&rsquo;augmentation de capital &#8211; 10\/07\/2025 \u00e0 14:10"},"content":{"rendered":"<p>\n Eutelsat Communications SA\n<\/p>\n<p>\n <a href=\"https:\/\/www.boursorama.com\/cours\/1rPETL\/\" rel=\"nofollow noopener\" target=\"_blank\"><br \/>\n  ETL.PA<br \/>\n <\/a><br \/>\n :\n<\/p>\n<p>\n * LE ROYAUME-UNI PR\u00caT \u00c0 PRENDRE PART AU PROJET<br \/>\nD&rsquo;AUGMENTATION DE<br \/>\nCAPITAL ANNONC\u00c9 PAR EUTELSAT LE 19 JUIN 2025, PORTANT LE MONTANT<br \/>\nTOTAL \u00c0 1,5 MILLIARD D&rsquo;EUROS\n<\/p>\n<p>\n * LE GOUVERNEMENT BRITANNIQUE S&rsquo;ENGAGE \u00c0 SOUSCRIRE \u00c0<br \/>\nL&rsquo;AUGMENTATION DE CAPITAL POUR UN MONTANT TOTAL DE 163,3<br \/>\nMILLIONS D&rsquo;EUROS\n<\/p>\n<p>\n * \u00c0 LA SUITE DES DEUX AUGMENTATIONS DE CAPITAL SUSVIS\u00c9ES<br \/>\nL&rsquo;\u00c9TAT<br \/>\nFRAN\u00c7AIS D\u00c9TIENDRAIT UNE PARTICIPATION \u00c0 HAUTEUR DE 29,65% DU<br \/>\nCAPITAL\n<\/p>\n<p>\n * L&rsquo;AUGMENTATION DE CAPITAL R\u00c9SERV\u00c9E ET L&rsquo;AUGMENTATION DE<br \/>\nCAPITAL<br \/>\nAVEC DPS DEVRAIENT \u00caTRE R\u00c9ALIS\u00c9ES D&rsquo;ICI LA FIN DE L&rsquo;ANN\u00c9E 2025\n<\/p>\n<p>\n * LE GOUVERNEMENT BRITANNIQUE D\u00c9TIENDRAIT 10,89% DU CAPITAL\n<\/p>\n<p>\n Texte original<\/p>\n<p> nBw4z8q3ga<\/p>\n<p> Pour plus de d\u00e9tails, cliquez sur  ETL.PA\n<\/p>\n<p>\n (R\u00e9daction de Gdansk)<\/p>\n","protected":false},"excerpt":{"rendered":"Eutelsat Communications SA ETL.PA : * LE ROYAUME-UNI PR\u00caT \u00c0 PRENDRE PART AU PROJET D&rsquo;AUGMENTATION DE CAPITAL ANNONC\u00c9&hellip;\n","protected":false},"author":2,"featured_media":8765,"comment_status":"","ping_status":"","sticky":false,"template":"","format":"standard","meta":{"footnotes":""},"categories":[1588],"tags":[400,11,398,408,405,1777,674,403,402,399,404,12,473,1853,401,406,1851,1850,1852,407],"class_list":{"0":"post-240004","1":"post","2":"type-post","3":"status-publish","4":"format-standard","5":"has-post-thumbnail","7":"category-royaume-uni","8":"tag-action-cac-40","9":"tag-actualites","10":"tag-bourse-de-paris","11":"tag-boursorama","12":"tag-cotations","13":"tag-eu","14":"tag-europe","15":"tag-indices-devises","16":"tag-investir","17":"tag-investissement","18":"tag-marche-boursier","19":"tag-news","20":"tag-royaume-uni","21":"tag-royaume-uni-de-grande-bretagne-et-dirlande-du-nord","22":"tag-sicav","23":"tag-trackers","24":"tag-uk","25":"tag-united-kingdom","26":"tag-united-kingdom-of-great-britain-and-northern-ireland","27":"tag-warrants"},"share_on_mastodon":{"url":"https:\/\/pubeurope.com\/@fr\/114828930254816616","error":""},"_links":{"self":[{"href":"https:\/\/www.europesays.com\/fr\/wp-json\/wp\/v2\/posts\/240004","targetHints":{"allow":["GET"]}}],"collection":[{"href":"https:\/\/www.europesays.com\/fr\/wp-json\/wp\/v2\/posts"}],"about":[{"href":"https:\/\/www.europesays.com\/fr\/wp-json\/wp\/v2\/types\/post"}],"author":[{"embeddable":true,"href":"https:\/\/www.europesays.com\/fr\/wp-json\/wp\/v2\/users\/2"}],"replies":[{"embeddable":true,"href":"https:\/\/www.europesays.com\/fr\/wp-json\/wp\/v2\/comments?post=240004"}],"version-history":[{"count":0,"href":"https:\/\/www.europesays.com\/fr\/wp-json\/wp\/v2\/posts\/240004\/revisions"}],"wp:featuredmedia":[{"embeddable":true,"href":"https:\/\/www.europesays.com\/fr\/wp-json\/wp\/v2\/media\/8765"}],"wp:attachment":[{"href":"https:\/\/www.europesays.com\/fr\/wp-json\/wp\/v2\/media?parent=240004"}],"wp:term":[{"taxonomy":"category","embeddable":true,"href":"https:\/\/www.europesays.com\/fr\/wp-json\/wp\/v2\/categories?post=240004"},{"taxonomy":"post_tag","embeddable":true,"href":"https:\/\/www.europesays.com\/fr\/wp-json\/wp\/v2\/tags?post=240004"}],"curies":[{"name":"wp","href":"https:\/\/api.w.org\/{rel}","templated":true}]}}